{"id":24826,"date":"2018-08-01T16:09:37","date_gmt":"2018-08-01T13:09:37","guid":{"rendered":"http:\/\/www.bbyhaber.com\/bby\/?p=24826"},"modified":"2018-08-01T16:09:37","modified_gmt":"2018-08-01T13:09:37","slug":"mevsimlik-tarim-iscileri-kutuphane-senligi","status":"publish","type":"post","link":"https:\/\/www.bbyhaber.com\/bby\/2018\/08\/01\/mevsimlik-tarim-iscileri-kutuphane-senligi","title":{"rendered":"Mevsimlik Tar\u0131m \u0130\u015f\u00e7ileri \/ K\u00fct\u00fcphane \u015eenli\u011fi"},"content":{"rendered":"<p><strong><a href=\"http:\/\/www.bbyhaber.com\/bby\/wp-content\/uploads\/2018\/08\/mevsimlik-isci-afis-kutuphane-hizmeti.jpg\"><img loading=\"lazy\" decoding=\"async\" class=\"alignleft size-full wp-image-24828\" src=\"http:\/\/www.bbyhaber.com\/bby\/wp-content\/uploads\/2018\/08\/mevsimlik-isci-afis-kutuphane-hizmeti.jpg\" alt=\"\" width=\"390\" height=\"180\" \/><\/a>K\u00fct\u00fcphaneler ve Yay\u0131mlar Genel M\u00fcd\u00fcrl\u00fc\u011f\u00fc<\/strong>nce <strong>mevsimlik tar\u0131m i\u015f\u00e7iler<\/strong>ine ve \u00f6zellikle <strong>\u00e7ocuklar<\/strong>\u0131na y\u00f6nelik e\u011fitim-\u00f6\u011fretimin tamamlay\u0131c\u0131s\u0131 nitelikte olan <strong>k\u00fct\u00fcphane hizmetleri<\/strong>nin sunulmas\u0131 \u00f6nemsenmektedir. Toplumun her kesimine hizmet veren <strong>halk k\u00fct\u00fcphaneleri, gezici k\u00fct\u00fcphaneler<\/strong> ve ge\u00e7ici derme gibi hizmetleri ile belirli nedenlerle k\u00fct\u00fcphaneye gelemeyenlere k\u00fct\u00fcphane hizmetini ula\u015ft\u0131rmaktad\u0131r. Toplumumuzda k\u00fct\u00fcphaneler konusunda dezavantajl\u0131 kesimlerin olu\u015fmamas\u0131 amac\u0131 ile Genel M\u00fcd\u00fcrl\u00fc\u011f\u00fcm\u00fcz mevsimlik tar\u0131m i\u015f\u00e7ilerinin ve \u00e7ocuklar\u0131n\u0131n sosyo-k\u00fclt\u00fcrel taleplerini kar\u015f\u0131layacak hizmetler sunma noktas\u0131nda \u00e7al\u0131\u015fmalar\u0131n\u0131 s\u00fcrd\u00fcrmektedir.<!--more--><\/p>\n<p>Genel M\u00fcd\u00fcrl\u00fc\u011f\u00fcm\u00fcz misyonunda yer alan, dezavantajl\u0131 gruplar\u0131n k\u00fct\u00fcphane hizmetlerine eri\u015fimi ve bilgiye ula\u015f\u0131m\u0131n yayg\u0131nla\u015ft\u0131r\u0131lmas\u0131 kapsam\u0131nda; <strong>3 A\u011fustos 2018 Cuma G\u00fcn\u00fc, Eski\u015fehir \u0130li Mahmudiye \u0130l\u00e7esi<\/strong>&#8216;nde yer alan yakla\u015f\u0131k 100 adet \u00e7ocu\u011fun bulundu\u011fu mevsimlik tar\u0131m i\u015f\u00e7ilerinin ya\u015fad\u0131\u011f\u0131 kampta <strong>1 g\u00fcnl\u00fck K\u00dcT\u00dcPHANE \u015eENL\u0130\u011e\u0130<\/strong> d\u00fczenleyecektir. Kamptaki \u00e7ocuklar\u0131 ve ailelerini k\u00fct\u00fcphane \u00fcyeli\u011fi sa\u011flanarak k\u00fct\u00fcphane kart\u0131 verilecek, gezici k\u00fct\u00fcphanelerden \u00f6d\u00fcn\u00e7 kitap almalar\u0131 sa\u011flanacakt\u0131r. B\u00f6ylece yap\u0131lan \u00e7al\u0131\u015fman\u0131n s\u00fcrd\u00fcr\u00fclebilirli\u011fi sa\u011flan\u0131rken konuya ili\u015fkin aidiyet duygusunun olu\u015fmas\u0131 desteklenecektir.<\/p>\n<p>Genel M\u00fcd\u00fcrl\u00fc\u011f\u00fcm\u00fcz koordinasyonunda kamu kurumlar\u0131, sivil toplum kurulu\u015flar\u0131 ve g\u00f6n\u00fcll\u00fcler i\u015f birli\u011fi ile ger\u00e7ekle\u015ftirilecek \u015fenlikte; 2 adet gezici k\u00fct\u00fcphane arac\u0131 ile \u00e7ocuklar k\u00fct\u00fcphaneler ile tan\u0131\u015facak, uzman masal anlat\u0131c\u0131 e\u015fli\u011finde masallar dinleyecek, Devlet Tiyatrolar\u0131 uzmanlar\u0131 ile \u015fapka at\u00f6lyesine kat\u0131lacak, manevi rehber e\u015fli\u011finde i\u00e7 d\u00fcnyalar\u0131n\u0131 besleyecek, Psikologlar e\u015fli\u011finde akran zorbal\u0131\u011f\u0131 ve cinsel istismar konular\u0131nda temel bilgiler edinirken, Ankara \u00dcniversitesi\u2019nden konunun uzman\u0131 hocalar\u0131m\u0131z ile giri\u015fimcilik e\u011fitimi alacak, ressam robotlar tasarlay\u0131p, \u00c7ocuk Oyunlar\u0131 ve Spor Kul\u00fcpleri Federasyonu ile oyunlardan oyunlara ko\u015facaklar\u2026. Bunun yan\u0131nda; Yunus Emre Enstit\u00fcs\u00fc taraf\u0131ndan kampta ya\u015fayan toplumun T\u00fcrk\u00e7e bilgisi analiz edilecek ve \u00f6zellikle okul \u00f6ncesi d\u00f6nem \u00e7ocuklar\u0131n ve annelerinin T\u00fcrk\u00e7e konu\u015fmas\u0131n\u0131 destekleyici materyaller da\u011f\u0131t\u0131lacakt\u0131r. Elma Yay\u0131nevi uzmanlar\u0131 taraf\u0131ndan \u201ckitab\u0131n yolculu\u011fu\u201d anlat\u0131lacak ve \u00e7ocuklara s\u00fcrpriz kitaplar hediye edilecektir. Kampta ya\u015fayan \u00e7ocuklar\u0131n manevi de\u011ferlerini desteklemek amac\u0131yla Diyanet \u0130\u015fleri Ba\u015fkanl\u0131\u011f\u0131nca Kuran-\u0131 Kerim ve Meali ile dini de\u011ferler serisi \u00e7ocuklara da\u011f\u0131t\u0131lacakt\u0131r.<\/p>\n<p>Birbirinden farkl\u0131 etkinliklerin yer alaca\u011f\u0131 \u015fenlikte son olarak \u201cHayallerini \u00d6zg\u00fcr B\u0131rak\u201d slogan\u0131 ile g\u00f6ky\u00fcz\u00fc rengarenk u\u00e7urtmalar ile dolacakt\u0131r.<\/p>\n<p>Ayr\u0131ca; Genel M\u00fcd\u00fcrl\u00fc\u011f\u00fcm\u00fcz taraf\u0131ndan, kampta ya\u015fayan (yakla\u015f\u0131k 100 adet ve her ya\u015f grubundan) \u00e7ocuklar i\u00e7in yard\u0131m kampanyas\u0131 d\u00fczenlenmekte olup, siz de bir \u00e7ocu\u011fun y\u00fcz\u00fcndeki g\u00fcl\u00fcmseme olmak isterseniz kitap, oyuncak ve giyecek ba\u011f\u0131\u015flar\u0131n\u0131 2 A\u011fustos 2018 Per\u015fembe G\u00fcn\u00fc&#8217;ne kadar K\u00fct\u00fcphaneler ve Yay\u0131mlar Genel M\u00fcd\u00fcrl\u00fc\u011f\u00fc Okuyucu Hizmetleri \u015eube M\u00fcd\u00fcrl\u00fc\u011f\u00fc\u2019ne ula\u015ft\u0131rabilirsiniz.<\/p>\n<p>Kamuoyuna sayg\u0131lar\u0131m\u0131zla duyurulur.<\/p>\n","protected":false},"excerpt":{"rendered":"<p>K\u00fct\u00fcphaneler ve Yay\u0131mlar Genel M\u00fcd\u00fcrl\u00fc\u011f\u00fcnce mevsimlik tar\u0131m i\u015f\u00e7ilerine ve \u00f6zellikle \u00e7ocuklar\u0131na y\u00f6nelik e\u011fitim-\u00f6\u011fretimin tamamlay\u0131c\u0131s\u0131 nitelikte olan k\u00fct\u00fcphane hizmetlerinin sunulmas\u0131 \u00f6nemsenmektedir. Toplumun her kesimine hizmet veren halk k\u00fct\u00fcphaneleri, gezici k\u00fct\u00fcphaneler ve ge\u00e7ici derme gibi hizmetleri ile belirli nedenlerle k\u00fct\u00fcphaneye gelemeyenlere k\u00fct\u00fcphane hizmetini ula\u015ft\u0131rmaktad\u0131r. Toplumumuzda k\u00fct\u00fcphaneler konusunda dezavantajl\u0131 kesimlerin olu\u015fmamas\u0131 amac\u0131 ile Genel M\u00fcd\u00fcrl\u00fc\u011f\u00fcm\u00fcz mevsimlik tar\u0131m i\u015f\u00e7ilerinin [&hellip;]<\/p>\n","protected":false},"author":1,"featured_media":24828,"comment_status":"open","ping_status":"open","sticky":false,"template":"","format":"standard","meta":{"footnotes":""},"categories":[1],"tags":[],"class_list":["post-24826","post","type-post","status-publish","format-standard","has-post-thumbnail","hentry","category-genel"],"_links":{"self":[{"href":"https:\/\/www.bbyhaber.com\/bby\/wp-json\/wp\/v2\/posts\/24826"}],"collection":[{"href":"https:\/\/www.bbyhaber.com\/bby\/wp-json\/wp\/v2\/posts"}],"about":[{"href":"https:\/\/www.bbyhaber.com\/bby\/wp-json\/wp\/v2\/types\/post"}],"author":[{"embeddable":true,"href":"https:\/\/www.bbyhaber.com\/bby\/wp-json\/wp\/v2\/users\/1"}],"replies":[{"embeddable":true,"href":"https:\/\/www.bbyhaber.com\/bby\/wp-json\/wp\/v2\/comments?post=24826"}],"version-history":[{"count":2,"href":"https:\/\/www.bbyhaber.com\/bby\/wp-json\/wp\/v2\/posts\/24826\/revisions"}],"predecessor-version":[{"id":24833,"href":"https:\/\/www.bbyhaber.com\/bby\/wp-json\/wp\/v2\/posts\/24826\/revisions\/24833"}],"wp:featuredmedia":[{"embeddable":true,"href":"https:\/\/www.bbyhaber.com\/bby\/wp-json\/wp\/v2\/media\/24828"}],"wp:attachment":[{"href":"https:\/\/www.bbyhaber.com\/bby\/wp-json\/wp\/v2\/media?parent=24826"}],"wp:term":[{"taxonomy":"category","embeddable":true,"href":"https:\/\/www.bbyhaber.com\/bby\/wp-json\/wp\/v2\/categories?post=24826"},{"taxonomy":"post_tag","embeddable":true,"href":"https:\/\/www.bbyhaber.com\/bby\/wp-json\/wp\/v2\/tags?post=24826"}],"curies":[{"name":"wp","href":"https:\/\/api.w.org\/{rel}","templated":true}]}}