{"id":24803,"date":"2018-07-31T12:42:53","date_gmt":"2018-07-31T09:42:53","guid":{"rendered":"http:\/\/www.bbyhaber.com\/bby\/?p=24803"},"modified":"2018-07-31T12:43:25","modified_gmt":"2018-07-31T09:43:25","slug":"biz-bu-yaz-kutuphanedeyiz-bizbuyazkutuphanedeyiz","status":"publish","type":"post","link":"https:\/\/www.bbyhaber.com\/bby\/2018\/07\/31\/biz-bu-yaz-kutuphanedeyiz-bizbuyazkutuphanedeyiz","title":{"rendered":"Biz Bu Yaz K\u00fct\u00fcphanedeyiz #bizbuyazk\u00fct\u00fcphanedeyiz"},"content":{"rendered":"<p><a href=\"http:\/\/www.bbyhaber.com\/bby\/wp-content\/uploads\/2018\/07\/minikler-kutuphane-ve-kitaplarla-tanisti.jpg\"><img loading=\"lazy\" decoding=\"async\" class=\"alignleft size-full wp-image-24804\" src=\"http:\/\/www.bbyhaber.com\/bby\/wp-content\/uploads\/2018\/07\/minikler-kutuphane-ve-kitaplarla-tanisti.jpg\" alt=\"\" width=\"390\" height=\"180\" \/><\/a><a href=\"http:\/\/www.nilufer.bel.tr\/kutuphane\" target=\"_blank\" rel=\"noopener\">Nil\u00fcfer Belediyesi<\/a>\u2019nin, \u00e7ocuklar\u0131, kitaplarla bulu\u015fturma amac\u0131yla d\u00fczenledi\u011fi \u201cBiz Bu Yaz K\u00fct\u00fcphanedeyiz\u201d etkinli\u011fi \u015fenlikle sona erdi. Bir ay boyunca k\u00fct\u00fcphanelerde d\u00fczenlenen etkinliklere kat\u0131lan 6 ya\u015f grubundaki 113 \u00e7ocuk ve 84 ebeveyn sertifikalar\u0131n\u0131 ald\u0131.<!--more--><\/p>\n<p>Nil\u00fcfer Belediyesi\u2019nin bu y\u0131l <strong>sekizincisini ger\u00e7ekle\u015ftirdi\u011fi<\/strong> \u201c<strong>Biz Bu Yaz K\u00fct\u00fcphanedeyiz<\/strong>\u201d etkinli\u011fi, \u00c7aml\u0131ca Mahallesi\u2019nde bulunan Ya\u015far Kemal Orman\u0131\u2019nda d\u00fczenlenen \u015fenlikle sona erdi. Bir ay s\u00fcren \u201cBiz Bu Yaz K\u00fct\u00fcphanedeyiz\u201d etkinli\u011fi kapsam\u0131nda \u00dc\u00e7evler, \u00c7al\u0131, Demirci, Kayapa, 30 A\u011fustos Zafer, G\u00fcm\u00fc\u015ftepe ve Ahmet Yesevi Mahallesi\u2019ndeki \u00e7ocuklar ebeveynleriyle birlikte k\u00fct\u00fcphanelerde d\u00fczenlenen etkinliklere kat\u0131ld\u0131. K\u00fct\u00fcphane ve kitaplarla tan\u0131\u015fan \u00e7ocuklar, dev kitap okuma, boyama, yarat\u0131c\u0131 drama, duyusal fark\u0131ndal\u0131k at\u00f6lyeleri, masal at\u00f6lyesi, psikolog oturumu gibi etkinliklere kat\u0131larak keyifli zaman ge\u00e7irdi.<\/p>\n<p>6 ya\u015f grubundaki \u00e7ocuklar\u0131n ebeveynleri de Nil\u00fcfer Belediyesi \u00dc\u00e7evler K\u00fct\u00fcphanesi, Demirci K\u00fct\u00fcphanesi ve Misi \u00c7ocuk K\u00fct\u00fcphanesi\u2019nde etkinlik kapsam\u0131nda kitaplarla bulu\u015fup, okuma ser\u00fcvenine kat\u0131ld\u0131. Ebeveynler ayr\u0131ca uzman psikolog e\u015fli\u011finde okul \u00f6ncesi \u00e7ocuk ve ebeveyn destek program\u0131na dahil olurken, Drama At\u00f6lyesi\u2019nde \u00e7ocuklar\u0131yla oyunlar oynayarak e\u011flendi. Etkinlik kapsam\u0131nda d\u00fczenlenen Duyu Geli\u015fimi At\u00f6lyesi\u2019ne de kat\u0131lan \u00e7ocuklar duyu fark\u0131ndal\u0131klar\u0131 kazand\u0131. Ebeveynler de Fark\u0131ndal\u0131k At\u00f6lyesine kat\u0131larak beden, nefes ve zihin fark\u0131ndal\u0131klar\u0131n\u0131 artt\u0131rd\u0131.<br \/>\nNil\u00fcfer\u2019deki k\u00fct\u00fcphanelerde ger\u00e7ekle\u015fen bulu\u015fmalar sonunda \u00e7ocuklara Bar\u0131\u015fla G\u00fcl\u00fcmseyen \u00dclkeler, Bar\u0131\u015f G\u00fczel \u015eey, Dokuz Korkusuz Kafadar, Bir K\u0131\u015f Gecesi, Karde\u015fim, Kedi Adas\u0131 kitab\u0131, ebeveynlere de \u015eebnem Soysal Acar\u2019\u0131n 1 \u00c7ocuk 1 Sorun 1 \u00c7\u00f6z\u00fcm kitab\u0131 arma\u011fan edildi.<\/p>\n<p>SERT\u0130F\u0130KA ALDILAR<br \/>\n\u201cBiz Bu Yaz K\u00fct\u00fcphanedeyiz\u201d etkinli\u011finin son g\u00fcn\u00fcnde de minikler ebeveynleriyle birlikte Ya\u015far Kemal Orman\u0131\u2019nda d\u00fczenlenen \u015fenlikte g\u00f6n\u00fcllerince e\u011flendi. Nil\u00fcfer Belediye Ba\u015fkan\u0131 Mustafa Bozbey ad\u0131na \u015fenli\u011fe kat\u0131lan Nil\u00fcfer Belediye Ba\u015fkan Vekili Pelin Sevgi, \u201cKitap okumak insana b\u00fcy\u00fck de\u011fer katar. Kitap okuyanlar her zaman mutlu olurlar. K\u00fct\u00fcphanelerimiz kitap okuma al\u0131\u015fkanl\u0131\u011f\u0131n\u0131 yayg\u0131nla\u015ft\u0131rmak ad\u0131na \u00e7al\u0131\u015fmalar y\u00fcr\u00fct\u00fcyor. Sizlerin bu projelere destek vermesi bizleri daha \u00e7ok mutlu edecektir. Projeye destek verdi\u011finiz i\u00e7in ailelere de Ba\u015fkan\u0131m\u0131z Mustafa Bozbey ad\u0131na te\u015fekk\u00fcr ediyorum\u201d diye konu\u015ftu.<\/p>\n<p>\u0130K\u0130 B\u0130N K\u0130\u015e\u0130 PROJEDEN YARARLANDI<br \/>\nNil\u00fcfer Belediyesi K\u00fct\u00fcphane M\u00fcd\u00fcr\u00fc \u015eafak Pala, proje kapsam\u0131nda bug\u00fcne kadar 2 bin ki\u015fiyle bir araya geldiklerini ifade ederek, \u201cProje sayesinde 2 bin yeni \u00fcyemiz oldu. Nil\u00fcfer Belediyesi b\u00fcnyesinde 5 k\u00fct\u00fcphanemiz var. Hepsinin kap\u0131lar\u0131 sizlere a\u00e7\u0131k. E\u011fitim hayat\u0131 \u00e7ocuk ve ailelerin en heyecan duydu\u011fu d\u00f6nemdir. Biz bu heyecana ortak olmak i\u00e7in etkinlikler yap\u0131yoruz\u201d dedi.<br \/>\nKonu\u015fmalar\u0131n ard\u0131ndan Nil\u00fcfer Belediye Ba\u015fkan Vekili Pelin Sevgi, bir ay boyunca \u201cBiz Bu Yaz K\u00fct\u00fcphanedeyiz\u201d etkinli\u011fine kat\u0131lan miniklere ve ebeveynlerine sertifikalar\u0131n\u0131 verdi. Sertifikalar\u0131n\u0131 alan \u00e7ocuklar, d\u00fczenlenen etkinlikte G\u00f6n\u00fcl Yeprem ve orkestras\u0131n\u0131n \u015fark\u0131lar\u0131 e\u015fli\u011finde dans ederek g\u00f6n\u00fcllerince e\u011flendi. \u015eenlikte, projeye katk\u0131 koyan muhtarlara da te\u015fekk\u00fcr belgesi verildi.<\/p>\n<p><a href=\"http:\/\/www.okumaajansi.com\" target=\"_blank\" rel=\"noopener\">Kaynak<\/a><\/p>\n","protected":false},"excerpt":{"rendered":"<p>Nil\u00fcfer Belediyesi\u2019nin, \u00e7ocuklar\u0131, kitaplarla bulu\u015fturma amac\u0131yla d\u00fczenledi\u011fi \u201cBiz Bu Yaz K\u00fct\u00fcphanedeyiz\u201d etkinli\u011fi \u015fenlikle sona erdi. Bir ay boyunca k\u00fct\u00fcphanelerde d\u00fczenlenen etkinliklere kat\u0131lan 6 ya\u015f grubundaki 113 \u00e7ocuk ve 84 ebeveyn sertifikalar\u0131n\u0131 ald\u0131.<\/p>\n","protected":false},"author":1,"featured_media":24804,"comment_status":"open","ping_status":"open","sticky":false,"template":"","format":"standard","meta":{"footnotes":""},"categories":[],"tags":[1451,788],"class_list":["post-24803","post","type-post","status-publish","format-standard","has-post-thumbnail","hentry","tag-belediye-kutuphaneleri","tag-biz-bu-yaz-kutuphanedeyiz"],"_links":{"self":[{"href":"https:\/\/www.bbyhaber.com\/bby\/wp-json\/wp\/v2\/posts\/24803"}],"collection":[{"href":"https:\/\/www.bbyhaber.com\/bby\/wp-json\/wp\/v2\/posts"}],"about":[{"href":"https:\/\/www.bbyhaber.com\/bby\/wp-json\/wp\/v2\/types\/post"}],"author":[{"embeddable":true,"href":"https:\/\/www.bbyhaber.com\/bby\/wp-json\/wp\/v2\/users\/1"}],"replies":[{"embeddable":true,"href":"https:\/\/www.bbyhaber.com\/bby\/wp-json\/wp\/v2\/comments?post=24803"}],"version-history":[{"count":2,"href":"https:\/\/www.bbyhaber.com\/bby\/wp-json\/wp\/v2\/posts\/24803\/revisions"}],"predecessor-version":[{"id":24806,"href":"https:\/\/www.bbyhaber.com\/bby\/wp-json\/wp\/v2\/posts\/24803\/revisions\/24806"}],"wp:featuredmedia":[{"embeddable":true,"href":"https:\/\/www.bbyhaber.com\/bby\/wp-json\/wp\/v2\/media\/24804"}],"wp:attachment":[{"href":"https:\/\/www.bbyhaber.com\/bby\/wp-json\/wp\/v2\/media?parent=24803"}],"wp:term":[{"taxonomy":"category","embeddable":true,"href":"https:\/\/www.bbyhaber.com\/bby\/wp-json\/wp\/v2\/categories?post=24803"},{"taxonomy":"post_tag","embeddable":true,"href":"https:\/\/www.bbyhaber.com\/bby\/wp-json\/wp\/v2\/tags?post=24803"}],"curies":[{"name":"wp","href":"https:\/\/api.w.org\/{rel}","templated":true}]}}