{"id":2480,"date":"2012-02-07T11:20:45","date_gmt":"2012-02-07T11:20:45","guid":{"rendered":"http:\/\/www.bbyhaber.com\/bby\/?p=2480"},"modified":"2013-02-17T22:43:04","modified_gmt":"2013-02-17T20:43:04","slug":"kutuphane-ve-arastirma-merkezi-yerine-vekile-rezidans-gibi-odalar","status":"publish","type":"post","link":"https:\/\/www.bbyhaber.com\/bby\/2012\/02\/07\/kutuphane-ve-arastirma-merkezi-yerine-vekile-rezidans-gibi-odalar","title":{"rendered":"K\u00fct\u00fcphane ve ara\u015ft\u0131rma merkezi yerine, vekillere rezidans gibi odalar"},"content":{"rendered":"<p style=\"text-align: justify;\">Meclis kamp\u00fcs\u00fc i\u00e7inde b\u00fcy\u00fck bir k\u00fct\u00fcphane ve ara\u015ft\u0131rma merkezi kurulmas\u0131 i\u00e7in proje haz\u0131rland\u0131. Ancak milletvekilleri &#8220;K\u00fct\u00fcphaneden ara\u015ft\u0131rma merkezinden \u00f6nce bizlere do\u011fru d\u00fcr\u00fcst oda yapt\u0131r\u0131n. Odalar\u0131m\u0131z k\u00fc\u00e7\u00fck, \u00e7al\u0131\u015fma ko\u015fullar\u0131m\u0131z a\u011f\u0131r. Rahatl\u0131kla \u00e7al\u0131\u015faca\u011f\u0131m\u0131z ak\u0131ll\u0131 ofisler yap\u0131lmal\u0131&#8221; diye bast\u0131rd\u0131. \u0130stirahat edememekten ve g\u00fcnd\u00fczleri du\u015f alamamaktan yak\u0131nan vekiller i\u00e7in proje de\u011fi\u015ftirildi ve &#8220;ak\u0131ll\u0131 oda&#8221; yapt\u0131r\u0131lmaya ba\u015fland\u0131.<!--more--><\/p>\n<p style=\"text-align: justify;\">BANYO YAPAB\u0130LECEKLER<\/p>\n<p style=\"text-align: justify;\">\u00c7evre ve \u015eehircilik Bakanl\u0131\u011f\u0131 Yap\u0131 \u0130\u015fleri Genel M\u00fcd\u00fcrl\u00fc\u011f\u00fc taraf\u0131ndan yapt\u0131r\u0131lan ak\u0131ll\u0131 ofislerde her t\u00fcrl\u00fc konfor d\u00fc\u015f\u00fcn\u00fcld\u00fc. Yorulan vekil ofisinde \u00e7ek-yat\u0131n\u0131 a\u00e7\u0131p uyuyabilecek. Odada \u00f6zel banyo ve tuvalet de olacak. 40 metrekarelik odalar\u0131n giri\u015fi dokunmatik olacak ve daha \u00f6nce giri\u015f onay\u0131 verilmemi\u015f ki\u015filer kap\u0131y\u0131 a\u00e7amayacak. Milletvekillerinin sekreter ve dan\u0131\u015fman\u0131 da ayn\u0131 odada oturacak.<\/p>\n<p style=\"text-align: justify;\">ERKEN TESL\u0130M ED\u0130LECEK<\/p>\n<p style=\"text-align: justify;\">Milletvekilleri temeli ge\u00e7en may\u0131s ay\u0131nda at\u0131lan ve 2013&#8217;te tamamlanmas\u0131 planlanan &#8220;ak\u0131ll\u0131 ofisler&#8221;in daha erken teslim edilmesi i\u00e7in \u00e7aba g\u00f6sterdi. O \u00e7abalar sonu\u00e7 verdi ve bu y\u0131l sonuna tamamlanmas\u0131 \u00f6ng\u00f6r\u00fcld\u00fc. Mekanik tasar\u0131m\u0131n\u0131 G\u00fcrmen M\u00fchendislik&#8217;in yapt\u0131\u011f\u0131 ana m\u00fcteahhitli\u011fini Ha\u015femo\u011flu firmas\u0131n\u0131n, mekanik ta\u015feronlu\u011funu ise Birlik Grup firmalar\u0131n\u0131n \u00fcstlendi\u011fi b\u00fcy\u00fck projede Alarko Carrier markal\u0131 35 adet \u0131s\u0131 geri kazan\u0131ml\u0131 klima santrali, 4 adet so\u011futma grubu, 20 adet so\u011fuk oda cihaz\u0131, bin 615 adet Fan Coil \u00fcnitesi kullan\u0131lacak. Projenin toplam maliyeti yakla\u015f\u0131k 110 milyon lira.<\/p>\n<p style=\"text-align: justify;\">3 B\u0130N METREKAREYE YAYILDI<\/p>\n<p style=\"text-align: justify;\">Toplam 19 bloktan olu\u015fan &#8220;ak\u0131ll\u0131 ve \u00e7evre dostu ye\u015fil&#8221; binalarda 521 milletvekili oturma odas\u0131, 12 komisyon ba\u015fkan\u0131 odas\u0131, 1 adet 500 ki\u015filik b\u00fcy\u00fck toplant\u0131 salonu, 7 komisyon toplant\u0131 salonu, 2 uluslararas\u0131 komisyon toplant\u0131 salonu, 4 ziyaret\u00e7i kabul salonu, 1 bas\u0131n toplant\u0131s\u0131 odas\u0131, 3 yemek salonu, doktor muayene odas\u0131, ar\u015fiv, mescit, depo, muhtelif oda, 600 metrekare ticari alan, 21 ara\u00e7l\u0131k a\u00e7\u0131k otopark, 568 ara\u00e7l\u0131k kapal\u0131 otopark bulunacak.<\/p>\n<p style=\"text-align: justify;\">Kaynak: http:\/\/www.gercekgundem.com\/<\/p>\n","protected":false},"excerpt":{"rendered":"<p>Meclis kamp\u00fcs\u00fc i\u00e7inde b\u00fcy\u00fck bir k\u00fct\u00fcphane ve ara\u015ft\u0131rma merkezi kurulmas\u0131 i\u00e7in proje haz\u0131rland\u0131. Ancak milletvekilleri &#8220;K\u00fct\u00fcphaneden ara\u015ft\u0131rma merkezinden \u00f6nce bizlere do\u011fru d\u00fcr\u00fcst oda yapt\u0131r\u0131n. Odalar\u0131m\u0131z k\u00fc\u00e7\u00fck, \u00e7al\u0131\u015fma ko\u015fullar\u0131m\u0131z a\u011f\u0131r. Rahatl\u0131kla \u00e7al\u0131\u015faca\u011f\u0131m\u0131z ak\u0131ll\u0131 ofisler yap\u0131lmal\u0131&#8221; diye bast\u0131rd\u0131. \u0130stirahat edememekten ve g\u00fcnd\u00fczleri du\u015f alamamaktan yak\u0131nan vekiller i\u00e7in proje de\u011fi\u015ftirildi ve &#8220;ak\u0131ll\u0131 oda&#8221; yapt\u0131r\u0131lmaya ba\u015fland\u0131.<\/p>\n","protected":false},"author":1,"featured_media":0,"comment_status":"open","ping_status":"open","sticky":false,"template":"","format":"standard","meta":{"footnotes":""},"categories":[1],"tags":[],"class_list":["post-2480","post","type-post","status-publish","format-standard","hentry","category-genel"],"_links":{"self":[{"href":"https:\/\/www.bbyhaber.com\/bby\/wp-json\/wp\/v2\/posts\/2480"}],"collection":[{"href":"https:\/\/www.bbyhaber.com\/bby\/wp-json\/wp\/v2\/posts"}],"about":[{"href":"https:\/\/www.bbyhaber.com\/bby\/wp-json\/wp\/v2\/types\/post"}],"author":[{"embeddable":true,"href":"https:\/\/www.bbyhaber.com\/bby\/wp-json\/wp\/v2\/users\/1"}],"replies":[{"embeddable":true,"href":"https:\/\/www.bbyhaber.com\/bby\/wp-json\/wp\/v2\/comments?post=2480"}],"version-history":[{"count":0,"href":"https:\/\/www.bbyhaber.com\/bby\/wp-json\/wp\/v2\/posts\/2480\/revisions"}],"wp:attachment":[{"href":"https:\/\/www.bbyhaber.com\/bby\/wp-json\/wp\/v2\/media?parent=2480"}],"wp:term":[{"taxonomy":"category","embeddable":true,"href":"https:\/\/www.bbyhaber.com\/bby\/wp-json\/wp\/v2\/categories?post=2480"},{"taxonomy":"post_tag","embeddable":true,"href":"https:\/\/www.bbyhaber.com\/bby\/wp-json\/wp\/v2\/tags?post=2480"}],"curies":[{"name":"wp","href":"https:\/\/api.w.org\/{rel}","templated":true}]}}