{"id":24795,"date":"2018-07-31T09:33:39","date_gmt":"2018-07-31T06:33:39","guid":{"rendered":"http:\/\/www.bbyhaber.com\/bby\/?p=24795"},"modified":"2018-07-31T09:34:14","modified_gmt":"2018-07-31T06:34:14","slug":"konya-il-halk-kutuphanesi-7-24-hizmet-verecek","status":"publish","type":"post","link":"https:\/\/www.bbyhaber.com\/bby\/2018\/07\/31\/konya-il-halk-kutuphanesi-7-24-hizmet-verecek","title":{"rendered":"Konya \u0130l Halk K\u00fct\u00fcphanesi 7\/24 hizmet verecek"},"content":{"rendered":"<p><a href=\"http:\/\/www.bbyhaber.com\/bby\/wp-content\/uploads\/2018\/07\/konya_il_halk_kutuphanesi_hic_kapanmayacak.jpg\"><img loading=\"lazy\" decoding=\"async\" class=\"alignleft size-full wp-image-24796\" src=\"http:\/\/www.bbyhaber.com\/bby\/wp-content\/uploads\/2018\/07\/konya_il_halk_kutuphanesi_hic_kapanmayacak.jpg\" alt=\"\" width=\"380\" height=\"190\" \/><\/a>Yap\u0131lan a\u00e7\u0131klamada, &#8220;K\u00fct\u00fcphanelerin hayat\u0131m\u0131z\u0131n i\u00e7inde daha fazla yer edinmesine katk\u0131 sa\u011flamas\u0131 \u00fcmidiyle Valilik Makam\u0131ndan al\u0131nan 27.07.2018 tarih<!--more--> ve 26131666-200\/370159 say\u0131l\u0131 olur yaz\u0131s\u0131 ile 30.07.2018 tarihi itibari ile kullan\u0131c\u0131lar\u0131na 7\/24 hizmet vermeye ba\u015flam\u0131\u015ft\u0131r.&#8221; ifadelerine yer verildi.<br \/>\n<a href=\"http:\/\/konhaber.com\" target=\"_blank\" rel=\"noopener\">Kaynak<\/a><\/p>\n","protected":false},"excerpt":{"rendered":"<p>Yap\u0131lan a\u00e7\u0131klamada, &#8220;K\u00fct\u00fcphanelerin hayat\u0131m\u0131z\u0131n i\u00e7inde daha fazla yer edinmesine katk\u0131 sa\u011flamas\u0131 \u00fcmidiyle Valilik Makam\u0131ndan al\u0131nan 27.07.2018 tarih<\/p>\n","protected":false},"author":1,"featured_media":24796,"comment_status":"open","ping_status":"open","sticky":false,"template":"","format":"standard","meta":{"footnotes":""},"categories":[1530,1],"tags":[],"class_list":["post-24795","post","type-post","status-publish","format-standard","has-post-thumbnail","hentry","category-7-24-kutuphane-hizmeti","category-genel"],"_links":{"self":[{"href":"https:\/\/www.bbyhaber.com\/bby\/wp-json\/wp\/v2\/posts\/24795"}],"collection":[{"href":"https:\/\/www.bbyhaber.com\/bby\/wp-json\/wp\/v2\/posts"}],"about":[{"href":"https:\/\/www.bbyhaber.com\/bby\/wp-json\/wp\/v2\/types\/post"}],"author":[{"embeddable":true,"href":"https:\/\/www.bbyhaber.com\/bby\/wp-json\/wp\/v2\/users\/1"}],"replies":[{"embeddable":true,"href":"https:\/\/www.bbyhaber.com\/bby\/wp-json\/wp\/v2\/comments?post=24795"}],"version-history":[{"count":2,"href":"https:\/\/www.bbyhaber.com\/bby\/wp-json\/wp\/v2\/posts\/24795\/revisions"}],"predecessor-version":[{"id":24798,"href":"https:\/\/www.bbyhaber.com\/bby\/wp-json\/wp\/v2\/posts\/24795\/revisions\/24798"}],"wp:featuredmedia":[{"embeddable":true,"href":"https:\/\/www.bbyhaber.com\/bby\/wp-json\/wp\/v2\/media\/24796"}],"wp:attachment":[{"href":"https:\/\/www.bbyhaber.com\/bby\/wp-json\/wp\/v2\/media?parent=24795"}],"wp:term":[{"taxonomy":"category","embeddable":true,"href":"https:\/\/www.bbyhaber.com\/bby\/wp-json\/wp\/v2\/categories?post=24795"},{"taxonomy":"post_tag","embeddable":true,"href":"https:\/\/www.bbyhaber.com\/bby\/wp-json\/wp\/v2\/tags?post=24795"}],"curies":[{"name":"wp","href":"https:\/\/api.w.org\/{rel}","templated":true}]}}