{"id":24756,"date":"2018-07-26T11:41:40","date_gmt":"2018-07-26T08:41:40","guid":{"rendered":"http:\/\/www.bbyhaber.com\/bby\/?p=24756"},"modified":"2019-10-14T08:27:57","modified_gmt":"2019-10-14T05:27:57","slug":"turkiyede-halk-kutuphanelerinin-7-24-hizmet-vermesi-konusu","status":"publish","type":"post","link":"https:\/\/www.bbyhaber.com\/bby\/2018\/07\/26\/turkiyede-halk-kutuphanelerinin-7-24-hizmet-vermesi-konusu","title":{"rendered":"T\u00fcrkiye\u2019de Halk K\u00fct\u00fcphanelerinin 7\/24 Hizmet Vermesi Konusu | Prof. Dr. B\u00fclent Y\u0131lmaz"},"content":{"rendered":"<p>[avatar user=&#8221;bulentyilmaz&#8221; \/]<a href=\"http:\/\/www.bbyhaber.com\/bby\/author\/bulentyilmaz\"><br \/>\nProf.Dr.B\u00fclent YILMAZ<\/a><br \/>\n<strong>Hacettepe \u00dcniversitesi BBY B\u00f6l\u00fcm\u00fc \u00d6\u011fretim \u00dcyesi<\/strong><\/p>\n<p><a href=\"http:\/\/www.bbyhaber.com\/bby\/wp-content\/uploads\/2018\/07\/7-24-kutuphanee-by.jpg\"><img loading=\"lazy\" decoding=\"async\" class=\"alignleft size-full wp-image-24767\" src=\"http:\/\/www.bbyhaber.com\/bby\/wp-content\/uploads\/2018\/07\/7-24-kutuphanee-by.jpg\" alt=\"\" width=\"390\" height=\"180\" \/><\/a>Bir s\u00fcredir g\u00fcndemde olan ve \u00f6zellikle <strong>halk k\u00fct\u00fcphanecisi<\/strong> meslekta\u015flarla konu\u015ftu\u011fumuzda hemen tart\u0131\u015fmak istedikleri konu \u201c<strong>halk k\u00fct\u00fcphanelerinin 7\/24 (7 g\u00fcn 24 saat) a\u00e7\u0131k kal\u0131p kalmamas\u0131.<\/strong>\u201d Baz\u0131 k\u00fct\u00fcphanelerin uygulamaya ge\u00e7ti\u011fini de duyuyoruz. Konu ile ilgili <a href=\"http:\/\/www.bbyhaber.com\/bby\/2018\/07\/25\/halk-kutuphaneleri-7-24-calismali-mi\" target=\"_blank\" rel=\"noopener\">TKD Ba\u015fkan\u0131<\/a> ve halk k\u00fct\u00fcphanecisi arkada\u015flar\u0131m\u0131z\u0131n de\u011ferlendirmeleri de oldu.<!--more--><\/p>\n<p>Bu konuda T\u00fcrkiye\u2019de karar verici elbette KYGM\u2019dir (K\u00fct\u00fcphaneler ve Yay\u0131mlar Genel M\u00fcd\u00fcrl\u00fc\u011f\u00fc) ve halk k\u00fct\u00fcphanelerine bu uygulamaya ge\u00e7me ya da ge\u00e7memelerinde bir inisiyatif verip vermedi\u011fini bilmiyorum. Ben halk k\u00fct\u00fcphaneleri ile ilgilenen bir akademisyen olarak fikrimi yazmak ve birka\u00e7 noktaya dikkat \u00e7ekmek isterim.<\/p>\n<p>A\u00e7\u0131k\u00e7a ve k\u0131saca \u015f\u00f6yle d\u00fc\u015f\u00fcn\u00fcyorum: T\u00fcrkiye\u2019de (ve hatta d\u00fcnyada) halk k\u00fct\u00fcphanelerinin 7\/24 a\u00e7\u0131k kalmas\u0131n\u0131 ve hizmet vermesini gerekli, ger\u00e7ek\u00e7i, s\u00fcrd\u00fcr\u00fclebilir, ekonomik ve dolay\u0131s\u0131yla do\u011fru bulmuyorum.<\/p>\n<p>\u00c7\u00fcnk\u00fc;<\/p>\n<p><strong>Halk k\u00fct\u00fcphanesi ara\u015ft\u0131rma k\u00fct\u00fcphanesi de\u011fildir.<\/strong> 7\/24 hizmetin mant\u0131\u011f\u0131\/gerek\u00e7esi \u00f6zellikle ara\u015ft\u0131rma etkinli\u011fidir. <strong>Halk k\u00fct\u00fcphanesi<\/strong> (yerel ara\u015ft\u0131rmalar i\u015flevine hizmet etmekle birlikte) halk\u0131n g\u00fcncel, e\u011fitim, k\u00fclt\u00fcrel ve bo\u015f zamanlarla ilgili bilgi gereksinimlerini kar\u015f\u0131layan bir kurulu\u015ftur. Bu ana i\u015flevlerin hi\u00e7birisinin istisnalar\u0131 d\u0131\u015f\u0131nda geceye ta\u015fan anlaml\u0131 bir k\u0131sm\u0131 bulunmamaktad\u0131r. Dolay\u0131s\u0131yla ana i\u015flevler itibariyle halk k\u00fct\u00fcphanesinin 7\/24 a\u00e7\u0131k kalmas\u0131na gerek yoktur.<\/p>\n<p>T\u00fcrkiye\u2019de genelde halk k\u00fct\u00fcphanelerinin olumsuz altyap\u0131 ko\u015fullar\u0131 ve \u00f6zellikle de personel yetersizli\u011fi nedeniyle bu uygulama b\u00fcy\u00fck olas\u0131l\u0131kla ger\u00e7ek\u00e7i ve s\u00fcrd\u00fcr\u00fclebilir olamayacakt\u0131r. Y\u00f6neticiler ve \u00e7al\u0131\u015fanlar a\u00e7\u0131s\u0131ndan bu konu b\u00fcy\u00fck rahats\u0131zl\u0131k ve sorunlara neden olacakt\u0131r. Ayr\u0131ca zaten yetersiz olan personel g\u00fcc\u00fcn\u00fc buna ay\u0131rmak di\u011fer hizmetlerde aksamalara neden olabilir.<\/p>\n<p><strong>T\u00fcrkiye\u2019de halk k\u00fct\u00fcphanelerinin b\u00fcy\u00fck \u00f6l\u00e7\u00fcde ders \u00e7al\u0131\u015fma mekanlar\u0131, deyim yerindeyse et\u00fct merkezleri olarak kullan\u0131ld\u0131\u011f\u0131n\u0131 biliyoruz.<\/strong> K\u00fct\u00fcphaneleri 7\/24 a\u00e7\u0131k tutmak onlar\u0131n bu et\u00fct i\u015flevlerini ve alg\u0131s\u0131n\u0131 art\u0131racak ve g\u00fc\u00e7lendirecektir. <strong>Bu durum ise halk k\u00fct\u00fcphanelerine anlaml\u0131 bir yarar sa\u011flamayacak, onlar hakk\u0131nda var olan \u201cet\u00fct merkezi\u201d y\u00f6n\u00fcndeki olumsuz alg\u0131n\u0131n g\u00fc\u00e7lenmesine neden olacakt\u0131r.<\/strong> Yani halk k\u00fct\u00fcphanelerinin 7\/24 a\u00e7\u0131k kalmas\u0131 \u00e7ok b\u00fcy\u00fck \u00f6l\u00e7\u00fcde ders \u00e7al\u0131\u015fanlar\u0131n, s\u0131navlara haz\u0131rlananlar\u0131n k\u00fct\u00fcphanelerde sabahlamas\u0131 sonucunu yaratacakt\u0131r. <strong>Halk k\u00fct\u00fcphanesinin temel i\u015flevi bu olamaz; asl\u0131nda hi\u00e7bir k\u00fct\u00fcphane t\u00fcr\u00fcn\u00fcn temel i\u015flevi bu de\u011fildir.<\/strong> Bu uygulama halk k\u00fct\u00fcphanelerinin temel i\u015flevlerindeki y\u0131pranmay\u0131 art\u0131racakt\u0131r.<\/p>\n<p><strong>7\/24 a\u00e7\u0131k kalmas\u0131 halk k\u00fct\u00fcphaneleri i\u00e7in ekonomik de\u011fildir.<\/strong> Personele, elektrik, su vb. harcanacak para, sa\u011flanan yarar\u0131n gerisinde kalacakt\u0131r.<\/p>\n<p>Bu uygulama istisnalar\u0131 d\u0131\u015f\u0131nda s\u00fcrd\u00fcr\u00fclebilir de\u011fildir. Bunu s\u00fcrd\u00fcrebilecek personel sa\u011flamak \u00e7ok zordur. Zorunlu olmasa da 24 saat \u00f6zellikle gece yar\u0131s\u0131ndan sonra k\u00fct\u00fcphanede kalacak kullan\u0131c\u0131lar\u0131n, k\u00fct\u00fcphane personelinin ve k\u00fct\u00fcphanenin g\u00fcvenlik, yiyecek vb. gereksinimlerini d\u00fc\u015f\u00fcnmek gerekir. <strong>T\u00fcrkiye\u2019deki halk k\u00fct\u00fcphanelerinin genel olarak bu ko\u015fullar\u0131 yoktur.<\/strong><\/p>\n<p>Kentlerde genel olarak 7\/24 ula\u015f\u0131m hizmetlerinin olmamas\u0131 da bu uygulaman\u0131n ger\u00e7ek\u00e7i olmay\u0131\u015f\u0131nda etkendir.<\/p>\n<p>Halk k\u00fct\u00fcphanelerinin di\u011fer resmi kurulu\u015flardan farkl\u0131 olarak daha ge\u00e7 saatlere kadar a\u00e7\u0131k kalmas\u0131n\u0131n temel gerek\u00e7esi \u00e7al\u0131\u015fan ki\u015filerin de i\u015f \u00e7\u0131k\u0131\u015f\u0131 bu k\u00fct\u00fcphanelerden \u00f6zellikle \u00f6d\u00fcn\u00e7 alma-verme i\u015flemleri i\u00e7in ya da k\u0131sa s\u00fcreli di\u011fer hizmetler i\u00e7in yararlanmalar\u0131d\u0131r. Halk k\u00fct\u00fcphanelerinin bunun i\u00e7in 7\/24 a\u00e7\u0131k kalmas\u0131na gerek yoktur. Di\u011fer \u00fclkelerde oldu\u011fu gibi a\u00e7\u0131k kald\u0131klar\u0131 s\u00fcrenin saat 19.00-20.00\u2019ye (ya da \u00e7ok zorlarsak 22.00\u2019ye) kadar uzat\u0131lmas\u0131 yeterli olacakt\u0131r. Kald\u0131 ki T\u00fcrkiye\u2019de halen \u00e7o\u011fu halk k\u00fct\u00fcphanesi bunu zaten yapmaktad\u0131r.<\/p>\n<p>Yurt d\u0131\u015f\u0131nda yayg\u0131n olan bir di\u011fer uygulama da k\u00fct\u00fcphanenin her g\u00fcn farkl\u0131 saatlerde kapanmas\u0131d\u0131r. K\u00fct\u00fcphane haftan\u0131n baz\u0131 g\u00fcnleri saat 18.00\u2019e, baz\u0131 g\u00fcnleri 19.00-20.00\u2019ye kadar a\u00e7\u0131k kalmaktad\u0131r. Hatta baz\u0131 g\u00fcnler yar\u0131m g\u00fcn hizmet vermektedir. <strong>Ve a\u00e7\u0131k\u00e7as\u0131 d\u00fcnyadaki halk k\u00fct\u00fcphanelerinde 7\/24 uygulamas\u0131 benim g\u00f6rd\u00fc\u011f\u00fcm ve bildi\u011fim kadar\u0131yla \u00e7ok \u00e7ok istisnaidir.<\/strong><\/p>\n<p><strong>Elbette bu konuda karar vermek i\u00e7in en \u00f6nemlisi \u00e7al\u0131\u015fan k\u00fct\u00fcphane y\u00f6neticisi ve k\u00fct\u00fcphanecilerin de\u011ferlendirmelerini almakt\u0131r<\/strong>. Pilot uygulamalar yap\u0131p durumu analiz etmek de gerekir. Ayr\u0131ca 7\/24 konusunda karar\u0131, sunacaklar\u0131 gerek\u00e7eleri de\u011ferlendirerek k\u00fct\u00fcphanelere b\u0131rakmak da yerinde olacakt\u0131r.<\/p>\n<p><strong>Ve bu konu T\u00fcrkiye\u2019deki halk k\u00fct\u00fcphaneleri i\u00e7in acil ve \u00f6ncelikli bir sorun alan\u0131 de\u011fildir. Halk k\u00fct\u00fcphanelerinin \u00e7ok daha \u00f6nemli temel sorunlar\u0131 bulunmaktad\u0131r.<\/strong><\/p>\n<p><strong>Halk k\u00fct\u00fcphanelerini \u00e7ok \u00f6d\u00fcn\u00e7 materyal al\u0131nan, \u00e7ok k\u00fclt\u00fcrel etkinlikler yap\u0131lan, yarat\u0131c\u0131 alan uygulamalar\u0131 ger\u00e7ekle\u015ftirilen, vatanda\u015flar\u0131 bilgi ile daha \u00e7ok bulu\u015fturan, 3. Mekan olabilen, e\u011fitime destek olan, bo\u015f zamanlar\u0131n olumlu bi\u00e7imde de\u011ferlendirilmesini olanak sa\u011flayan, halen var olan yakla\u015f\u0131k 2 k\u00fct\u00fcphaneye 1 k\u00fct\u00fcphaneci oran\u0131n\u0131 h\u0131zla y\u00fckselten, \u00a0bilgi toplumunun kurulu\u015flar\u0131 haline getirmektir temel mesele<\/strong>. Onlar i\u00e7in k\u0131sa, orta ve uzun vadeli ulusal ve yerel politikalar geli\u015ftirmek ve uygulamak \u00f6ncelikli gerekliliktir. Gelece\u011fi g\u00f6rmek, ona g\u00f6re pozisyon almak, senaryolar \u00fcretmektir. Oysa, 7\/24 uygulamas\u0131n\u0131n bu say\u0131lanlara ciddi bir katk\u0131s\u0131 olmayaca\u011f\u0131 gibi g\u00f6t\u00fcr\u00fcleri olacakt\u0131r.<\/p>\n<p>Milli K\u00fct\u00fcphane ya da di\u011fer ara\u015ft\u0131rma k\u00fct\u00fcphaneleri i\u00e7in b\u00f6yle bir uygulama kabul edilebilirdir. A\u00e7\u0131k\u00e7as\u0131 ben <strong>T\u00fcrkiye\u2019de \u00fcniversite k\u00fct\u00fcphaneleri a\u00e7\u0131s\u0131ndan dahi tart\u0131\u015f\u0131lmas\u0131 gereken bir uygulaman\u0131n halk k\u00fct\u00fcphaneleri i\u00e7in ger\u00e7ekle\u015ftirilmeye \u00e7al\u0131\u015f\u0131lmas\u0131n\u0131 \u00e7ok sa\u011fl\u0131kl\u0131 ve halk k\u00fct\u00fcphanesi mant\u0131\u011f\u0131na uygun ve savunulabilir bulmuyorum.<\/strong><\/p>\n<p>Evet, emir geldi\u011finde halk k\u00fct\u00fcphanesi y\u00f6neticisi ve k\u00fct\u00fcphanecisi arkada\u015flar bu uygulamay\u0131 ister istemez bir bi\u00e7imde ger\u00e7ekle\u015ftirmeye \u00e7al\u0131\u015facaklard\u0131r. Ancak bu, yine belirtmek gerekirse beklenen yarar\u0131 sa\u011flamayaca\u011f\u0131 gibi \u00e7o\u011fu a\u00e7\u0131lardan ve en \u00f6nemlisi halk k\u00fct\u00fcphanelerinin temel i\u015flevlerinin y\u0131pranmas\u0131 a\u00e7\u0131s\u0131ndan uzun vadede istenmeyen sonu\u00e7lar yaratacakt\u0131r.<\/p>\n<p>Sayg\u0131lar\u0131mla,<\/p>\n<p>Prof. Dr. B\u00fclent Y\u0131lmaz<\/p>\n","protected":false},"excerpt":{"rendered":"<p>[avatar user=&#8221;bulentyilmaz&#8221; \/] Prof.Dr.B\u00fclent YILMAZ Hacettepe \u00dcniversitesi BBY B\u00f6l\u00fcm\u00fc \u00d6\u011fretim \u00dcyesi Bir s\u00fcredir g\u00fcndemde olan ve \u00f6zellikle halk k\u00fct\u00fcphanecisi meslekta\u015flarla konu\u015ftu\u011fumuzda hemen tart\u0131\u015fmak istedikleri konu \u201chalk k\u00fct\u00fcphanelerinin 7\/24 (7 g\u00fcn 24 saat) a\u00e7\u0131k kal\u0131p kalmamas\u0131.\u201d Baz\u0131 k\u00fct\u00fcphanelerin uygulamaya ge\u00e7ti\u011fini de duyuyoruz. Konu ile ilgili TKD Ba\u015fkan\u0131 ve halk k\u00fct\u00fcphanecisi arkada\u015flar\u0131m\u0131z\u0131n de\u011ferlendirmeleri de oldu.<\/p>\n","protected":false},"author":146,"featured_media":24767,"comment_status":"open","ping_status":"open","sticky":false,"template":"","format":"standard","meta":{"footnotes":""},"categories":[1530,1502],"tags":[1460],"class_list":["post-24756","post","type-post","status-publish","format-standard","has-post-thumbnail","hentry","category-7-24-kutuphane-hizmeti","category-prof-dr-bulent-yilmaz","tag-kose-yazarlari"],"_links":{"self":[{"href":"https:\/\/www.bbyhaber.com\/bby\/wp-json\/wp\/v2\/posts\/24756"}],"collection":[{"href":"https:\/\/www.bbyhaber.com\/bby\/wp-json\/wp\/v2\/posts"}],"about":[{"href":"https:\/\/www.bbyhaber.com\/bby\/wp-json\/wp\/v2\/types\/post"}],"author":[{"embeddable":true,"href":"https:\/\/www.bbyhaber.com\/bby\/wp-json\/wp\/v2\/users\/146"}],"replies":[{"embeddable":true,"href":"https:\/\/www.bbyhaber.com\/bby\/wp-json\/wp\/v2\/comments?post=24756"}],"version-history":[{"count":8,"href":"https:\/\/www.bbyhaber.com\/bby\/wp-json\/wp\/v2\/posts\/24756\/revisions"}],"predecessor-version":[{"id":27243,"href":"https:\/\/www.bbyhaber.com\/bby\/wp-json\/wp\/v2\/posts\/24756\/revisions\/27243"}],"wp:featuredmedia":[{"embeddable":true,"href":"https:\/\/www.bbyhaber.com\/bby\/wp-json\/wp\/v2\/media\/24767"}],"wp:attachment":[{"href":"https:\/\/www.bbyhaber.com\/bby\/wp-json\/wp\/v2\/media?parent=24756"}],"wp:term":[{"taxonomy":"category","embeddable":true,"href":"https:\/\/www.bbyhaber.com\/bby\/wp-json\/wp\/v2\/categories?post=24756"},{"taxonomy":"post_tag","embeddable":true,"href":"https:\/\/www.bbyhaber.com\/bby\/wp-json\/wp\/v2\/tags?post=24756"}],"curies":[{"name":"wp","href":"https:\/\/api.w.org\/{rel}","templated":true}]}}