{"id":24745,"date":"2018-07-25T08:52:47","date_gmt":"2018-07-25T05:52:47","guid":{"rendered":"http:\/\/www.bbyhaber.com\/bby\/?p=24745"},"modified":"2018-07-25T11:51:30","modified_gmt":"2018-07-25T08:51:30","slug":"halk-kutuphaneleri-7-24-calismali-mi","status":"publish","type":"post","link":"https:\/\/www.bbyhaber.com\/bby\/2018\/07\/25\/halk-kutuphaneleri-7-24-calismali-mi","title":{"rendered":"Halk K\u00fct\u00fcphaneleri 7\/24 \u00e7al\u0131\u015fmal\u0131 m\u0131?"},"content":{"rendered":"<p><a href=\"http:\/\/www.bbyhaber.com\/bby\/wp-content\/uploads\/2018\/07\/halk-kutuphaneleri-7-24.jpg\"><img loading=\"lazy\" decoding=\"async\" class=\"alignleft size-full wp-image-24747\" src=\"http:\/\/www.bbyhaber.com\/bby\/wp-content\/uploads\/2018\/07\/halk-kutuphaneleri-7-24.jpg\" alt=\"\" width=\"390\" height=\"180\" \/><\/a><\/p>\n<p><strong>Halk K\u00fct\u00fcphaneleri<\/strong>nin <strong>7\/24<\/strong> \u00e7al\u0131\u015fmas\u0131na dair TKD Genel Ba\u015fkan\u0131 Ali Fuat Kartal bir a\u00e7\u0131klama yay\u0131nlad\u0131. A\u00e7\u0131klamas\u0131nda \u015funlara de\u011findi: &#8220;Bu g\u00fcnlerde <strong>halk k\u00fct\u00fcphaneleri<\/strong>nin \u00e7al\u0131\u015fma saatleri \u00fczerine tart\u0131\u015f\u0131yoruz. \u00d6ncelikli tart\u0131\u015fmam\u0131z gereken konu (Personel, Bina, Derme, Kaynak, Hizmet vb.) bu mu?<!--more--><\/p>\n<p>A\u00e7\u0131k\u00e7as\u0131 ben bu olmad\u0131\u011f\u0131n\u0131 d\u00fc\u015f\u00fcn\u00fcyorum.<\/p>\n<p>Asl\u0131nda mesai saatleri konusu ve de ba\u015fka konularda \u00fclke olarak genel al\u0131\u015fkanl\u0131\u011f\u0131m\u0131z bir yat\u0131r\u0131m ya da projeye ba\u015flamadan \u00f6nce maalesef herhangi bir fizibilite \u00e7al\u0131\u015fmas\u0131 yap\u0131lmadan, tabiri yerinde ise pald\u0131r k\u00fcld\u00fcr i\u015fe ba\u015flamak \u015feklinde oluyor. Ba\u015fl\u0131yoruz da ya ba\u015flad\u0131\u011f\u0131m\u0131z i\u015fi bitiremiyoruz ya da bir s\u00fcr\u00fc kamu zarar\u0131 olu\u015fuyor. Tabii kamu zar\u0131n\u0131n hesab\u0131 da sorulmad\u0131\u011f\u0131 i\u00e7in birilerinin kendi d\u00fc\u015f\u00fcncelerini tatmininden \u00f6teye gidemiyoruz.<\/p>\n<p>Ge\u00e7mi\u015f d\u00f6nemlerde d\u00f6nemin K\u00fclt\u00fcr Bakan\u0131 Say\u0131n Ertu\u011frul G\u00fcnay bir pazar g\u00fcn\u00fc Adnan \u00d6t\u00fcken \u0130l Halk K\u00fct\u00fcphanesine geliyor. K\u00fct\u00fcphanenin kapal\u0131 oldu\u011funu g\u00f6r\u00fcnce k\u00fct\u00fcphane m\u00fcd\u00fcr\u00fcn\u00fc bulduruyor ve neden kapal\u0131 oldu\u011funu soruyor. M\u00fcd\u00fcr\u00fcn yan\u0131t\u0131 \u00fczerine eleman takviyesi ile bir s\u00fcre k\u00fct\u00fcphane Pazar g\u00fcnleri de a\u00e7\u0131l\u0131yor.<\/p>\n<p>Adnan \u00d6t\u00fcken \u0130l Halk K\u00fct\u00fcphanesi \u00f6rne\u011finde de g\u00f6r\u00fcld\u00fc\u011f\u00fc \u00fczere yetkili ki\u015fi emir veriyor ve olay ger\u00e7ekle\u015fiyor. Ger\u00e7ekle\u015fiyor da, bu olay\u0131n getirisi ve de g\u00f6t\u00fcr\u00fcs\u00fc ne oluyor? Bilen yok.<\/p>\n<p>Benim \u00f6nerim; internet \u00e7a\u011f\u0131nda ya\u015fad\u0131\u011f\u0131m\u0131za g\u00f6re KYGM bu durumu <strong>k\u00fct\u00fcphaneci<\/strong>lere sorabilir. Bu KYGM\u2019nin ne \u00e7ok zaman\u0131n\u0131 al\u0131r ne de masraf gerektir. B\u00f6ylece KYGM\u2019nin de elinde \u00fcst kademelere s\u00f6yleyecek bir s\u00f6z\u00fc olur.<\/p>\n<p>Zira <strong>halk k\u00fct\u00fcphaneleri<\/strong>nin <strong>7\/24<\/strong> \u00e7al\u0131\u015fmas\u0131n\u0131n \u015fehrin k\u00fclt\u00fcrel hayat\u0131na ne kat\u0131p katmayaca\u011f\u0131n\u0131 san\u0131r\u0131m orada \u00e7al\u0131\u015fan k\u00fct\u00fcphaneciler bizden daha iyi g\u00f6zlemlemi\u015flerdir.&#8221;<\/p>\n<p><em>Ali Fuat Kartal<\/em><br \/>\n<em>TKD Genel Ba\u015fkan\u0131<\/em><\/p>\n","protected":false},"excerpt":{"rendered":"<p>Halk K\u00fct\u00fcphanelerinin 7\/24 \u00e7al\u0131\u015fmas\u0131na dair TKD Genel Ba\u015fkan\u0131 Ali Fuat Kartal bir a\u00e7\u0131klama yay\u0131nlad\u0131. A\u00e7\u0131klamas\u0131nda \u015funlara de\u011findi: &#8220;Bu g\u00fcnlerde halk k\u00fct\u00fcphanelerinin \u00e7al\u0131\u015fma saatleri \u00fczerine tart\u0131\u015f\u0131yoruz. \u00d6ncelikli tart\u0131\u015fmam\u0131z gereken konu (Personel, Bina, Derme, Kaynak, Hizmet vb.) bu mu?<\/p>\n","protected":false},"author":1,"featured_media":24747,"comment_status":"open","ping_status":"open","sticky":false,"template":"","format":"standard","meta":{"footnotes":""},"categories":[1530,1474,1],"tags":[],"class_list":["post-24745","post","type-post","status-publish","format-standard","has-post-thumbnail","hentry","category-7-24-kutuphane-hizmeti","category-ali-fuat-kartal","category-genel"],"_links":{"self":[{"href":"https:\/\/www.bbyhaber.com\/bby\/wp-json\/wp\/v2\/posts\/24745"}],"collection":[{"href":"https:\/\/www.bbyhaber.com\/bby\/wp-json\/wp\/v2\/posts"}],"about":[{"href":"https:\/\/www.bbyhaber.com\/bby\/wp-json\/wp\/v2\/types\/post"}],"author":[{"embeddable":true,"href":"https:\/\/www.bbyhaber.com\/bby\/wp-json\/wp\/v2\/users\/1"}],"replies":[{"embeddable":true,"href":"https:\/\/www.bbyhaber.com\/bby\/wp-json\/wp\/v2\/comments?post=24745"}],"version-history":[{"count":2,"href":"https:\/\/www.bbyhaber.com\/bby\/wp-json\/wp\/v2\/posts\/24745\/revisions"}],"predecessor-version":[{"id":24749,"href":"https:\/\/www.bbyhaber.com\/bby\/wp-json\/wp\/v2\/posts\/24745\/revisions\/24749"}],"wp:featuredmedia":[{"embeddable":true,"href":"https:\/\/www.bbyhaber.com\/bby\/wp-json\/wp\/v2\/media\/24747"}],"wp:attachment":[{"href":"https:\/\/www.bbyhaber.com\/bby\/wp-json\/wp\/v2\/media?parent=24745"}],"wp:term":[{"taxonomy":"category","embeddable":true,"href":"https:\/\/www.bbyhaber.com\/bby\/wp-json\/wp\/v2\/categories?post=24745"},{"taxonomy":"post_tag","embeddable":true,"href":"https:\/\/www.bbyhaber.com\/bby\/wp-json\/wp\/v2\/tags?post=24745"}],"curies":[{"name":"wp","href":"https:\/\/api.w.org\/{rel}","templated":true}]}}