{"id":24741,"date":"2018-07-25T09:00:22","date_gmt":"2018-07-25T06:00:22","guid":{"rendered":"http:\/\/www.bbyhaber.com\/bby\/?p=24741"},"modified":"2018-10-23T09:10:08","modified_gmt":"2018-10-23T06:10:08","slug":"iyi-ki-kutuphaneciyim","status":"publish","type":"post","link":"https:\/\/www.bbyhaber.com\/bby\/2018\/07\/25\/iyi-ki-kutuphaneciyim","title":{"rendered":"\u0130yi ki k\u00fct\u00fcphaneciyim! | Cem \u00d6ZEL"},"content":{"rendered":"<p>[avatar user=&#8221;cemozel&#8221; \/]<a href=\"http:\/\/www.bbyhaber.com\/bby\/author\/cemozel\"><br \/>\nCem \u00d6ZEL<\/a><br \/>\n<strong>Kullan\u0131c\u0131 Hizmetleri Y\u00f6neticisi\/Sabanc\u0131 \u00dcniversitesi Bilgi Merkezi<\/strong><\/p>\n<p><a href=\"http:\/\/www.bbyhaber.com\/bby\/wp-content\/uploads\/2018\/07\/iyi-ki-kutuphaneciyimm.jpg\"><img loading=\"lazy\" decoding=\"async\" class=\"alignleft size-full wp-image-24769\" src=\"http:\/\/www.bbyhaber.com\/bby\/wp-content\/uploads\/2018\/07\/iyi-ki-kutuphaneciyimm.jpg\" alt=\"\" width=\"390\" height=\"180\" \/><\/a>2000 y\u0131l\u0131nda mezun olmama yak\u0131n \u00fcniversiteden kopman\u0131n \u00e7ok \u0131zd\u0131rap verece\u011fini d\u00fc\u015f\u00fcn\u00fcrd\u00fcm. Neyse ki mesle\u011fim sayesinde 18 y\u0131ld\u0131r \u00fcniversite \u00e7at\u0131s\u0131 alt\u0131nday\u0131m. Emekli olana kadar da bu mesle\u011fi s\u00fcrd\u00fcrmek, en b\u00fcy\u00fck temennim.<!--more--><\/p>\n<p>Bir \u00fcniversite k\u00fct\u00fcphanecisi olmakla, hep sanat, k\u00fclt\u00fcr ve bilimle i\u00e7 i\u00e7e oldum. \u0130nsan daha ne ister ki!<\/p>\n<p>Say\u0131s\u0131z etkinli\u011fe ve seminere kat\u0131larak yeni yeni \u015feyler \u00f6\u011frendim, bir\u00e7ok g\u00f6r\u00fc\u015ften insanla tan\u0131\u015ft\u0131m. Daha \u00f6\u011frenciyken Kitap Fuar\u0131nda TKD \u0130stanbul \u015eubesi&#8217;nin stand\u0131nda \u00e7al\u0131\u015f\u0131rken, Muazzez \u0130lmiye \u00c7\u0131\u011f&#8217;la, Selim \u0130leri&#8217;yle, Sunay Ak\u0131n&#8217;la, Faz\u0131l H\u00fcsn\u00fc Da\u011flarca&#8217;yla; Bilgi \u00dcniversitesi&#8217;ndeyken Murat Belge&#8217;yle, onun asistan\u0131 Elif \u015eafak&#8217;la, M\u00fcge \u0130plik\u00e7i&#8217;yle, Feride \u00c7i\u00e7eko\u011flu&#8217;yla, P\u0131nar K\u00fcr&#8217;le, Toktam\u0131\u015f Ate\u015f&#8217;le, Asaf Sava\u015f Akat&#8217;\u0131n da hocas\u0131 olan Sencer Divit\u00e7io\u011flu&#8217;yla, Chomsky&#8217;le, Ya\u015far Kemal&#8217;le, New Left Review&#8217;\u00fcn edit\u00f6r\u00fc Tar\u0131k Ali&#8217;yle; Sabanc\u0131 \u00dcniversitesi \u00e7at\u0131s\u0131 alt\u0131nda da Talat Halman&#8217;la, Erdal \u0130n\u00f6n\u00fc&#8217;yle, Ercan Kesal&#8217;la, Buket Uzuner&#8217;le kimileriyle uzaktan kimileriyle yak\u0131ndan tan\u0131\u015fma f\u0131rsat\u0131 buldum.<\/p>\n<p>Kitaplardan bir an bile ayr\u0131 kalmayarak onlarla yak\u0131n dostluklar kurarak bamba\u015fka bir hayat kurdum kendime. Hem yazarlar\u0131 tan\u0131d\u0131m hem de onlar\u0131n e\u015fsiz eserleriyle tan\u0131\u015ft\u0131m.<\/p>\n<p>Bu mesle\u011fi se\u00e7mekle \u00e7evremde hep iyi ve okumu\u015f insanlar oldu. Onlardan s\u00fcrekli yeni \u015feyler \u00f6\u011frendim.<\/p>\n<p>Bu i\u015fin do\u011fas\u0131 gere\u011fi yard\u0131mla\u015fma ve i\u015fbirli\u011fi kavramlar\u0131, insan\u0131 belki de en \u00e7ok insanl\u0131ktan uzak tutan rekabet\u00e7i yan\u0131m\u0131n bast\u0131r\u0131lmas\u0131na vesile oldu.<\/p>\n<p>Bu mesle\u011fin akademik yan\u0131n\u0131n olmas\u0131, biz k\u00fct\u00fcphanecilerin de bilime katk\u0131s\u0131n\u0131 bana ya\u015fatt\u0131.<\/p>\n<p>Yine bu meslek sayesinde demokrasi ve tarafs\u0131zl\u0131k kavramlar\u0131n\u0131 i\u00e7selle\u015ftirdim.<\/p>\n<p>D\u00fcnya g\u00f6r\u00fc\u015f\u00fcm h\u00fcmanist y\u00f6nden \u00e7ok b\u00fcy\u00fck bir de\u011fi\u015fime u\u011frad\u0131.<\/p>\n<p>Bu mesle\u011fin bana sunduklar\u0131yla hem yurt i\u00e7inde hem de yurt d\u0131\u015f\u0131nda bir s\u00fcr\u00fc yeni yerler g\u00f6r\u00fcp g\u00f6rg\u00fcm\u00fc artt\u0131rd\u0131m.<\/p>\n<p>Daha ne diyeyim. \u0130yi ki bu g\u00fczel mesle\u011fin bir ferdiyim. Kendimi bir k\u00fct\u00fcphaneci olarak \u00e7ok \u015fansl\u0131 hissediyorum.<\/p>\n<p>Bu mesle\u011fi se\u00e7en herkesin de bu duygular\u0131 ya\u015famas\u0131n\u0131 g\u00f6n\u00fclden arzuluyorum.<\/p>\n","protected":false},"excerpt":{"rendered":"<p>[avatar user=&#8221;cemozel&#8221; \/] Cem \u00d6ZEL Kullan\u0131c\u0131 Hizmetleri Y\u00f6neticisi\/Sabanc\u0131 \u00dcniversitesi Bilgi Merkezi 2000 y\u0131l\u0131nda mezun olmama yak\u0131n \u00fcniversiteden kopman\u0131n \u00e7ok \u0131zd\u0131rap verece\u011fini d\u00fc\u015f\u00fcn\u00fcrd\u00fcm. Neyse ki mesle\u011fim sayesinde 18 y\u0131ld\u0131r \u00fcniversite \u00e7at\u0131s\u0131 alt\u0131nday\u0131m. Emekli olana kadar da bu mesle\u011fi s\u00fcrd\u00fcrmek, en b\u00fcy\u00fck temennim.<\/p>\n","protected":false},"author":143,"featured_media":24769,"comment_status":"open","ping_status":"open","sticky":false,"template":"","format":"standard","meta":{"footnotes":""},"categories":[],"tags":[1460],"class_list":["post-24741","post","type-post","status-publish","format-standard","has-post-thumbnail","hentry","tag-kose-yazarlari"],"_links":{"self":[{"href":"https:\/\/www.bbyhaber.com\/bby\/wp-json\/wp\/v2\/posts\/24741"}],"collection":[{"href":"https:\/\/www.bbyhaber.com\/bby\/wp-json\/wp\/v2\/posts"}],"about":[{"href":"https:\/\/www.bbyhaber.com\/bby\/wp-json\/wp\/v2\/types\/post"}],"author":[{"embeddable":true,"href":"https:\/\/www.bbyhaber.com\/bby\/wp-json\/wp\/v2\/users\/143"}],"replies":[{"embeddable":true,"href":"https:\/\/www.bbyhaber.com\/bby\/wp-json\/wp\/v2\/comments?post=24741"}],"version-history":[{"count":5,"href":"https:\/\/www.bbyhaber.com\/bby\/wp-json\/wp\/v2\/posts\/24741\/revisions"}],"predecessor-version":[{"id":25324,"href":"https:\/\/www.bbyhaber.com\/bby\/wp-json\/wp\/v2\/posts\/24741\/revisions\/25324"}],"wp:featuredmedia":[{"embeddable":true,"href":"https:\/\/www.bbyhaber.com\/bby\/wp-json\/wp\/v2\/media\/24769"}],"wp:attachment":[{"href":"https:\/\/www.bbyhaber.com\/bby\/wp-json\/wp\/v2\/media?parent=24741"}],"wp:term":[{"taxonomy":"category","embeddable":true,"href":"https:\/\/www.bbyhaber.com\/bby\/wp-json\/wp\/v2\/categories?post=24741"},{"taxonomy":"post_tag","embeddable":true,"href":"https:\/\/www.bbyhaber.com\/bby\/wp-json\/wp\/v2\/tags?post=24741"}],"curies":[{"name":"wp","href":"https:\/\/api.w.org\/{rel}","templated":true}]}}