{"id":24668,"date":"2018-05-17T22:05:52","date_gmt":"2018-05-17T19:05:52","guid":{"rendered":"http:\/\/www.bbyhaber.com\/blog\/?p=24668"},"modified":"2018-05-17T22:05:52","modified_gmt":"2018-05-17T19:05:52","slug":"bilgi-ve-belge-yonetimi-egitimi-acikogretim-fakultelerinde-verilebilir-mi","status":"publish","type":"post","link":"https:\/\/www.bbyhaber.com\/bby\/2018\/05\/17\/bilgi-ve-belge-yonetimi-egitimi-acikogretim-fakultelerinde-verilebilir-mi","title":{"rendered":"Bilgi ve Belge Y\u00f6netimi E\u011fitimi A\u00e7\u0131k\u00f6\u011fretim Fak\u00fcltelerinde Verilebilir Mi?"},"content":{"rendered":"<p>Merhabalar,<\/p>\n<p><img loading=\"lazy\" decoding=\"async\" class=\"alignleft size-medium wp-image-1013\" src=\"http:\/\/ihalekutuphane.com\/wp-content\/uploads\/2018\/05\/bilgi-ve-belge-yonetimi-acikogretim-300x171.jpg\" alt=\"\" width=\"300\" height=\"171\" \/>A\u015fa\u011f\u0131daki tabloda g\u00f6z\u00fckece\u011fi \u00fczere Bilgi ve Belge Y\u00f6netimi B\u00f6l\u00fcm\u00fc, 21 \u00dcniversitenin listesinde bulunmaktad\u0131r.<\/p>\n<p>Bilgi ve Belge Y\u00f6netimi a\u00e7ma kervan\u0131na devlet \u00fcniversiteleri h\u0131z vermi\u015f olup vak\u0131f \u00fcniversitelerinden ise bu kervana kat\u0131lan \u00e7\u0131kmam\u0131\u015ft\u0131r.<\/p>\n<p>Kafkas \u00dcniversitesi ise b\u00f6l\u00fcm\u00fcm\u00fcz\u00fc Y\u00fcksekokul seviyesine d\u00fc\u015f\u00fcrm\u00fc\u015ft\u00fcr.<\/p>\n<p>Bilgi ve Belge Y\u00f6netimi B\u00f6l\u00fcm\u00fcn\u00fcn Lisans d\u00fczeyinde verildi\u011fini ara\u015ft\u0131rmadan a\u00e7an \u00fcniversiteler vard\u0131r.<\/p>\n<p>Bilgi ve Belge Y\u00f6netimi mezunu \u00f6\u011fretim eleman\u0131 olmayan ya da bir iki tane b\u00f6l\u00fcm mezunu bulup hoca a\u00e7\u0131\u011f\u0131n\u0131 tarih vb. b\u00f6l\u00fcmlerden tamamlayan, \u00fcniversitelerden mezun olan \u00f6\u011frencilerin K\u00fct\u00fcphanecilik mesle\u011fine katk\u0131s\u0131 m\u0131 olur? Yoksa zarar\u0131 m\u0131?<\/p>\n<p>Bunun sonu\u00e7lar\u0131n\u0131 ya\u015fay\u0131p g\u00f6rece\u011fiz ne yaz\u0131k ki\u2026..<\/p>\n<p>A\u00e7\u0131k\u00f6\u011fretim Fak\u00fcltelerinde \u0130ktisat, \u0130\u015fletme vb. b\u00f6l\u00fcmlerin yan\u0131nda biliyorsunuz Felsefe, Tarih, Sosyoloji, \u0130ngilizce \u00d6\u011fretmenli\u011fi vs. b\u00f6l\u00fcmlerinin de e\u011fitimi verilmektedir.<\/p>\n<p>Yak\u0131n zamanda Bilgi ve Belge Y\u00f6netimi B\u00f6l\u00fcm\u00fc, A\u00e7\u0131k\u00f6\u011fretim Fak\u00fcltelerinde de a\u00e7\u0131labilir diye d\u00fc\u015f\u00fcn\u00fcyorum.<\/p>\n<p>Gidi\u015fat onu g\u00f6steriyor\u2026<\/p>\n<p>Daha \u00f6nceleri Anadolu \u00dcniversitesi A\u00e7\u0131k\u00f6\u011fretim Fak\u00fcltesi e\u011fitimi alm\u0131\u015f biri olarak diyebilirim ki \u00e7o\u011fu \u00f6rg\u00fcn e\u011fitim veren \u00fcniversiteden daha iyi e\u011fitim verirler\u2026<\/p>\n<p>&nbsp;<\/p>\n<h1>B\u0130LG\u0130 VE BELGE Y\u00d6NET\u0130M\u0130 E\u011e\u0130T\u0130M\u0130 VEREN<\/h1>\n<h1>\u00dcN\u0130VERS\u0130TELER<\/h1>\n<p>(Tablo\u00a0https:\/\/istatistik.yok.gov.tr sitesinden al\u0131nm\u0131\u015ft\u0131r)<\/p>\n<table border=\"1\" width=\"644\">\n<tbody>\n<tr>\n<td><strong>S\u0131ra No<\/strong><\/td>\n<td><strong>\u00dcniversite Ad\u0131<\/strong><\/td>\n<td><strong>Birim Grubu<\/strong><\/td>\n<td><strong>A\u00e7\u0131l\u0131\u015f Tarihi<\/strong><\/td>\n<td><strong>B\u00f6l\u00fcm Durumu<\/strong><\/td>\n<\/tr>\n<tr>\n<td>1<\/td>\n<td>ADANA B\u0130L\u0130M VE TEKNOLOJ\u0130 \u00dcN\u0130VERS\u0130TES\u0130<\/td>\n<td>\u0130NSAN VE TOPLUM B\u0130L\u0130MLER\u0130 FAK\u00dcLTES\u0130<\/td>\n<td>30.03.2016<\/td>\n<td>AKT\u0130F<\/td>\n<\/tr>\n<tr>\n<td>2<\/td>\n<td>AKDEN\u0130Z \u00dcN\u0130VERS\u0130TES\u0130<\/td>\n<td>EDEB\u0130YAT FAK\u00dcLTES\u0130<\/td>\n<td>29.01.2014<\/td>\n<td>AKT\u0130F<\/td>\n<\/tr>\n<tr>\n<td>3<\/td>\n<td>ANKARA \u00dcN\u0130VERS\u0130TES\u0130<\/td>\n<td>D\u0130L VE TAR\u0130H CO\u011eRAFYA FAK\u00dcLTES\u0130<\/td>\n<td>31.03.2009<\/td>\n<td>AKT\u0130F<\/td>\n<\/tr>\n<tr>\n<td>4<\/td>\n<td>ANKARA YILDIRIM BEYAZIT \u00dcN\u0130VERS\u0130TES\u0130<\/td>\n<td>\u0130NSAN VE TOPLUM B\u0130L\u0130MLER\u0130 FAK\u00dcLTES\u0130<\/td>\n<td>28.01.2011<\/td>\n<td>AKT\u0130F<\/td>\n<\/tr>\n<tr>\n<td>5<\/td>\n<td>ARDAHAN \u00dcN\u0130VERS\u0130TES\u0130<\/td>\n<td>ARDAHAN \u0130NSAN\u0130 B\u0130L\u0130MLER VE EDEB\u0130YAT FAK\u00dcLTES\u0130<\/td>\n<td>18.03.2009<\/td>\n<td>PAS\u0130F<\/td>\n<\/tr>\n<tr>\n<td>6<\/td>\n<td>ATAT\u00dcRK \u00dcN\u0130VERS\u0130TES\u0130<\/td>\n<td>EDEB\u0130YAT FAK\u00dcLTES\u0130<\/td>\n<td>29.05.2007<\/td>\n<td>AKT\u0130F<\/td>\n<\/tr>\n<tr>\n<td>7<\/td>\n<td>BARTIN \u00dcN\u0130VERS\u0130TES\u0130<\/td>\n<td>EDEB\u0130YAT FAK\u00dcLTES\u0130<\/td>\n<td>26.01.2011<\/td>\n<td>AKT\u0130F<\/td>\n<\/tr>\n<tr>\n<td>8<\/td>\n<td>BOZOK \u00dcN\u0130VERS\u0130TES\u0130<\/td>\n<td>FEN-EDEB\u0130YAT FAK\u00dcLTES\u0130<\/td>\n<td>04.03.2015<\/td>\n<td>AKT\u0130F<\/td>\n<\/tr>\n<tr>\n<td>9<\/td>\n<td>\u00c7ANKIRI KARATEK\u0130N \u00dcN\u0130VERS\u0130TES\u0130<\/td>\n<td>EDEB\u0130YAT FAK\u00dcLTES\u0130<\/td>\n<td>07.07.2010<\/td>\n<td>AKT\u0130F<\/td>\n<\/tr>\n<tr>\n<td>10<\/td>\n<td>G\u00dcM\u00dc\u015eHANE \u00dcN\u0130VERS\u0130TES\u0130<\/td>\n<td>EDEB\u0130YAT FAK\u00dcLTES\u0130<\/td>\n<td>25.01.2012<\/td>\n<td>AKT\u0130F<\/td>\n<\/tr>\n<tr>\n<td>11<\/td>\n<td>HACETTEPE \u00dcN\u0130VERS\u0130TES\u0130<\/td>\n<td>EDEB\u0130YAT FAK\u00dcLTES\u0130<\/td>\n<td>09.07.2009<\/td>\n<td>AKT\u0130F<\/td>\n<\/tr>\n<tr>\n<td>12<\/td>\n<td>\u0130STANBUL MEDEN\u0130YET \u00dcN\u0130VERS\u0130TES\u0130<\/td>\n<td>EDEB\u0130YAT FAK\u00dcLTES\u0130<\/td>\n<td>19.01.2011<\/td>\n<td>AKT\u0130F<\/td>\n<\/tr>\n<tr>\n<td>13<\/td>\n<td>\u0130STANBUL \u00dcN\u0130VERS\u0130TES\u0130<\/td>\n<td>EDEB\u0130YAT FAK\u00dcLTES\u0130<\/td>\n<td>19.08.2009<\/td>\n<td>AKT\u0130F<\/td>\n<\/tr>\n<tr>\n<td>14<\/td>\n<td>\u0130ZM\u0130R KAT\u0130P \u00c7ELEB\u0130 \u00dcN\u0130VERS\u0130TES\u0130<\/td>\n<td>SOSYAL VE BE\u015eER\u0130 B\u0130L\u0130MLER FAK\u00dcLTES\u0130<\/td>\n<td>12.09.2012<\/td>\n<td>AKT\u0130F<\/td>\n<\/tr>\n<tr>\n<td>15<\/td>\n<td>KAFKAS \u00dcN\u0130VERS\u0130TES\u0130<\/td>\n<td>KA\u011eIZMAN UYGULAMALI B\u0130L\u0130MLER Y\u00dcKSEKOKULU<\/td>\n<td>05.08.2015<\/td>\n<td>AKT\u0130F<\/td>\n<\/tr>\n<tr>\n<td>16<\/td>\n<td>KARAB\u00dcK \u00dcN\u0130VERS\u0130TES\u0130<\/td>\n<td>EDEB\u0130YAT FAK\u00dcLTES\u0130<\/td>\n<td>19.01.2011<\/td>\n<td>AKT\u0130F<\/td>\n<\/tr>\n<tr>\n<td>17<\/td>\n<td>KASTAMONU \u00dcN\u0130VERS\u0130TES\u0130<\/td>\n<td>FEN-EDEB\u0130YAT FAK\u00dcLTES\u0130<\/td>\n<td>27.08.2009<\/td>\n<td>AKT\u0130F<\/td>\n<\/tr>\n<tr>\n<td>18<\/td>\n<td>KIRKLAREL\u0130 \u00dcN\u0130VERS\u0130TES\u0130<\/td>\n<td>FEN-EDEB\u0130YAT FAK\u00dcLTES\u0130<\/td>\n<td>04.04.2018<\/td>\n<td>AKT\u0130F<\/td>\n<\/tr>\n<tr>\n<td>19<\/td>\n<td>MARMARA \u00dcN\u0130VERS\u0130TES\u0130<\/td>\n<td>FEN-EDEB\u0130YAT FAK\u00dcLTES\u0130<\/td>\n<td>01.07.2009<\/td>\n<td>AKT\u0130F<\/td>\n<\/tr>\n<tr>\n<td>20<\/td>\n<td>ONDOKUZ MAYIS \u00dcN\u0130VERS\u0130TES\u0130<\/td>\n<td>\u00c7AR\u015eAMBA \u0130NSAN VE TOPLUM B\u0130L\u0130MLER\u0130 FAK\u00dcLTES\u0130<\/td>\n<td>07.03.2018<\/td>\n<td>AKT\u0130F<\/td>\n<\/tr>\n<tr>\n<td>21<\/td>\n<td>OSMAN\u0130YE KORKUT ATA \u00dcN\u0130VERS\u0130TES\u0130<\/td>\n<td>KAD\u0130RL\u0130 SOSYAL VE BE\u015eER\u0130 B\u0130L\u0130MLER FAK\u00dcLTES\u0130<\/td>\n<td>05.04.2017<\/td>\n<td>AKT\u0130F<\/td>\n<\/tr>\n<\/tbody>\n<\/table>\n<p>Kaynak:\u00a0<a href=\"http:\/\/ihalekutuphane.com\/2018\/05\/13\/bilgi-ve-belge-yonetimi-egitimi-acikogretim-fakultelerinde-verilebilir-mi\/\">http:\/\/ihalekutuphane.com<\/a><\/p>\n","protected":false},"excerpt":{"rendered":"<p>Merhabalar, A\u015fa\u011f\u0131daki tabloda g\u00f6z\u00fckece\u011fi \u00fczere Bilgi ve Belge Y\u00f6netimi B\u00f6l\u00fcm\u00fc, 21 \u00dcniversitenin listesinde bulunmaktad\u0131r. Bilgi ve Belge Y\u00f6netimi a\u00e7ma kervan\u0131na devlet \u00fcniversiteleri h\u0131z vermi\u015f olup vak\u0131f \u00fcniversitelerinden ise bu kervana kat\u0131lan \u00e7\u0131kmam\u0131\u015ft\u0131r. Kafkas \u00dcniversitesi ise b\u00f6l\u00fcm\u00fcm\u00fcz\u00fc Y\u00fcksekokul seviyesine d\u00fc\u015f\u00fcrm\u00fc\u015ft\u00fcr. Bilgi ve Belge Y\u00f6netimi B\u00f6l\u00fcm\u00fcn\u00fcn Lisans d\u00fczeyinde verildi\u011fini ara\u015ft\u0131rmadan a\u00e7an \u00fcniversiteler vard\u0131r. Bilgi ve Belge Y\u00f6netimi [&hellip;]<\/p>\n","protected":false},"author":154,"featured_media":24669,"comment_status":"open","ping_status":"open","sticky":false,"template":"","format":"standard","meta":{"footnotes":""},"categories":[1],"tags":[],"class_list":["post-24668","post","type-post","status-publish","format-standard","has-post-thumbnail","hentry","category-genel"],"_links":{"self":[{"href":"https:\/\/www.bbyhaber.com\/bby\/wp-json\/wp\/v2\/posts\/24668"}],"collection":[{"href":"https:\/\/www.bbyhaber.com\/bby\/wp-json\/wp\/v2\/posts"}],"about":[{"href":"https:\/\/www.bbyhaber.com\/bby\/wp-json\/wp\/v2\/types\/post"}],"author":[{"embeddable":true,"href":"https:\/\/www.bbyhaber.com\/bby\/wp-json\/wp\/v2\/users\/154"}],"replies":[{"embeddable":true,"href":"https:\/\/www.bbyhaber.com\/bby\/wp-json\/wp\/v2\/comments?post=24668"}],"version-history":[{"count":0,"href":"https:\/\/www.bbyhaber.com\/bby\/wp-json\/wp\/v2\/posts\/24668\/revisions"}],"wp:featuredmedia":[{"embeddable":true,"href":"https:\/\/www.bbyhaber.com\/bby\/wp-json\/"}],"wp:attachment":[{"href":"https:\/\/www.bbyhaber.com\/bby\/wp-json\/wp\/v2\/media?parent=24668"}],"wp:term":[{"taxonomy":"category","embeddable":true,"href":"https:\/\/www.bbyhaber.com\/bby\/wp-json\/wp\/v2\/categories?post=24668"},{"taxonomy":"post_tag","embeddable":true,"href":"https:\/\/www.bbyhaber.com\/bby\/wp-json\/wp\/v2\/tags?post=24668"}],"curies":[{"name":"wp","href":"https:\/\/api.w.org\/{rel}","templated":true}]}}