{"id":24661,"date":"2018-07-06T13:31:09","date_gmt":"2018-07-06T10:31:09","guid":{"rendered":"http:\/\/www.bbyhaber.com\/bby\/?p=24661"},"modified":"2018-07-23T13:24:01","modified_gmt":"2018-07-23T10:24:01","slug":"osym-sozlesmeli-yerli-uzman-alimi-son-basvuru-23-temmuz-2018","status":"publish","type":"post","link":"https:\/\/www.bbyhaber.com\/bby\/2018\/07\/06\/osym-sozlesmeli-yerli-uzman-alimi-son-basvuru-23-temmuz-2018","title":{"rendered":"\u00d6SYM S\u00f6zle\u015fmeli Yerli Uzman Al\u0131m\u0131-Son ba\u015fvuru-23 Temmuz 2018"},"content":{"rendered":"<p><a href=\"http:\/\/www.bbyhaber.com\/bby\/wp-content\/uploads\/2018\/07\/osym-is-ilan2.jpg\"><img loading=\"lazy\" decoding=\"async\" class=\"alignleft size-full wp-image-24670\" src=\"http:\/\/www.bbyhaber.com\/bby\/wp-content\/uploads\/2018\/07\/osym-is-ilan2.jpg\" alt=\"\" width=\"390\" height=\"180\" \/><\/a>\u00d6SYM&#8217;de istihdam edilmek \u00fczere, 17\/2\/2011 tarihli ve 6114 say\u0131l\u0131 \u00d6l\u00e7me, Se\u00e7me ve Yerle\u015ftirme Merkezi Ba\u015fkanl\u0131\u011f\u0131n\u0131n Te\u015fkilat ve G\u00f6revleri Hakk\u0131nda Kanunun 6 nc\u0131 maddesinin 9 uncu f\u0131kras\u0131 ve \u00d6l\u00e7me, Se\u00e7me ve Yerle\u015ftirme Merkezi Ba\u015fkanl\u0131\u011f\u0131nda \u00c7al\u0131\u015ft\u0131r\u0131lacak Yerli ve Yabanc\u0131 S\u00f6zle\u015fmeli Personel Hakk\u0131nda Y\u00f6netmelik h\u00fck\u00fcmlerine g\u00f6re 657 say\u0131l\u0131 Kanun ve di\u011fer mevzuat h\u00fck\u00fcmlerine ba\u011fl\u0131 kalmaks\u0131z\u0131n, 5510 say\u0131l\u0131 Sosyal Sigortalar ve Genel Sa\u011fl\u0131k Sigortas\u0131 Kanununun 4 \u00fcnc\u00fc maddesinin birinci f\u0131kras\u0131n\u0131n (a) bendi kapsam\u0131nda sigortal\u0131 olarak (7) adet s\u00f6zle\u015fmeli yerli uzman personel al\u0131nacakt\u0131r.<!--more--><\/p>\n<table border=\"1\" cellspacing=\"0\" cellpadding=\"0\">\n<tbody>\n<tr>\n<td valign=\"top\"><strong>B\u00d6L\u00dcM<\/strong><\/td>\n<td valign=\"top\"><strong>KONTENJAN<\/strong><\/td>\n<td valign=\"top\"><strong>YABANCI D\u0130L<\/strong><\/td>\n<td valign=\"top\"><strong>D\u00dcZEY\u0130<\/strong><\/td>\n<\/tr>\n<tr>\n<td valign=\"top\">Co\u011frafya<\/td>\n<td rowspan=\"2\">1<\/td>\n<td rowspan=\"2\">\u0130ngilizce<\/td>\n<td rowspan=\"2\">C<\/td>\n<\/tr>\n<tr>\n<td valign=\"top\">Co\u011frafya \u00d6\u011fretmenli\u011fi<\/td>\n<\/tr>\n<tr>\n<td valign=\"top\">\u0130\u015fletme<\/td>\n<td>1<\/td>\n<td>\u0130ngilizce<\/td>\n<td>C<\/td>\n<\/tr>\n<tr>\n<td valign=\"top\">Arap\u00e7a \u00d6\u011fretmenli\u011fi<\/td>\n<td rowspan=\"3\">2<\/td>\n<td rowspan=\"3\">Arap\u00e7a<\/td>\n<td rowspan=\"3\">B<\/td>\n<\/tr>\n<tr>\n<td valign=\"top\">Arap Dili ve Edebiyat\u0131<\/td>\n<\/tr>\n<tr>\n<td valign=\"top\">M\u00fctercim &#8211; Terc\u00fcmanl\u0131k (Arap\u00e7a)<\/td>\n<\/tr>\n<tr>\n<td valign=\"top\">Almanca \u00d6\u011fretmenli\u011fi<\/td>\n<td rowspan=\"4\">1<\/td>\n<td rowspan=\"4\">Almanca<\/td>\n<td rowspan=\"4\">A<\/td>\n<\/tr>\n<tr>\n<td valign=\"top\">Alman Dili ve Edebiyat\u0131<\/td>\n<\/tr>\n<tr>\n<td valign=\"top\">M\u00fctercim &#8211; Terc\u00fcmanl\u0131k (Almanca)<\/td>\n<\/tr>\n<tr>\n<td valign=\"top\">\u00c7eviribilim (Almanca)<\/td>\n<\/tr>\n<tr>\n<td valign=\"top\"><span style=\"color: #0000ff;\"><strong>Bilgi ve Belge Y\u00f6netimi<\/strong><\/span><\/td>\n<td><strong>1<\/strong><\/td>\n<td><span style=\"color: #0000ff;\"><strong>\u0130ngilizce<\/strong><\/span><\/td>\n<td><span style=\"color: #0000ff;\"><strong>C<\/strong><\/span><\/td>\n<\/tr>\n<\/tbody>\n<\/table>\n<p><span style=\"color: #ff0000;\"><strong>Ba\u015fvurular,<\/strong>\u00a0<\/span><strong><span style=\"color: #ff0000;\">6 Temmuz 2018 tarihinde ba\u015flayacak olup 23 Temmuz 2018<\/span>\u00a0<\/strong>tarihinde mesai bitiminde sona erecektir. Adaylar\u0131n s\u0131nava kat\u0131labilmesi i\u00e7in S\u0131nav Ba\u015fvuru Formunu bilgisayar ortam\u0131nda eksiksiz olarak doldurup foto\u011fraf yap\u0131\u015ft\u0131rd\u0131ktan sonra, formun \u00e7\u0131kt\u0131s\u0131n\u0131 imzalamak suretiyle\u00a0<strong>Ek\u2019te<\/strong>\u00a0belirtilen belgelerle birlikte, Ba\u015fkanl\u0131\u011f\u0131m\u0131z\u0131n \u00dcniversiteler Mahallesi, \u0130hsan Do\u011framac\u0131 Bulvar\u0131 No:1 Bilkent\/ANKARA 06800 adresinde bulunan \u0130nsan Kaynaklar\u0131 ve Destek Hizmetler Dairesi Ba\u015fkanl\u0131\u011f\u0131na, \u015fahsen veya posta yoluyla ba\u015fvuruda bulunmalar\u0131 gerekmektedir.<\/p>\n<p>S\u00f6zl\u00fc s\u0131nava kat\u0131lmaya hak kazanan adaylara s\u0131nav\u0131n yap\u0131laca\u011f\u0131 tarih ve saat, \u00d6SYM Sonu\u00e7 Sistemi \u00fczerinden\u00a0<strong><a href=\"https:\/\/sonuc.osym.gov.tr\/\" target=\"_blank\" rel=\"noopener\">https:\/\/sonuc.osym.gov.tr<\/a>\u00a0<\/strong>adresinden ilan edilecektir.<\/p>\n<p>Giri\u015f s\u0131nav\u0131 s\u00f6zl\u00fc usul\u00fc ile 07\/08\/2018 tarihinde \u00d6SYM \u00dcniversiteler Mahallesi, \u0130hsan Do\u011framac\u0131 Bulvar\u0131 No:1 Bilkent\/ANKARA adresinde yap\u0131lacakt\u0131r. Ayn\u0131 g\u00fcn bitmemesi halinde takip eden g\u00fcnlerde s\u00f6zl\u00fc s\u0131nava devam edilecektir.<\/p>\n<p>S\u0131nava Ba\u015fvuru \u015eartlar\u0131 ve Genel Bilgiler\u00a0<strong>a\u015fa\u011f\u0131daki ba\u011flant\u0131da\u00a0<\/strong>sunulmu\u015ftur.<\/p>\n<p><strong>Kamuoyuna \u00f6nemle duyurulur.<\/strong><\/p>\n<p><strong>\u00d6SYM BA\u015eKANLI\u011eI<\/strong><\/p>\n<p><strong><em><a href=\"http:\/\/dokuman.osym.gov.tr\/pdfdokuman\/2018\/GENEL\/BasvuruKosullari06072018.pdf\" target=\"_blank\" rel=\"noopener\">S\u0131nava Ba\u015fvuru \u015eartlar\u0131 ve Genel Bilgiler\u00a0<\/a><\/em><\/strong><\/p>\n<p><strong><em><a href=\"http:\/\/dokuman.osym.gov.tr\/pdfdokuman\/2018\/GENEL\/Yerliuzmanform06072018.xls\" target=\"_blank\" rel=\"noopener\">Ba\u015fvuru Formu<\/a><\/em><\/strong><\/p>\n","protected":false},"excerpt":{"rendered":"<p>\u00d6SYM&#8217;de istihdam edilmek \u00fczere, 17\/2\/2011 tarihli ve 6114 say\u0131l\u0131 \u00d6l\u00e7me, Se\u00e7me ve Yerle\u015ftirme Merkezi Ba\u015fkanl\u0131\u011f\u0131n\u0131n Te\u015fkilat ve G\u00f6revleri Hakk\u0131nda Kanunun 6 nc\u0131 maddesinin 9 uncu f\u0131kras\u0131 ve \u00d6l\u00e7me, Se\u00e7me ve Yerle\u015ftirme Merkezi Ba\u015fkanl\u0131\u011f\u0131nda \u00c7al\u0131\u015ft\u0131r\u0131lacak Yerli ve Yabanc\u0131 S\u00f6zle\u015fmeli Personel Hakk\u0131nda Y\u00f6netmelik h\u00fck\u00fcmlerine g\u00f6re 657 say\u0131l\u0131 Kanun ve di\u011fer mevzuat h\u00fck\u00fcmlerine ba\u011fl\u0131 kalmaks\u0131z\u0131n, 5510 say\u0131l\u0131 Sosyal [&hellip;]<\/p>\n","protected":false},"author":1,"featured_media":24670,"comment_status":"open","ping_status":"open","sticky":false,"template":"","format":"standard","meta":{"footnotes":""},"categories":[],"tags":[1393],"class_list":["post-24661","post","type-post","status-publish","format-standard","has-post-thumbnail","hentry","tag-bby-is-ilanlari-arsivi"],"_links":{"self":[{"href":"https:\/\/www.bbyhaber.com\/bby\/wp-json\/wp\/v2\/posts\/24661"}],"collection":[{"href":"https:\/\/www.bbyhaber.com\/bby\/wp-json\/wp\/v2\/posts"}],"about":[{"href":"https:\/\/www.bbyhaber.com\/bby\/wp-json\/wp\/v2\/types\/post"}],"author":[{"embeddable":true,"href":"https:\/\/www.bbyhaber.com\/bby\/wp-json\/wp\/v2\/users\/1"}],"replies":[{"embeddable":true,"href":"https:\/\/www.bbyhaber.com\/bby\/wp-json\/wp\/v2\/comments?post=24661"}],"version-history":[{"count":6,"href":"https:\/\/www.bbyhaber.com\/bby\/wp-json\/wp\/v2\/posts\/24661\/revisions"}],"predecessor-version":[{"id":24671,"href":"https:\/\/www.bbyhaber.com\/bby\/wp-json\/wp\/v2\/posts\/24661\/revisions\/24671"}],"wp:featuredmedia":[{"embeddable":true,"href":"https:\/\/www.bbyhaber.com\/bby\/wp-json\/wp\/v2\/media\/24670"}],"wp:attachment":[{"href":"https:\/\/www.bbyhaber.com\/bby\/wp-json\/wp\/v2\/media?parent=24661"}],"wp:term":[{"taxonomy":"category","embeddable":true,"href":"https:\/\/www.bbyhaber.com\/bby\/wp-json\/wp\/v2\/categories?post=24661"},{"taxonomy":"post_tag","embeddable":true,"href":"https:\/\/www.bbyhaber.com\/bby\/wp-json\/wp\/v2\/tags?post=24661"}],"curies":[{"name":"wp","href":"https:\/\/api.w.org\/{rel}","templated":true}]}}