{"id":2462,"date":"2012-02-06T17:31:50","date_gmt":"2012-02-06T17:31:50","guid":{"rendered":"http:\/\/www.bbyhaber.com\/bby\/?p=2462"},"modified":"2012-02-06T17:36:28","modified_gmt":"2012-02-06T17:36:28","slug":"pursaklarda-sizin-de-kitabiniz-olsun","status":"publish","type":"post","link":"https:\/\/www.bbyhaber.com\/bby\/2012\/02\/06\/pursaklarda-sizin-de-kitabiniz-olsun","title":{"rendered":"Pursaklar\u2019da sizin de kitab\u0131n\u0131z olsun-Ankara"},"content":{"rendered":"<p style=\"text-align: justify;\">\u0130lk defa Pursaklar Belediyesi taraf\u0131ndan hayata ge\u00e7irilecek olan \u201c<a href=\"http:\/\/www.sehirkitaplari.com\" target=\"_blank\">\u015eehir Kitaplar\u0131 K\u00fct\u00fcphanesi<\/a>\u201d i\u00e7in toplanan kitap say\u0131s\u0131 2 bine ula\u015ft\u0131. Halk\u0131n yararlanaca\u011f\u0131 bu kitap saray\u0131nda sizin de kitaplar\u0131n\u0131z bulunsun.<\/p>\n<p style=\"text-align: justify;\">Pursaklar Belediyesi Saray K\u00fclt\u00fcr Merkezinde ger\u00e7ekle\u015ftirilen ve K\u00fclt\u00fcr M\u00fcd\u00fcrl\u00fc\u011f\u00fcn\u00fcn \u00f6zg\u00fcn projelerinden biri olan \u201c\u015eehir Kitaplar\u0131 K\u00fct\u00fcphanesi\u201d i\u00e7in Edirne\u2019den Kars\u2019a, Adana\u2019dan Sinop\u2019a kadar bir\u00e7ok ilden kitap, dergi, makale seferberli\u011fi ba\u015flat\u0131ld\u0131. Kitaba, k\u00fct\u00fcphaneye duyarl\u0131 olan vatanda\u015flar bu proje i\u00e7in sessiz kalmay\u0131p, ellerindeki kitaplar\u0131 Pursaklar Belediyesi\u2019ne g\u00f6ndermeye devam ediyor.<\/p>\n<p style=\"text-align: justify;\">T\u00fcrkiye\u2019de ilk defe Pursaklar Belediyesi taraf\u0131ndan ger\u00e7ekle\u015ftirilen bu \u00f6rnek proje, T\u00fcrkiye\u2019nin gelece\u011fine \u0131\u015f\u0131k tutacak. T\u00fcrkiye\u2019nin \u00f6zellikle de \u015fehirlerin ge\u00e7mi\u015fi, mimarisi, sosyal yap\u0131s\u0131, co\u011frafi konumu ve daha bir\u00e7ok \u00f6zelli\u011finin yer ald\u0131\u011f\u0131 binlerce kitap, tozlu raflardan indirilerek Pursaklar\u2019da hayat bulacak. Gelece\u011fe y\u00f6nelik olarak geni\u015f kapsaml\u0131 d\u00fc\u015f\u00fcn\u00fclen bu proje ile bilime ve \u015fehir mimarisine \u00f6nemli katk\u0131 sa\u011flanacak.<\/p>\n<p style=\"text-align: justify;\"><strong>3 y\u0131lda 10 bin kaynak hedefleniyor<br \/>\n<\/strong><\/p>\n<p style=\"text-align: justify;\">Hem ulusal hem de uluslararas\u0131 bilime hizmet etmesi hedeflenen bu proje, \u00fcniversitelerin mimarl\u0131k m\u00fchendislik b\u00f6l\u00fcmlerinde okuyan \u00f6\u011frencilerden tutun da alanlar\u0131nda y\u00fcksek lisans, doktora yapan binlerce ki\u015finin ba\u015fvuru kayna\u011f\u0131 olacak.<br \/>\nBu k\u00fct\u00fcphaneden sadece T\u00fcrkiye\u2019nin de\u011fil di\u011fer bir\u00e7ok \u00fclke vatanda\u015f\u0131n\u0131n da yararlanabilece\u011fini belirten Pursaklar Belediye Ba\u015fkan\u0131 Sel\u00e7uk \u00c7etin, \u201cT\u00fcrkiye\u2019de ilk defa bizim belediyemiz taraf\u0131ndan hayata ge\u00e7irilen bu k\u00fct\u00fcphaneden sadece T\u00fcrkiye de\u011fil, yurtd\u0131\u015f\u0131ndan \u00fclkemize gelip de \u015fehirler hakk\u0131nda ara\u015ft\u0131rma yapmak isteyen insanlar da faydalanacak.\u201ddedi.<\/p>\n<p style=\"text-align: justify;\">T\u00fcrkiye\u2019de yapt\u0131klar\u0131 hizmetlerle \u201c\u0130lklerin Belediyesi\u201d s\u0131fat\u0131yla an\u0131ld\u0131klar\u0131n\u0131 s\u00f6yleyen Ba\u015fkan \u00c7etin, bu projenin di\u011fer belediyelere de \u00f6rnek olaca\u011f\u0131n\u0131 kaydetti. Daha \u00f6nceki projelerinin de \u00e7ok be\u011fenildi\u011fini hatta taklit edildi\u011fini ifade eden Ba\u015fkan, \u201c\u0130stiyoruz ki bu k\u00fct\u00fcphanemize herkes katk\u0131da bulunsun. Kitaplarla, dergilerle, makalelerle\u2026 Hersek elinden ne geliyorsa onunla katk\u0131 sunarsa daha k\u0131sa s\u00fcrede netice alm\u0131\u015f oluruz.\u201ddiye konu\u015ftu. 3 y\u0131lda 10 bin kitap hedeflenen k\u00fct\u00fcphane i\u00e7in sizler de katk\u0131da bulunarak, elinizdeki kaynaklar\u0131 Pursaklar Belediyesi\u2019ne g\u00f6nderebilirsiniz.<\/p>\n<p style=\"text-align: justify;\">\u015eehir Kitaplar\u0131 K\u00fct\u00fcphanesi i\u00e7in <a href=\"http:\/\/www.sehirkitaplari.com\" target=\"_blank\">t\u0131klay\u0131n\u0131z<\/a><\/p>\n<p style=\"text-align: justify;\">Kaynak: http:\/\/www.moralhaber.net<\/p>\n","protected":false},"excerpt":{"rendered":"<p>\u0130lk defa Pursaklar Belediyesi taraf\u0131ndan hayata ge\u00e7irilecek olan \u201c\u015eehir Kitaplar\u0131 K\u00fct\u00fcphanesi\u201d i\u00e7in toplanan kitap say\u0131s\u0131 2 bine ula\u015ft\u0131. Halk\u0131n yararlanaca\u011f\u0131 bu kitap saray\u0131nda sizin de kitaplar\u0131n\u0131z bulunsun. Pursaklar Belediyesi Saray K\u00fclt\u00fcr Merkezinde ger\u00e7ekle\u015ftirilen ve K\u00fclt\u00fcr M\u00fcd\u00fcrl\u00fc\u011f\u00fcn\u00fcn \u00f6zg\u00fcn projelerinden biri olan \u201c\u015eehir Kitaplar\u0131 K\u00fct\u00fcphanesi\u201d i\u00e7in Edirne\u2019den Kars\u2019a, Adana\u2019dan Sinop\u2019a kadar bir\u00e7ok ilden kitap, dergi, makale seferberli\u011fi [&hellip;]<\/p>\n","protected":false},"author":1,"featured_media":0,"comment_status":"open","ping_status":"open","sticky":false,"template":"","format":"standard","meta":{"footnotes":""},"categories":[1],"tags":[263],"class_list":["post-2462","post","type-post","status-publish","format-standard","hentry","category-genel","tag-sehir-kitaplari-kutuphanesi"],"_links":{"self":[{"href":"https:\/\/www.bbyhaber.com\/bby\/wp-json\/wp\/v2\/posts\/2462"}],"collection":[{"href":"https:\/\/www.bbyhaber.com\/bby\/wp-json\/wp\/v2\/posts"}],"about":[{"href":"https:\/\/www.bbyhaber.com\/bby\/wp-json\/wp\/v2\/types\/post"}],"author":[{"embeddable":true,"href":"https:\/\/www.bbyhaber.com\/bby\/wp-json\/wp\/v2\/users\/1"}],"replies":[{"embeddable":true,"href":"https:\/\/www.bbyhaber.com\/bby\/wp-json\/wp\/v2\/comments?post=2462"}],"version-history":[{"count":0,"href":"https:\/\/www.bbyhaber.com\/bby\/wp-json\/wp\/v2\/posts\/2462\/revisions"}],"wp:attachment":[{"href":"https:\/\/www.bbyhaber.com\/bby\/wp-json\/wp\/v2\/media?parent=2462"}],"wp:term":[{"taxonomy":"category","embeddable":true,"href":"https:\/\/www.bbyhaber.com\/bby\/wp-json\/wp\/v2\/categories?post=2462"},{"taxonomy":"post_tag","embeddable":true,"href":"https:\/\/www.bbyhaber.com\/bby\/wp-json\/wp\/v2\/tags?post=2462"}],"curies":[{"name":"wp","href":"https:\/\/api.w.org\/{rel}","templated":true}]}}