{"id":24522,"date":"2018-06-19T16:55:42","date_gmt":"2018-06-19T13:55:42","guid":{"rendered":"http:\/\/www.bbyhaber.com\/bby\/?p=24522"},"modified":"2018-11-13T15:54:22","modified_gmt":"2018-11-13T12:54:22","slug":"tkd-baskani-ali-fuat-kartal-kiraathane-gundemine-dair-aciklama-yapti","status":"publish","type":"post","link":"https:\/\/www.bbyhaber.com\/bby\/2018\/06\/19\/tkd-baskani-ali-fuat-kartal-kiraathane-gundemine-dair-aciklama-yapti","title":{"rendered":"TKD Ba\u015fkan\u0131 Ali Fuat Kartal &#8220;K\u0131raathane&#8221; g\u00fcndemine dair a\u00e7\u0131klama yapt\u0131"},"content":{"rendered":"<p><strong><a href=\"http:\/\/www.bbyhaber.com\/bby\/wp-content\/uploads\/2018\/06\/kiraathane-kutuphane-gundemi-e1529085741757.png\"><img loading=\"lazy\" decoding=\"async\" class=\"alignleft size-full wp-image-24509\" src=\"http:\/\/www.bbyhaber.com\/bby\/wp-content\/uploads\/2018\/06\/kiraathane-kutuphane-gundemi-e1529085741757.png\" alt=\"\" width=\"390\" height=\"180\" \/><\/a>T\u00fcrk K\u00fct\u00fcphaneciler Derne\u011fi Genel Ba\u015fkan\u0131 Ali Fuat Kartal<\/strong>, iktidar\u0131n se\u00e7im vaatleri aras\u0131nda yer alan \u201c<strong>k\u0131raathaneler<\/strong>\u201d konusu \u00fczerine a\u00e7\u0131klamalarda bulundu. A\u00e7\u0131klamada \u201ctoplumsal bir varl\u0131k olan k\u00fct\u00fcphane kurumu siyasal, ekonomik ve k\u00fclt\u00fcrel dokumuza yapt\u0131\u011f\u0131 etki de\u011ferlendirilmeden, pop\u00fclist kavramlar \u00fczerinden tart\u0131\u015f\u0131lmaktad\u0131r\u201d denildi. Ali Fuat Kartal\u2019\u0131n a\u00e7\u0131klamas\u0131nda ayr\u0131ca \u201cTart\u0131\u015facaksak, \u00f6ncelikle k\u00fct\u00fcphanecilerin \u00f6zl\u00fck haklar\u0131n\u0131, istihdam sorununu, kapal\u0131 k\u00fct\u00fcphaneleri, k\u00fct\u00fcphanesi olmayan il\u00e7eleri, k\u00f6yleri tart\u0131\u015fal\u0131m\u201d ifadesi yer ald\u0131.<!--more--><\/p>\n<p>A\u00e7\u0131klaman\u0131n tam metni \u015f\u00f6yle:<\/p>\n<p>Bilgi hizmetlerinin \u00e7ekirde\u011fini olu\u015fturan k\u00fct\u00fcphane kurumunun amac\u0131; bilgiye katma de\u011fer kazand\u0131rarak bilgi t\u00fcketimini \u00f6zendirmektir. Bilgi \u00fcretim ve t\u00fcketim merkezleri olan k\u00fct\u00fcphaneler demokratik yap\u0131lar\u0131 ile g\u00fcn\u00fcm\u00fcz\u00fcn vazge\u00e7ilmez toplumsal dinamiklerden birisidir.<\/p>\n<p>Bilimsel ve teknolojik geli\u015fmelere ko\u015fut olarak, ilke, ama\u00e7 ve i\u00e7eri\u011fi de\u011fi\u015fen k\u00fct\u00fcphanecilik anlay\u0131\u015f\u0131 bug\u00fcn tart\u0131\u015f\u0131lan kek olay\u0131n\u0131 \u00e7oktan a\u015fm\u0131\u015f, toplumsal bar\u0131\u015fa katk\u0131 sunmak ad\u0131na f\u0131rsat e\u015fitli\u011fini nas\u0131l sa\u011flayabilece\u011fi ve bireylerin birbirini anlamas\u0131na nas\u0131l katk\u0131da bulunabilece\u011finin yollar\u0131n\u0131 ar\u0131yor.<\/p>\n<p>Bilimsel ve teknolojik geli\u015fimlere ra\u011fmen g\u00fcn\u00fcm\u00fczde k\u00fct\u00fcphanenin temsil etti\u011fi \u015feyi tam olarak kar\u015f\u0131layabilecek bir s\u00f6zc\u00fck olmad\u0131\u011f\u0131 i\u00e7in halen <strong>d\u00fcnya \u00fclkeleri k\u00fct\u00fcphane \u201cba\u015fl\u0131\u011f\u0131n\u0131\u201d<\/strong> kullanmaya devam etmektedir.<\/p>\n<p><strong>\u00d6zetle, se\u00e7im s\u00fcrecinde siyasi propaganda i\u00e7in de olsa k\u00fct\u00fcphane kurumunun tart\u0131\u015f\u0131lmas\u0131 sevindirici bir geli\u015fme olarak g\u00f6rmekteyiz.<\/strong><\/p>\n<p>Ancak toplumsal bir varl\u0131k olan k\u00fct\u00fcphane kurumunun siyasal, ekonomik ve k\u00fclt\u00fcrel dokumuza yapt\u0131\u011f\u0131 etki de\u011ferlendirilmeden, pop\u00fclist kavramlar \u00fczerinden tart\u0131\u015f\u0131lmaktad\u0131r.<\/p>\n<p><strong>Tart\u0131\u015facaksak, \u00f6ncelikle k\u00fct\u00fcphanecilerin \u00f6zl\u00fck haklar\u0131n\u0131, istihdam sorununu, kapal\u0131 k\u00fct\u00fcphaneleri, k\u00fct\u00fcphanesi olmayan il\u00e7eleri, k\u00f6yleri tart\u0131\u015fal\u0131m.<\/strong><\/p>\n<p>Sayg\u0131lar\u0131mla kamuoyuna duyurulur.<\/p>\n<p><a href=\"http:\/\/www.kulturservisi.com\/\" target=\"_blank\" rel=\"noopener\">Kaynak<\/a><\/p>\n","protected":false},"excerpt":{"rendered":"<p>T\u00fcrk K\u00fct\u00fcphaneciler Derne\u011fi Genel Ba\u015fkan\u0131 Ali Fuat Kartal, iktidar\u0131n se\u00e7im vaatleri aras\u0131nda yer alan \u201ck\u0131raathaneler\u201d konusu \u00fczerine a\u00e7\u0131klamalarda bulundu. A\u00e7\u0131klamada \u201ctoplumsal bir varl\u0131k olan k\u00fct\u00fcphane kurumu siyasal, ekonomik ve k\u00fclt\u00fcrel dokumuza yapt\u0131\u011f\u0131 etki de\u011ferlendirilmeden, pop\u00fclist kavramlar \u00fczerinden tart\u0131\u015f\u0131lmaktad\u0131r\u201d denildi. Ali Fuat Kartal\u2019\u0131n a\u00e7\u0131klamas\u0131nda ayr\u0131ca \u201cTart\u0131\u015facaksak, \u00f6ncelikle k\u00fct\u00fcphanecilerin \u00f6zl\u00fck haklar\u0131n\u0131, istihdam sorununu, kapal\u0131 k\u00fct\u00fcphaneleri, k\u00fct\u00fcphanesi olmayan [&hellip;]<\/p>\n","protected":false},"author":1,"featured_media":24509,"comment_status":"open","ping_status":"open","sticky":false,"template":"","format":"standard","meta":{"footnotes":""},"categories":[1474],"tags":[1054,1463],"class_list":["post-24522","post","type-post","status-publish","format-standard","has-post-thumbnail","hentry","category-ali-fuat-kartal","tag-kiraathane-kutuphane","tag-millet-kiraathanesi"],"_links":{"self":[{"href":"https:\/\/www.bbyhaber.com\/bby\/wp-json\/wp\/v2\/posts\/24522"}],"collection":[{"href":"https:\/\/www.bbyhaber.com\/bby\/wp-json\/wp\/v2\/posts"}],"about":[{"href":"https:\/\/www.bbyhaber.com\/bby\/wp-json\/wp\/v2\/types\/post"}],"author":[{"embeddable":true,"href":"https:\/\/www.bbyhaber.com\/bby\/wp-json\/wp\/v2\/users\/1"}],"replies":[{"embeddable":true,"href":"https:\/\/www.bbyhaber.com\/bby\/wp-json\/wp\/v2\/comments?post=24522"}],"version-history":[{"count":3,"href":"https:\/\/www.bbyhaber.com\/bby\/wp-json\/wp\/v2\/posts\/24522\/revisions"}],"predecessor-version":[{"id":24525,"href":"https:\/\/www.bbyhaber.com\/bby\/wp-json\/wp\/v2\/posts\/24522\/revisions\/24525"}],"wp:featuredmedia":[{"embeddable":true,"href":"https:\/\/www.bbyhaber.com\/bby\/wp-json\/wp\/v2\/media\/24509"}],"wp:attachment":[{"href":"https:\/\/www.bbyhaber.com\/bby\/wp-json\/wp\/v2\/media?parent=24522"}],"wp:term":[{"taxonomy":"category","embeddable":true,"href":"https:\/\/www.bbyhaber.com\/bby\/wp-json\/wp\/v2\/categories?post=24522"},{"taxonomy":"post_tag","embeddable":true,"href":"https:\/\/www.bbyhaber.com\/bby\/wp-json\/wp\/v2\/tags?post=24522"}],"curies":[{"name":"wp","href":"https:\/\/api.w.org\/{rel}","templated":true}]}}