{"id":24508,"date":"2018-06-15T21:03:08","date_gmt":"2018-06-15T18:03:08","guid":{"rendered":"http:\/\/www.bbyhaber.com\/bby\/?p=24508"},"modified":"2018-11-13T15:57:40","modified_gmt":"2018-11-13T12:57:40","slug":"kiraathane-gundemine-dair-prof-dr-bulent-yilmaz","status":"publish","type":"post","link":"https:\/\/www.bbyhaber.com\/bby\/2018\/06\/15\/kiraathane-gundemine-dair-prof-dr-bulent-yilmaz","title":{"rendered":"K\u0131raathane g\u00fcndemine dair-Prof. Dr. B\u00fclent Y\u0131lmaz"},"content":{"rendered":"<p>[avatar user=&#8221;bulentyilmaz&#8221; \/]<a href=\"http:\/\/www.bbyhaber.com\/bby\/author\/bulentyilmaz\"><br \/>\nProf.Dr.B\u00fclent YILMAZ<\/a><br \/>\n<strong>Hacettepe \u00dcniversitesi BBY B\u00f6l\u00fcm\u00fc \u00d6\u011fretim \u00dcyesi<\/strong><\/p>\n<p><a href=\"http:\/\/www.bbyhaber.com\/bby\/wp-content\/uploads\/2018\/06\/kiraathane-kutuphane-gundemi.png\"><img loading=\"lazy\" decoding=\"async\" class=\"alignleft size-full wp-image-24509\" src=\"http:\/\/www.bbyhaber.com\/bby\/wp-content\/uploads\/2018\/06\/kiraathane-kutuphane-gundemi.png\" alt=\"\" width=\"390\" height=\"180\" \/><\/a>Asl\u0131nda, futbol deyimiyle s\u00f6ylemek gerekirse, &#8220;topa girmenin&#8221; tam zaman\u0131. \u00c7\u00fcnk\u00fc k\u00fct\u00fcphanecilere m\u00fcthi\u015f bir pas verildi. T\u00fcrkiye&#8217;de bug\u00fcne kadar hi\u00e7bir se\u00e7im \u00f6ncesinde k\u00fct\u00fcphane konusu &#8220;k\u0131raathane&#8221; kavram\u0131 \u00fcst\u00fcnden de olsa bu kadar g\u00fc\u00e7l\u00fc bi\u00e7imde g\u00fcndeme gelmemi\u015f, tart\u0131\u015f\u0131lmam\u0131\u015ft\u0131.<!--more--> Ke\u015fke, sivil toplum kurulu\u015flar\u0131m\u0131z bu tart\u0131\u015fma konusunda siyasal bir parti ya da ki\u015fi tercihine girmeden, taraf olmadan T\u00fcrkiye&#8217;nin gelece\u011fi i\u00e7in k\u0131sa ve \u00e7a\u011fda\u015f bir k\u00fct\u00fcphane politikas\u0131 a\u00e7\u0131klamas\u0131 ya<span class=\"text_exposed_show\">pabilse. <strong>Ya\u015fanan tart\u0131\u015fmay\u0131 bir f\u0131rsat olarak g\u00f6r\u00fcp konuyu k\u0131raathane meslesinden alarak k\u00fct\u00fcphaneye getirebilse<\/strong>. Bu konuda partilere ve liderlerine bilimsel yakla\u015f\u0131m\u0131 sunsa, bu arada k\u00fct\u00fcphanelerle ilgili sorunlar\u0131m\u0131z\u0131 ve beklentilerimizi dile getirse. Bu f\u0131rsat bir daha kolay kolay ele ge\u00e7mez!<\/span><\/p>\n<div class=\"text_exposed_show\">\n<p>Hem de konuyu daha sa\u011fl\u0131kl\u0131 bir tart\u0131\u015fma zeminine \u00e7ekmi\u015f oluruz.<\/p>\n<p>B\u00f6yle bir a\u00e7\u0131klama her se\u00e7im \u00f6ncesi sivil toplum kurulu\u015flar\u0131m\u0131z taraf\u0131ndan zaten yap\u0131lmas\u0131 gereken bir a\u00e7\u0131klamad\u0131r. Ancak \u015fimdi bunun i\u00e7in hem g\u00fczel bir f\u0131rsat sunulmu\u015f hem de durum bir zorunluluk halini alm\u0131\u015ft\u0131r.<\/p>\n<p><strong>Ayr\u0131ca konuyu meslekta\u015flar olarak aram\u0131zda g\u00fcnl\u00fck siyasi yakla\u015f\u0131mlar\u0131n d\u0131\u015f\u0131nda tart\u0131\u015fmal\u0131y\u0131z;<\/strong> \u00e7\u00fcnk\u00fc kafalar kar\u0131\u015fmaya ba\u015flad\u0131.\u00d6zellikle gen\u00e7 arkada\u015flar &#8220;<strong>K\u0131raathanelerde BBY mezunlar\u0131 \u00e7al\u0131\u015ft\u0131r\u0131lacak m\u0131?<\/strong>&#8221; t\u00fcr\u00fc iyi niyetli ama ilgin\u00e7 sorular soruyorlar.<\/p>\n<p>Kurulu\u015flar belirli tarihsel ve toplumsal ko\u015fullar\u0131n \u00fcr\u00fcn\u00fcd\u00fcr; o ko\u015fullar yok olunca kurumlar da yok olur ve yerlerine yeni ko\u015fullar\u0131n gerektirdi\u011fi yeni kurulu\u015flar ortaya \u00e7\u0131kar. G\u00fcn\u00fcm\u00fcz toplumlar\u0131nda bilim, e\u011fitim, ara\u015ft\u0131rma, okuma, bilgilenme s\u00fcre\u00e7lerine ili\u015fkin modern kurulu\u015flar k\u00fct\u00fcphanelerdir (bu alan i\u00e7in ar\u015fiv ve m\u00fczeleri de saymak gerek tabi.). Kan\u0131mca k\u00fct\u00fcphanecilerin bak\u0131\u015f a\u00e7\u0131s\u0131 da b\u00f6yle olmal\u0131d\u0131r.<\/p>\n<\/div>\n","protected":false},"excerpt":{"rendered":"<p>[avatar user=&#8221;bulentyilmaz&#8221; \/] Prof.Dr.B\u00fclent YILMAZ Hacettepe \u00dcniversitesi BBY B\u00f6l\u00fcm\u00fc \u00d6\u011fretim \u00dcyesi Asl\u0131nda, futbol deyimiyle s\u00f6ylemek gerekirse, &#8220;topa girmenin&#8221; tam zaman\u0131. \u00c7\u00fcnk\u00fc k\u00fct\u00fcphanecilere m\u00fcthi\u015f bir pas verildi. T\u00fcrkiye&#8217;de bug\u00fcne kadar hi\u00e7bir se\u00e7im \u00f6ncesinde k\u00fct\u00fcphane konusu &#8220;k\u0131raathane&#8221; kavram\u0131 \u00fcst\u00fcnden de olsa bu kadar g\u00fc\u00e7l\u00fc bi\u00e7imde g\u00fcndeme gelmemi\u015f, tart\u0131\u015f\u0131lmam\u0131\u015ft\u0131.<\/p>\n","protected":false},"author":146,"featured_media":24509,"comment_status":"open","ping_status":"open","sticky":false,"template":"","format":"standard","meta":{"footnotes":""},"categories":[1502],"tags":[1460,1054,1463],"class_list":["post-24508","post","type-post","status-publish","format-standard","has-post-thumbnail","hentry","category-prof-dr-bulent-yilmaz","tag-kose-yazarlari","tag-kiraathane-kutuphane","tag-millet-kiraathanesi"],"_links":{"self":[{"href":"https:\/\/www.bbyhaber.com\/bby\/wp-json\/wp\/v2\/posts\/24508"}],"collection":[{"href":"https:\/\/www.bbyhaber.com\/bby\/wp-json\/wp\/v2\/posts"}],"about":[{"href":"https:\/\/www.bbyhaber.com\/bby\/wp-json\/wp\/v2\/types\/post"}],"author":[{"embeddable":true,"href":"https:\/\/www.bbyhaber.com\/bby\/wp-json\/wp\/v2\/users\/146"}],"replies":[{"embeddable":true,"href":"https:\/\/www.bbyhaber.com\/bby\/wp-json\/wp\/v2\/comments?post=24508"}],"version-history":[{"count":4,"href":"https:\/\/www.bbyhaber.com\/bby\/wp-json\/wp\/v2\/posts\/24508\/revisions"}],"predecessor-version":[{"id":24514,"href":"https:\/\/www.bbyhaber.com\/bby\/wp-json\/wp\/v2\/posts\/24508\/revisions\/24514"}],"wp:featuredmedia":[{"embeddable":true,"href":"https:\/\/www.bbyhaber.com\/bby\/wp-json\/wp\/v2\/media\/24509"}],"wp:attachment":[{"href":"https:\/\/www.bbyhaber.com\/bby\/wp-json\/wp\/v2\/media?parent=24508"}],"wp:term":[{"taxonomy":"category","embeddable":true,"href":"https:\/\/www.bbyhaber.com\/bby\/wp-json\/wp\/v2\/categories?post=24508"},{"taxonomy":"post_tag","embeddable":true,"href":"https:\/\/www.bbyhaber.com\/bby\/wp-json\/wp\/v2\/tags?post=24508"}],"curies":[{"name":"wp","href":"https:\/\/api.w.org\/{rel}","templated":true}]}}