{"id":24495,"date":"2018-06-11T11:34:04","date_gmt":"2018-06-11T08:34:04","guid":{"rendered":"http:\/\/www.bbyhaber.com\/bby\/?p=24495"},"modified":"2018-06-11T11:38:34","modified_gmt":"2018-06-11T08:38:34","slug":"karne-hediyesi-kutuphaneden-karneni-getir-kitabini-gotur","status":"publish","type":"post","link":"https:\/\/www.bbyhaber.com\/bby\/2018\/06\/11\/karne-hediyesi-kutuphaneden-karneni-getir-kitabini-gotur","title":{"rendered":"Karne hediyesi k\u00fct\u00fcphaneden, &#8220;Karneni Getir Kitab\u0131n\u0131 G\u00f6t\u00fcr&#8221;"},"content":{"rendered":"<p><strong><a href=\"http:\/\/www.bbyhaber.com\/bby\/wp-content\/uploads\/2018\/06\/karneni-getir-kitabini-gotur.jpg\"><img loading=\"lazy\" decoding=\"async\" class=\"alignleft size-full wp-image-24496\" src=\"http:\/\/www.bbyhaber.com\/bby\/wp-content\/uploads\/2018\/06\/karneni-getir-kitabini-gotur.jpg\" alt=\"\" width=\"390\" height=\"180\" \/><\/a>Bergama Ara\u015ft\u0131rma K\u00fct\u00fcphanesi<\/strong> taraf\u0131ndan 2 y\u0131ld\u0131r 4 d\u00f6nemdir devam eden ve y\u00fcr\u00fct\u00fcc\u00fcl\u00fc\u011f\u00fcn\u00fc de\u011ferli meslekta\u015f\u0131m\u0131z Ayd\u0131n \u0130LER\u0130&#8217;nin yapt\u0131\u011f\u0131 &#8220;<strong>Karne Hediyesi K\u00fct\u00fcphaneden Karneni Getir Kitab\u0131n\u0131 G\u00f6t\u00fcr<\/strong>&#8221; \u00e7al\u0131\u015fmas\u0131 bu y\u0131lda organize edildi. \u0130leri \u015fu a\u00e7\u0131klamalarda bulundu: &#8220;Bergama Belediye Ba\u015fkan\u0131 Say\u0131n Mehmet G\u00f6nen\u00e7&#8217;in okuma k\u00fclt\u00fcr\u00fcne verdi\u011fi \u00f6nem, okumaya verdi\u011fi de\u011fer bir gelenek haline geldi. Kitap hediyeleri Bergamal\u0131 \u00f6\u011frencileri sevindirdi.<!--more--> 8 Haziran- 13 Haziran tarihleri aras\u0131nda \u00f6\u011frenciler Bergama Belediyesi Bergama Ara\u015ft\u0131rma K\u00fct\u00fcphanesinde hediye kitaplar\u0131n\u0131 alabilecekler. Ayr\u0131ca uzak k\u00f6ylerdeki \u00f6\u011frencilerin kitaplar\u0131n\u0131 kitap talep Muhtarlar\u0131n \u00fczerinden da\u011f\u0131t\u0131yoruz.<\/p>\n<p><a href=\"https:\/\/www.facebook.com\/aydinileri\/media_set?set=a.10157382696242646.1073742029.822177645&amp;type=3\" target=\"_blank\" rel=\"noopener\">\u00c7al\u0131\u015fma hakk\u0131nda g\u00f6rselleri g\u00f6rmek i\u00e7in l\u00fctfen t\u0131klay\u0131n\u0131z.<\/a><\/p>\n<p>BERGAMA&#8217;DA \u00c7OCUKLARA YAZ TAT\u0130L\u0130 ve KARNE HED\u0130YES\u0130 K\u00dcT\u00dcPHANEDEN<\/p>\n<p>2017-2018 e\u011fitim \u00f6\u011fretim y\u0131l\u0131n\u0131 geride b\u0131rakt\u0131k. T\u00fcm \u00f6\u011frencilerimize iyi tatiller, iyi dinlenmeler diliyoruz.<\/p>\n<p>Okuma K\u00fclt\u00fcr\u00fcn\u00fcn Bergama&#8217;da yayg\u0131nla\u015fmas\u0131 i\u00e7in kitap fuarlar\u0131, yazar s\u00f6yle\u015fileri etkinlikler d\u00fczenleyen Bergama Belediyesi yaz tatilinde \u00e7ocuklar\u0131n en sevdi\u011fi u\u011fra\u015f\u0131n &#8220;okuma u\u011fra\u015f\u0131&#8221; oldu\u011funun bilinciyle \u00e7al\u0131\u015fmalar\u0131n\u0131 s\u00fcrd\u00fcr\u00fcyor.<\/p>\n<p>Bergama Belediyesi \u00c7ocuk Kul\u00fcb\u00fc ve Bergama Ara\u015ft\u0131rmalar\u0131 K\u00fct\u00fcphanesi tatile giren Bergamal\u0131 \u00f6\u011frencilere yaz tatili ve karne hediyesi olarak 2 y\u0131l \u00f6nce ba\u015flatt\u0131\u011f\u0131 gelene\u011fi s\u00fcrd\u00fcr\u00fcyor &#8220;Karneni Getir Kitab\u0131n\u0131 G\u00f6t\u00fcr&#8221; etkinli\u011fi d\u00fczenliyor.<\/p>\n<p>8 Haziran cuma g\u00fcn\u00fc saat 10.00&#8217;dan itibaren Bergama K\u00fclt\u00fcr Merkezinde Bergama Ara\u015ft\u0131rmalar\u0131 k\u00fct\u00fcphanesinde \u00e7ocuklara kitap da\u011f\u0131t\u0131m\u0131 ile ba\u015fland\u0131 &#8220;Karneni Getir Kitab\u0131n\u0131 G\u00f6t\u00fcr&#8221; etkinli\u011fi 13 Haziran \u00c7ar\u015famba g\u00fcn\u00fc saat 18.00&#8217;de sona erecek.<\/p>\n<p>Kitap da\u011f\u0131t\u0131m noktas\u0131: Bergama K\u00fclt\u00fcr Merkezi &#8211; Bergama Ara\u015ft\u0131rmalar\u0131 K\u00fct\u00fcphanesi&#8221;<\/p>\n<p><strong>Bergama Ara\u015ft\u0131rmalar\u0131 K\u00fct\u00fcphanesi<\/strong> Pazar g\u00fcn\u00fc hari\u00e7 her g\u00fcn saat 09.00-18.00 aras\u0131 hizmet vermektedir.<br \/>\n#karnenigetirkitab\u0131n\u0131g\u00f6t\u00fcr<br \/>\n#KarneHediyesiK\u00fct\u00fcphaneden<br \/>\n#TatilHediyesiK\u00fct\u00fcphaneden<br \/>\n#BergamaAra\u015ft\u0131rmalar\u0131zK\u00fct\u00fcphanesi<br \/>\n#Bergama\u00c7ocukKul\u00fcb\u00fc<br \/>\n#BergamaBelediyesi<br \/>\n#Herkes\u0130\u00e7inK\u00fct\u00fcphane<br \/>\n#K\u00fct\u00fcphane #Kitap #okumak\u00fclt\u00fcr\u00fc #okumaal\u0131\u015fkanl\u0131\u011f\u0131<\/p>\n<p><em><strong>Ayd\u0131n \u0130leri\/ Bergama Ara\u015ft\u0131rmalar\u0131 K\u00fct\u00fcphanesi Koordinat\u00f6r\u00fc<\/strong><\/em><\/p>\n","protected":false},"excerpt":{"rendered":"<p>Bergama Ara\u015ft\u0131rma K\u00fct\u00fcphanesi taraf\u0131ndan 2 y\u0131ld\u0131r 4 d\u00f6nemdir devam eden ve y\u00fcr\u00fct\u00fcc\u00fcl\u00fc\u011f\u00fcn\u00fc de\u011ferli meslekta\u015f\u0131m\u0131z Ayd\u0131n \u0130LER\u0130&#8217;nin yapt\u0131\u011f\u0131 &#8220;Karne Hediyesi K\u00fct\u00fcphaneden Karneni Getir Kitab\u0131n\u0131 G\u00f6t\u00fcr&#8221; \u00e7al\u0131\u015fmas\u0131 bu y\u0131lda organize edildi. \u0130leri \u015fu a\u00e7\u0131klamalarda bulundu: &#8220;Bergama Belediye Ba\u015fkan\u0131 Say\u0131n Mehmet G\u00f6nen\u00e7&#8217;in okuma k\u00fclt\u00fcr\u00fcne verdi\u011fi \u00f6nem, okumaya verdi\u011fi de\u011fer bir gelenek haline geldi. Kitap hediyeleri Bergamal\u0131 \u00f6\u011frencileri sevindirdi.<\/p>\n","protected":false},"author":1,"featured_media":24496,"comment_status":"open","ping_status":"open","sticky":false,"template":"","format":"standard","meta":{"footnotes":""},"categories":[1476],"tags":[1451,1053],"class_list":["post-24495","post","type-post","status-publish","format-standard","has-post-thumbnail","hentry","category-aydin-ileri","tag-belediye-kutuphaneleri","tag-kutuphane-karne"],"_links":{"self":[{"href":"https:\/\/www.bbyhaber.com\/bby\/wp-json\/wp\/v2\/posts\/24495"}],"collection":[{"href":"https:\/\/www.bbyhaber.com\/bby\/wp-json\/wp\/v2\/posts"}],"about":[{"href":"https:\/\/www.bbyhaber.com\/bby\/wp-json\/wp\/v2\/types\/post"}],"author":[{"embeddable":true,"href":"https:\/\/www.bbyhaber.com\/bby\/wp-json\/wp\/v2\/users\/1"}],"replies":[{"embeddable":true,"href":"https:\/\/www.bbyhaber.com\/bby\/wp-json\/wp\/v2\/comments?post=24495"}],"version-history":[{"count":4,"href":"https:\/\/www.bbyhaber.com\/bby\/wp-json\/wp\/v2\/posts\/24495\/revisions"}],"predecessor-version":[{"id":24500,"href":"https:\/\/www.bbyhaber.com\/bby\/wp-json\/wp\/v2\/posts\/24495\/revisions\/24500"}],"wp:featuredmedia":[{"embeddable":true,"href":"https:\/\/www.bbyhaber.com\/bby\/wp-json\/wp\/v2\/media\/24496"}],"wp:attachment":[{"href":"https:\/\/www.bbyhaber.com\/bby\/wp-json\/wp\/v2\/media?parent=24495"}],"wp:term":[{"taxonomy":"category","embeddable":true,"href":"https:\/\/www.bbyhaber.com\/bby\/wp-json\/wp\/v2\/categories?post=24495"},{"taxonomy":"post_tag","embeddable":true,"href":"https:\/\/www.bbyhaber.com\/bby\/wp-json\/wp\/v2\/tags?post=24495"}],"curies":[{"name":"wp","href":"https:\/\/api.w.org\/{rel}","templated":true}]}}