{"id":2449,"date":"2012-02-04T17:27:57","date_gmt":"2012-02-04T17:27:57","guid":{"rendered":"http:\/\/www.bbyhaber.com\/bby\/?p=2449"},"modified":"2013-02-13T11:21:41","modified_gmt":"2013-02-13T09:21:41","slug":"solhanda-iki-kutuphane-daha-kuruldu-bingol","status":"publish","type":"post","link":"https:\/\/www.bbyhaber.com\/bby\/2012\/02\/04\/solhanda-iki-kutuphane-daha-kuruldu-bingol","title":{"rendered":"Solhan&#8217;da iki k\u00fct\u00fcphane daha kuruldu-Bing\u00f6l"},"content":{"rendered":"<p style=\"text-align: justify;\">Solhan G\u00f6n\u00fcl Hareketi gen\u00e7lerin ba\u015flatt\u0131klar\u0131 kahvehaneleri k\u00fct\u00fcphanelere d\u00f6n\u00fc\u015ft\u00fcr\u00fclme projesi kapsam\u0131nda kurulan kitapl\u0131klara Solhan \u0130l\u00e7e Emniyet M\u00fcd\u00fcrl\u00fc\u011f\u00fc ve \u0130l\u00e7e M\u00fcft\u00fcl\u00fc\u011f\u00fc destek verdi. \u0130l\u00e7e Emniyet M\u00fcd\u00fcr\u00fc O\u011fuz Yurdaer ve \u0130l\u00e7e M\u00fcft\u00fcs\u00fc \u0130brahim \u00d6zdemir, kurduklar\u0131 k\u00fct\u00fcphaneleri ziyaret edip vatanda\u015flar ile \u00e7ay sohbetinde bir araya geldiler.\u00a0 Vatanda\u015flar\u0131n k\u00fct\u00fcphaneyle ilgili olarak g\u00f6r\u00fc\u015f ve \u00f6nerilerini ortaya koydu\u011fu sohbette \u0130l\u00e7e M\u00fcft\u00fcs\u00fc \u00d6zdemir, okuman\u0131n ne kadar \u00f6nemli bir duygu oldu\u011funu ifade etti.<!--more--><\/p>\n<p style=\"text-align: justify;\">\u0130l\u00e7ede kahvehanelerinde k\u00fct\u00fcphane kurma \u00e7al\u0131\u015fmalar\u0131na desteklerinin devam edece\u011fin s\u00f6yleyen M\u00fcft\u00fc \u00d6zdemir, sadece camilerde halka okuma ile ilgili bilgi vermenin yeterli olmad\u0131\u011f\u0131n\u0131 kaydederek, \u201cCemaat kahvehanede ise biz de yan\u0131nda olmak i\u00e7in kahvehanelere gelerek sohbet edece\u011fiz\u201d dedi.<\/p>\n<p style=\"text-align: justify;\">\u201c\u0130l\u00e7e halk\u0131yla yapm\u0131\u015f oldu\u011fumuz huzur toplant\u0131lar\u0131nda kahvehanelerde k\u00fct\u00fcphane kurmak i\u00e7in s\u00f6z vermi\u015ftik ve ilk k\u00fct\u00fcphanemizi Havuzlu \u00e7ay evinde kurduk\u201d diyen \u0130l\u00e7e Emniyet M\u00fcd\u00fcr\u00fc Yurdaer, \u201c\u015eimdi ise il\u00e7e m\u00fcft\u00fcl\u00fc\u011f\u00fc ile ortak iki kahvehaneye k\u00fct\u00fcphane kurduk. \u00a0\u0130l\u00e7e kahvehanelerinde yap\u0131lacak kitapl\u0131k \u00e7al\u0131\u015fmalar\u0131na destek verdik ve destek vermeye devam edece\u011fiz\u201d ifadelerini kulland\u0131.<\/p>\n<p style=\"text-align: justify;\">Kaynak: http:\/\/www.bingolonline.com<\/p>\n","protected":false},"excerpt":{"rendered":"<p>Solhan G\u00f6n\u00fcl Hareketi gen\u00e7lerin ba\u015flatt\u0131klar\u0131 kahvehaneleri k\u00fct\u00fcphanelere d\u00f6n\u00fc\u015ft\u00fcr\u00fclme projesi kapsam\u0131nda kurulan kitapl\u0131klara Solhan \u0130l\u00e7e Emniyet M\u00fcd\u00fcrl\u00fc\u011f\u00fc ve \u0130l\u00e7e M\u00fcft\u00fcl\u00fc\u011f\u00fc destek verdi. \u0130l\u00e7e Emniyet M\u00fcd\u00fcr\u00fc O\u011fuz Yurdaer ve \u0130l\u00e7e M\u00fcft\u00fcs\u00fc \u0130brahim \u00d6zdemir, kurduklar\u0131 k\u00fct\u00fcphaneleri ziyaret edip vatanda\u015flar ile \u00e7ay sohbetinde bir araya geldiler.\u00a0 Vatanda\u015flar\u0131n k\u00fct\u00fcphaneyle ilgili olarak g\u00f6r\u00fc\u015f ve \u00f6nerilerini ortaya koydu\u011fu sohbette \u0130l\u00e7e M\u00fcft\u00fcs\u00fc \u00d6zdemir, [&hellip;]<\/p>\n","protected":false},"author":1,"featured_media":0,"comment_status":"open","ping_status":"open","sticky":false,"template":"","format":"standard","meta":{"footnotes":""},"categories":[1,1491],"tags":[],"class_list":["post-2449","post","type-post","status-publish","format-standard","hentry","category-genel","category-kahvehane-kutuphane"],"_links":{"self":[{"href":"https:\/\/www.bbyhaber.com\/bby\/wp-json\/wp\/v2\/posts\/2449"}],"collection":[{"href":"https:\/\/www.bbyhaber.com\/bby\/wp-json\/wp\/v2\/posts"}],"about":[{"href":"https:\/\/www.bbyhaber.com\/bby\/wp-json\/wp\/v2\/types\/post"}],"author":[{"embeddable":true,"href":"https:\/\/www.bbyhaber.com\/bby\/wp-json\/wp\/v2\/users\/1"}],"replies":[{"embeddable":true,"href":"https:\/\/www.bbyhaber.com\/bby\/wp-json\/wp\/v2\/comments?post=2449"}],"version-history":[{"count":0,"href":"https:\/\/www.bbyhaber.com\/bby\/wp-json\/wp\/v2\/posts\/2449\/revisions"}],"wp:attachment":[{"href":"https:\/\/www.bbyhaber.com\/bby\/wp-json\/wp\/v2\/media?parent=2449"}],"wp:term":[{"taxonomy":"category","embeddable":true,"href":"https:\/\/www.bbyhaber.com\/bby\/wp-json\/wp\/v2\/categories?post=2449"},{"taxonomy":"post_tag","embeddable":true,"href":"https:\/\/www.bbyhaber.com\/bby\/wp-json\/wp\/v2\/tags?post=2449"}],"curies":[{"name":"wp","href":"https:\/\/api.w.org\/{rel}","templated":true}]}}