{"id":24487,"date":"2018-06-08T09:48:49","date_gmt":"2018-06-08T06:48:49","guid":{"rendered":"http:\/\/www.bbyhaber.com\/bby\/?p=24487"},"modified":"2018-06-08T09:49:19","modified_gmt":"2018-06-08T06:49:19","slug":"unak-derneginden-bby-bolumu-ogrencilerine-burs-mujdesi","status":"publish","type":"post","link":"https:\/\/www.bbyhaber.com\/bby\/2018\/06\/08\/unak-derneginden-bby-bolumu-ogrencilerine-burs-mujdesi","title":{"rendered":"\u00dcNAK derne\u011finden BBY B\u00f6l\u00fcm\u00fc \u00f6\u011frencilerine burs m\u00fcjdesi"},"content":{"rendered":"<p><a href=\"http:\/\/www.bbyhaber.com\/bby\/wp-content\/uploads\/2018\/06\/unak-bursu.jpg\"><img loading=\"lazy\" decoding=\"async\" class=\"alignleft size-full wp-image-24488\" src=\"http:\/\/www.bbyhaber.com\/bby\/wp-content\/uploads\/2018\/06\/unak-bursu.jpg\" alt=\"\" width=\"390\" height=\"180\" \/><\/a><strong>\u00dcNAK<\/strong> derne\u011fi taraf\u0131ndan BBY B\u00f6l\u00fcm\u00fc \u00f6\u011frencilerine &#8220;<strong>\u00dcNAK Bursu<\/strong>&#8221; ad\u0131 ile burs verilece\u011fi a\u00e7\u0131kland\u0131. Bu konudaki \u00e7al\u0131\u015fmalar\u0131n\u0131 tamamlayan derne\u011fin &#8220;<strong>burs y\u00f6ner<\/strong><span class=\"text_exposed_show\"><strong>gesi<\/strong>&#8221; ni haz\u0131rlad\u0131\u011f\u0131 ve y\u00fcr\u00fcrl\u00fc\u011fe koydu\u011fu bildirildi. Dernekten \u015fu a\u00e7\u0131klama yap\u0131ld\u0131; &#8220;\u00dcNAK derne\u011fi olarak amac\u0131m\u0131z k\u0131s\u0131tl\u0131 kaynaklar\u0131m\u0131z\u0131 daha verimli kullanmak, ihtiya\u00e7 sahibi gen\u00e7 \u00f6\u011frencilerimizin, gelece\u011fin meslekta\u015flar\u0131n\u0131n yan\u0131nda olmakt\u0131r.<\/span><!--more--><\/p>\n<div class=\"text_exposed_show\">\n<p>\u00d6n\u00fcm\u00fczdeki g\u00fcnlerde BBY B\u00f6l\u00fcm ba\u015fkanl\u0131klar\u0131m\u0131za g\u00f6nderilecek y\u00f6nergemizde yer alan ko\u015fullar\u0131 kar\u015f\u0131layan \u00f6\u011frenciler aras\u0131ndan yine y\u00f6nergemizde belirtilen ko\u015fullar \u00e7er\u00e7evesinde se\u00e7im yap\u0131lacakt\u0131r. Burs m\u00fcracaat formlar\u0131 taraf\u0131m\u0131zdan b\u00f6l\u00fcm ba\u015fkanl\u0131klar\u0131na g\u00f6nderilecektir. 2018-2019 \u00f6\u011fretim d\u00f6neminde ba\u015flayacak burs i\u00e7in son m\u00fcracaat tarihi <strong>15 Eyl\u00fcl 2018<\/strong> olarak belirlenmi\u015ftir. Yeni haz\u0131rlanan web sitemizde burs ile ilgili bilgileri de bulabileceksiniz. De\u011ferli \u00f6\u011frencilerimizden bu konudaki duyurular\u0131 sosyal medya kanallar\u0131m\u0131zdan takip etmelerini rica ederiz.&#8221;<\/p>\n<p>&nbsp;<\/p>\n<\/div>\n","protected":false},"excerpt":{"rendered":"<p>\u00dcNAK derne\u011fi taraf\u0131ndan BBY B\u00f6l\u00fcm\u00fc \u00f6\u011frencilerine &#8220;\u00dcNAK Bursu&#8221; ad\u0131 ile burs verilece\u011fi a\u00e7\u0131kland\u0131. Bu konudaki \u00e7al\u0131\u015fmalar\u0131n\u0131 tamamlayan derne\u011fin &#8220;burs y\u00f6nergesi&#8221; ni haz\u0131rlad\u0131\u011f\u0131 ve y\u00fcr\u00fcrl\u00fc\u011fe koydu\u011fu bildirildi. Dernekten \u015fu a\u00e7\u0131klama yap\u0131ld\u0131; &#8220;\u00dcNAK derne\u011fi olarak amac\u0131m\u0131z k\u0131s\u0131tl\u0131 kaynaklar\u0131m\u0131z\u0131 daha verimli kullanmak, ihtiya\u00e7 sahibi gen\u00e7 \u00f6\u011frencilerimizin, gelece\u011fin meslekta\u015flar\u0131n\u0131n yan\u0131nda olmakt\u0131r.<\/p>\n","protected":false},"author":1,"featured_media":24488,"comment_status":"open","ping_status":"open","sticky":false,"template":"","format":"standard","meta":{"footnotes":""},"categories":[1],"tags":[1052],"class_list":["post-24487","post","type-post","status-publish","format-standard","has-post-thumbnail","hentry","category-genel","tag-unak-bursu"],"_links":{"self":[{"href":"https:\/\/www.bbyhaber.com\/bby\/wp-json\/wp\/v2\/posts\/24487"}],"collection":[{"href":"https:\/\/www.bbyhaber.com\/bby\/wp-json\/wp\/v2\/posts"}],"about":[{"href":"https:\/\/www.bbyhaber.com\/bby\/wp-json\/wp\/v2\/types\/post"}],"author":[{"embeddable":true,"href":"https:\/\/www.bbyhaber.com\/bby\/wp-json\/wp\/v2\/users\/1"}],"replies":[{"embeddable":true,"href":"https:\/\/www.bbyhaber.com\/bby\/wp-json\/wp\/v2\/comments?post=24487"}],"version-history":[{"count":2,"href":"https:\/\/www.bbyhaber.com\/bby\/wp-json\/wp\/v2\/posts\/24487\/revisions"}],"predecessor-version":[{"id":24490,"href":"https:\/\/www.bbyhaber.com\/bby\/wp-json\/wp\/v2\/posts\/24487\/revisions\/24490"}],"wp:featuredmedia":[{"embeddable":true,"href":"https:\/\/www.bbyhaber.com\/bby\/wp-json\/wp\/v2\/media\/24488"}],"wp:attachment":[{"href":"https:\/\/www.bbyhaber.com\/bby\/wp-json\/wp\/v2\/media?parent=24487"}],"wp:term":[{"taxonomy":"category","embeddable":true,"href":"https:\/\/www.bbyhaber.com\/bby\/wp-json\/wp\/v2\/categories?post=24487"},{"taxonomy":"post_tag","embeddable":true,"href":"https:\/\/www.bbyhaber.com\/bby\/wp-json\/wp\/v2\/tags?post=24487"}],"curies":[{"name":"wp","href":"https:\/\/api.w.org\/{rel}","templated":true}]}}