{"id":24483,"date":"2018-06-07T14:11:55","date_gmt":"2018-06-07T11:11:55","guid":{"rendered":"http:\/\/www.bbyhaber.com\/bby\/?p=24483"},"modified":"2018-06-07T14:12:19","modified_gmt":"2018-06-07T11:12:19","slug":"merveden-alkislanacak-hareket","status":"publish","type":"post","link":"https:\/\/www.bbyhaber.com\/bby\/2018\/06\/07\/merveden-alkislanacak-hareket","title":{"rendered":"Merve\u2019den alk\u0131\u015flanacak hareket"},"content":{"rendered":"<p><a href=\"http:\/\/www.bbyhaber.com\/bby\/wp-content\/uploads\/2018\/06\/merveden-alkislanacak-hareket.jpg\"><img loading=\"lazy\" decoding=\"async\" class=\"alignleft size-full wp-image-24484\" src=\"http:\/\/www.bbyhaber.com\/bby\/wp-content\/uploads\/2018\/06\/merveden-alkislanacak-hareket.jpg\" alt=\"\" width=\"390\" height=\"180\" \/><\/a>Kapakl\u0131 Y\u0131ld\u0131zkent Ortaokulu 5. S\u0131n\u0131f \u00f6\u011frencisi <strong>Kapakl\u0131 \u0130l\u00e7e Halk K\u00fct\u00fcphanesi<\/strong> \u00fcyesi 11 ya\u015f\u0131ndaki <strong>Merve G\u00fcl Y\u0131lmaz<\/strong>, k\u00fct\u00fcphaneden okumak i\u00e7in 3 \u00f6d\u00fcn\u00e7 kitap ald\u0131. Ders ve s\u0131navlar\u0131n\u0131n yo\u011funlu\u011fundan dolay\u0131 bu 3 kitab\u0131 bitiremeyen ve 15 g\u00fcnl\u00fck teslim s\u00fcresinde k\u00fct\u00fcphaneye bu kitaplar\u0131 teslim edemeyen Merve G\u00fcl Y\u0131lmaz, Kapakl\u0131 \u0130l\u00e7e Halk K\u00fct\u00fcphanesi\u2019ne \u00f6z\u00fcr mektubu yazd\u0131 ve bu mektubu, kitaplarla birlikte k\u00fct\u00fcphane g\u00f6revlilerine teslim etti.<!--more--><\/p>\n<p>Y\u0131lmaz\u2019\u0131n \u00f6z\u00fcr mektubunda \u201cK\u00fct\u00fcphaneden \u00f6d\u00fcn\u00e7 ald\u0131\u011f\u0131m \u2018Kim Korkar Mavi Kurt\u2019tan, \u2018Analitik D\u00fc\u015f\u00fcnme Becerileri\u2019 ve \u2018Elektrik ve Manyetizma\u2019 kitab\u0131n\u0131 zaman\u0131nda getiremedi\u011fim i\u00e7in \u00f6z\u00fcr diliyorum. \u00c7\u00fcnk\u00fc s\u0131navlar\u0131m\u0131z vard\u0131 ve o kadar y\u0131\u011f\u0131n\u0131n i\u00e7inde s\u00fcrekli unutuyordum. Kitaplar\u0131 zaman\u0131nda getiremedi\u011fim i\u00e7in \u00f6z\u00fcr diliyorum.\u201d \u0130fadelerine yer verdi.<\/p>\n<p><strong>\u00d6rnek olsun diye k\u00fct\u00fcphaneye as\u0131ld\u0131<\/strong><\/p>\n<p>Kapakl\u0131 \u0130l\u00e7e Halk K\u00fct\u00fcphanesi personelleri ise, Merve G\u00fcl Y\u0131lmaz\u2019\u0131n bu g\u00fczel hareketinin di\u011fer \u00fcyelerinde g\u00f6rmesi i\u00e7in k\u00fct\u00fcphanenin i\u00e7ine ast\u0131.<\/p>\n<p><a href=\"http:\/\/www.kapaklibakis.com.tr\" target=\"_blank\" rel=\"noopener\">Kaynak<\/a><\/p>\n","protected":false},"excerpt":{"rendered":"<p>Kapakl\u0131 Y\u0131ld\u0131zkent Ortaokulu 5. S\u0131n\u0131f \u00f6\u011frencisi Kapakl\u0131 \u0130l\u00e7e Halk K\u00fct\u00fcphanesi \u00fcyesi 11 ya\u015f\u0131ndaki Merve G\u00fcl Y\u0131lmaz, k\u00fct\u00fcphaneden okumak i\u00e7in 3 \u00f6d\u00fcn\u00e7 kitap ald\u0131. Ders ve s\u0131navlar\u0131n\u0131n yo\u011funlu\u011fundan dolay\u0131 bu 3 kitab\u0131 bitiremeyen ve 15 g\u00fcnl\u00fck teslim s\u00fcresinde k\u00fct\u00fcphaneye bu kitaplar\u0131 teslim edemeyen Merve G\u00fcl Y\u0131lmaz, Kapakl\u0131 \u0130l\u00e7e Halk K\u00fct\u00fcphanesi\u2019ne \u00f6z\u00fcr mektubu yazd\u0131 ve bu mektubu, [&hellip;]<\/p>\n","protected":false},"author":1,"featured_media":24484,"comment_status":"open","ping_status":"open","sticky":false,"template":"","format":"standard","meta":{"footnotes":""},"categories":[1],"tags":[],"class_list":["post-24483","post","type-post","status-publish","format-standard","has-post-thumbnail","hentry","category-genel"],"_links":{"self":[{"href":"https:\/\/www.bbyhaber.com\/bby\/wp-json\/wp\/v2\/posts\/24483"}],"collection":[{"href":"https:\/\/www.bbyhaber.com\/bby\/wp-json\/wp\/v2\/posts"}],"about":[{"href":"https:\/\/www.bbyhaber.com\/bby\/wp-json\/wp\/v2\/types\/post"}],"author":[{"embeddable":true,"href":"https:\/\/www.bbyhaber.com\/bby\/wp-json\/wp\/v2\/users\/1"}],"replies":[{"embeddable":true,"href":"https:\/\/www.bbyhaber.com\/bby\/wp-json\/wp\/v2\/comments?post=24483"}],"version-history":[{"count":2,"href":"https:\/\/www.bbyhaber.com\/bby\/wp-json\/wp\/v2\/posts\/24483\/revisions"}],"predecessor-version":[{"id":24486,"href":"https:\/\/www.bbyhaber.com\/bby\/wp-json\/wp\/v2\/posts\/24483\/revisions\/24486"}],"wp:featuredmedia":[{"embeddable":true,"href":"https:\/\/www.bbyhaber.com\/bby\/wp-json\/wp\/v2\/media\/24484"}],"wp:attachment":[{"href":"https:\/\/www.bbyhaber.com\/bby\/wp-json\/wp\/v2\/media?parent=24483"}],"wp:term":[{"taxonomy":"category","embeddable":true,"href":"https:\/\/www.bbyhaber.com\/bby\/wp-json\/wp\/v2\/categories?post=24483"},{"taxonomy":"post_tag","embeddable":true,"href":"https:\/\/www.bbyhaber.com\/bby\/wp-json\/wp\/v2\/tags?post=24483"}],"curies":[{"name":"wp","href":"https:\/\/api.w.org\/{rel}","templated":true}]}}