{"id":24473,"date":"2018-06-06T11:28:04","date_gmt":"2018-06-06T08:28:04","guid":{"rendered":"http:\/\/www.bbyhaber.com\/bby\/?p=24473"},"modified":"2019-08-01T11:29:50","modified_gmt":"2019-08-01T08:29:50","slug":"15-temmuz-sehitleri-adina-kutuphane-kurulacak","status":"publish","type":"post","link":"https:\/\/www.bbyhaber.com\/bby\/2018\/06\/06\/15-temmuz-sehitleri-adina-kutuphane-kurulacak","title":{"rendered":"15 Temmuz \u015fehitleri ad\u0131na k\u00fct\u00fcphane kurulacak"},"content":{"rendered":"<p><a href=\"http:\/\/www.bbyhaber.com\/bby\/wp-content\/uploads\/2018\/06\/15-temmuz-sehitleri-adina-kutuphane-kurulacak.jpg\"><img loading=\"lazy\" decoding=\"async\" class=\"alignleft size-full wp-image-24474\" src=\"http:\/\/www.bbyhaber.com\/bby\/wp-content\/uploads\/2018\/06\/15-temmuz-sehitleri-adina-kutuphane-kurulacak.jpg\" alt=\"\" width=\"390\" height=\"180\" \/><\/a><strong>15 Temmuz<\/strong> Derne\u011fi Ba\u015fkan\u0131 Tar\u0131k \u015eebik, <strong>15 Temmuz<\/strong> \u015fehitleri ad\u0131na <strong>k\u00fct\u00fcphane<\/strong> kurulacak, iftar sonras\u0131nda yapt\u0131\u011f\u0131 konu\u015fmada, \u00e7al\u0131\u015fmalar\u0131 ve ama\u00e7lar\u0131 hakk\u0131nda bilgi verdi. <strong>15 Temmuz<\/strong>&#8216;da milletin m\u00fccadelesi kadar milli iradenin yan\u0131nda yer alan bas\u0131n mensuplar\u0131n\u0131n m\u00fccadelesinin de \u00f6nemli oldu\u011funu belirten \u015eebik, bu ruhu ya\u015fatmak istediklerini ifade etti.<!--more--><\/p>\n<p>\u015eebik, 15 Temmuz \u015eehitler K\u00f6pr\u00fcs\u00fc&#8217;n\u00fcn Anadolu yakas\u0131 giri\u015findeki \u015eehitler Makam\u0131&#8217;n\u0131n yan\u0131nda cumhurba\u015fkanl\u0131\u011f\u0131 himayesinde, \u0130stanbul B\u00fcy\u00fck\u015fehir Belediyesi&#8217;nin deste\u011fiyle yap\u0131m\u0131na ba\u015flan\u0131lan 15 Temmuz M\u00fczesi&#8217;nin in\u015faat \u00e7al\u0131\u015fmalar\u0131n\u0131n s\u00fcrd\u00fc\u011f\u00fcn\u00fc anlatarak, buran\u0131n 15 Temmuz ruhunu aktaraca\u011f\u0131na inand\u0131\u011f\u0131n\u0131 vurgulad\u0131.<\/p>\n<p>\u015eehit ailelerinin kendileriyle ayn\u0131 ac\u0131y\u0131 ya\u015fam\u0131\u015f insanlarla bir araya gelmek istedi\u011fini aktaran \u015eebik, &#8220;\u015eehit ailelerinin zaman ge\u00e7tik\u00e7e ac\u0131lar\u0131 de\u011fil, \u00f6zlemleri art\u0131yor.&#8221; dedi.<\/p>\n<p>15 Temmuz&#8217;daki milli m\u00fccadelenin gelecek nesillere aktar\u0131lmas\u0131 gerekti\u011fini kaydeden Tar\u0131k \u015eebik, &#8220;Gen\u00e7lerin bir K\u0131z\u0131l Elmas\u0131, bir mefkuresi olu\u015fuyor, olmas\u0131 laz\u0131m. 15 Temmuz da bu manada tahmin ediyorum herkesin &#8216;evet&#8217; diyece\u011fi bir olay, bir durum, bir kavramd\u0131r.&#8221; de\u011ferlendirmesinde bulundu<strong>.<\/strong><\/p>\n<p><strong>15 Temmuz&#8217;la alakal\u0131 doktora tezine burs planlamas\u0131<\/strong><br \/>\n15 Temmuz&#8217;u akademik \u00e7al\u0131\u015fmalara ta\u015f\u0131mak istediklerini belirten \u015eebik, &#8220;Dernek binam\u0131zda <strong>15 Temmuz K\u00fct\u00fcphanesi<\/strong> kuruyoruz. K\u00fct\u00fcphanede dijital ar\u015fiv de olacak. \u0130nsanlar buraya gelip 15 Temmuz ile alakal\u0131 yapmak istedi\u011fi bir ara\u015ft\u0131rma varsa yapabilecek. Sonraki s\u00fcre\u00e7te 15 Temmuz&#8217;un ekonomisi, 15 Temmuz&#8217;un di\u011fer darbelerle k\u0131yaslanmas\u0131 gibi, 15 Temmuz konulu doktora tezi yapan olursa burs noktas\u0131n\u0131 kurgulamaya \u00e7al\u0131\u015f\u0131yoruz.&#8221; diye konu\u015ftu.<\/p>\n<p><a href=\"https:\/\/yenikapihaber.com\/\" target=\"_blank\" rel=\"noopener\">Kaynak<\/a><\/p>\n","protected":false},"excerpt":{"rendered":"<p>15 Temmuz Derne\u011fi Ba\u015fkan\u0131 Tar\u0131k \u015eebik, 15 Temmuz \u015fehitleri ad\u0131na k\u00fct\u00fcphane kurulacak, iftar sonras\u0131nda yapt\u0131\u011f\u0131 konu\u015fmada, \u00e7al\u0131\u015fmalar\u0131 ve ama\u00e7lar\u0131 hakk\u0131nda bilgi verdi. 15 Temmuz&#8216;da milletin m\u00fccadelesi kadar milli iradenin yan\u0131nda yer alan bas\u0131n mensuplar\u0131n\u0131n m\u00fccadelesinin de \u00f6nemli oldu\u011funu belirten \u015eebik, bu ruhu ya\u015fatmak istediklerini ifade etti.<\/p>\n","protected":false},"author":1,"featured_media":24474,"comment_status":"open","ping_status":"open","sticky":false,"template":"","format":"standard","meta":{"footnotes":""},"categories":[1],"tags":[1200],"class_list":["post-24473","post","type-post","status-publish","format-standard","has-post-thumbnail","hentry","category-genel","tag-15-temmuz"],"_links":{"self":[{"href":"https:\/\/www.bbyhaber.com\/bby\/wp-json\/wp\/v2\/posts\/24473"}],"collection":[{"href":"https:\/\/www.bbyhaber.com\/bby\/wp-json\/wp\/v2\/posts"}],"about":[{"href":"https:\/\/www.bbyhaber.com\/bby\/wp-json\/wp\/v2\/types\/post"}],"author":[{"embeddable":true,"href":"https:\/\/www.bbyhaber.com\/bby\/wp-json\/wp\/v2\/users\/1"}],"replies":[{"embeddable":true,"href":"https:\/\/www.bbyhaber.com\/bby\/wp-json\/wp\/v2\/comments?post=24473"}],"version-history":[{"count":2,"href":"https:\/\/www.bbyhaber.com\/bby\/wp-json\/wp\/v2\/posts\/24473\/revisions"}],"predecessor-version":[{"id":24476,"href":"https:\/\/www.bbyhaber.com\/bby\/wp-json\/wp\/v2\/posts\/24473\/revisions\/24476"}],"wp:featuredmedia":[{"embeddable":true,"href":"https:\/\/www.bbyhaber.com\/bby\/wp-json\/wp\/v2\/media\/24474"}],"wp:attachment":[{"href":"https:\/\/www.bbyhaber.com\/bby\/wp-json\/wp\/v2\/media?parent=24473"}],"wp:term":[{"taxonomy":"category","embeddable":true,"href":"https:\/\/www.bbyhaber.com\/bby\/wp-json\/wp\/v2\/categories?post=24473"},{"taxonomy":"post_tag","embeddable":true,"href":"https:\/\/www.bbyhaber.com\/bby\/wp-json\/wp\/v2\/tags?post=24473"}],"curies":[{"name":"wp","href":"https:\/\/api.w.org\/{rel}","templated":true}]}}