{"id":24430,"date":"2018-06-04T16:37:51","date_gmt":"2018-06-04T13:37:51","guid":{"rendered":"http:\/\/www.bbyhaber.com\/bby\/?p=24430"},"modified":"2018-06-06T10:05:26","modified_gmt":"2018-06-06T07:05:26","slug":"turkiyedeki-halk-kutuphanelerinde-derme-koleksiyon-olusturma-gelistirme-konusu","status":"publish","type":"post","link":"https:\/\/www.bbyhaber.com\/bby\/2018\/06\/04\/turkiyedeki-halk-kutuphanelerinde-derme-koleksiyon-olusturma-gelistirme-konusu","title":{"rendered":"T\u00fcrkiye\u2019deki Halk K\u00fct\u00fcphanelerinde Derme (Koleksiyon) Olu\u015fturma-Geli\u015ftirme Konusu"},"content":{"rendered":"<p>[avatar user=&#8221;bulentyilmaz&#8221; \/]<a href=\"http:\/\/www.bbyhaber.com\/bby\/author\/bulentyilmaz\"><br \/>\nProf.Dr.B\u00fclent YILMAZ<\/a><br \/>\n<strong>Hacettepe \u00dcniversitesi BBY B\u00f6l\u00fcm\u00fc \u00d6\u011fretim \u00dcyesi<\/strong><\/p>\n<p><a href=\"http:\/\/www.bbyhaber.com\/bby\/wp-content\/uploads\/2018\/06\/kitap-koleksiyon.jpg\"><img loading=\"lazy\" decoding=\"async\" class=\"alignleft size-full wp-image-24432\" src=\"http:\/\/www.bbyhaber.com\/bby\/wp-content\/uploads\/2018\/06\/kitap-koleksiyon.jpg\" alt=\"\" width=\"390\" height=\"180\" \/><\/a>Ge\u00e7enlerde bir toplant\u0131 i\u00e7in gitti\u011fimiz otelde sabah iki arkada\u015f\u0131m ile birlikte kahvalt\u0131ya oturduk. Bir ara her birimizin kahvalt\u0131 taba\u011f\u0131na ili\u015fti g\u00f6z\u00fcm. Kahvalt\u0131 i\u00e7in birbirimizden o kadar farkl\u0131 \u015feyler tercih etmi\u015fiz ki! \u015ea\u015f\u0131rd\u0131m kald\u0131m. Sonra \u00fczerine d\u00fc\u015f\u00fcnd\u00fcm ve \u201casl\u0131nda \u00e7ok do\u011fal ve normal,\u201d dedim. \u00dc\u00e7\u00fcm\u00fcz de birbirinden farkl\u0131 yap\u0131ya (b\u00fcnyeye), gereksinimlere, ya\u015fa, cinsiyete, sa\u011fl\u0131k durumuna, \u00f6nceliklere, s\u0131n\u0131rl\u0131l\u0131klara, ya\u015fama bi\u00e7imine, bak\u0131\u015f a\u00e7\u0131s\u0131na sahiptik. Ve tabi ki ayn\u0131 \u015feyleri yiyemezdik. Birisi bize \u201chepiniz \u015funu yemelisiniz, ben sizin yerinize d\u00fc\u015f\u00fcnd\u00fcm ve se\u00e7tim,\u201d dememelidir de\u011fil mi? Bu mant\u0131ks\u0131z ve anlams\u0131z olur.<!--more--><\/p>\n<p>Halk k\u00fct\u00fcphanelerini (asl\u0131nda t\u00fcm k\u00fct\u00fcphaneleri) de ayn\u0131 masada kahvalt\u0131 eden, kullan\u0131c\u0131lar\u0131, y\u00f6resinin tarihi, co\u011frafi, sosyo-ekonomik ve k\u00fclt\u00fcrel yap\u0131s\u0131 nedenleriyle farkl\u0131 b\u00fcnyelere, gereksinimlere, \u00f6nceliklere, s\u0131n\u0131rl\u0131l\u0131klara vb. sahip ki\u015filer olarak g\u00f6rebiliriz ve hatta g\u00f6rmeliyiz. O y\u00fczden her halk k\u00fct\u00fcphanesi kendi kahvalt\u0131s\u0131n\u0131 kendisi se\u00e7meli, kendi dermesini kendisi olu\u015fturmal\u0131d\u0131r. Yani kullan\u0131c\u0131s\u0131na sunaca\u011f\u0131 materyalleri kendisi belirlemelidir. Kimse ba\u015fkas\u0131n\u0131n se\u00e7ti\u011fi ve kendisi i\u00e7in uygun olmayan, be\u011fenmedi\u011fi, gereksinim duymad\u0131\u011f\u0131 yeme\u011fi yemez, yani kitab\u0131, dergiyi, gazeteyi okumaz.<\/p>\n<p>T\u00fcrkiye\u2019de ne yaz\u0131k ki on y\u0131llard\u0131r t\u00fcm <strong>halk k\u00fct\u00fcphaneleri<\/strong> i\u00e7in <strong>derme se\u00e7imi ve sa\u011flanmas\u0131<\/strong> %90\u2019lar oran\u0131nda merkezden ger\u00e7ekle\u015ftirilmektedir. Bu do\u011fru ve tam bir yerel niteli\u011fe sahip halk k\u00fct\u00fcphanesi mant\u0131\u011f\u0131na uygun de\u011fildir, yanl\u0131\u015ft\u0131r. Al\u0131nan ve halk k\u00fct\u00fcphanelerine g\u00f6nderilen yay\u0131nlar\u0131n \u00f6nemlice bir b\u00f6l\u00fcm\u00fc okunmamaktad\u0131r. Bu durum ekonomik israfa neden olmaktad\u0131r. Ayr\u0131ca bu sistem yay\u0131n se\u00e7mede zaman zaman politik davranma riski de ta\u015f\u0131maktad\u0131r. Halk k\u00fct\u00fcphanesi dermeleri g\u00fcncel, ya\u015fayan, canl\u0131 dermeler olmak zorundad\u0131r. Bunu ancak gereksinimlere uygun olarak yerelden se\u00e7ilen ve sa\u011flanan yay\u0131nlarla ger\u00e7ekle\u015ftirebiliriz.<\/p>\n<p><strong>Halk k\u00fct\u00fcphaneleri<\/strong> i\u00e7in <strong>kaynak se\u00e7im ve sa\u011flanmas\u0131 i\u015fi k\u00fct\u00fcphanecisi bulunan k\u00fct\u00fcphanelerde o k\u00fct\u00fcphanelere b\u0131rak\u0131lmal\u0131, k\u00fct\u00fcphanecisi olmayan il\u00e7eler i\u00e7in il halk k\u00fct\u00fcphaneleri taraf\u0131ndan yap\u0131lmal\u0131d\u0131r.<\/strong> Merkez, t\u00fcm k\u00fct\u00fcphanelerde olmas\u0131 zorunlu baz\u0131 yay\u0131nlar i\u00e7in k\u00fc\u00e7\u00fck oranda (%5-10) al\u0131m yapabilir. Merkez ayr\u0131ca k\u00fct\u00fcphaneciler i\u00e7in yay\u0131n d\u00fcnyas\u0131n\u0131 yak\u0131ndan izlemeli ve k\u00fct\u00fcphanecilere objektif, mesleki \u00f6l\u00e7\u00fctler temelinde \u00f6neri listeleri haz\u0131rlamal\u0131d\u0131r. Ancak bu listeler sadece \u00f6neri listesi olmal\u0131, k\u00fct\u00fcphaneciler bu listeler ile s\u0131n\u0131rlanmamal\u0131d\u0131r.<\/p>\n<p>Bu konunun neredeyse yetmi\u015f y\u0131ld\u0131r de\u011fi\u015fmemi\u015f ve halk k\u00fct\u00fcphanesi felsefesine uygun olmayan bi\u00e7imde s\u00fcrd\u00fcr\u00fcl\u00fcyor olmas\u0131 do\u011fru de\u011fildir. Bu durum bir an \u00f6nce bilimsel bir toplant\u0131da tart\u0131\u015f\u0131l\u0131p, de\u011fi\u015ftirilmelidir.<\/p>\n<p>Unutmayal\u0131m: Her halk k\u00fct\u00fcphanesi ayr\u0131 bir insand\u0131r ve biz farkl\u0131 \u00f6zelliklere, gereksinimlere sahip ki\u015filere ayn\u0131 kahvalt\u0131 taba\u011f\u0131n\u0131, yeme\u011fi sunamay\u0131z. Yemekler tabakta kal\u0131r, yenmez.<\/p>\n<p><strong>Ve bir de k\u00fct\u00fcphanecilerimize g\u00fcvenmeliyiz.<\/strong><\/p>\n","protected":false},"excerpt":{"rendered":"<p>[avatar user=&#8221;bulentyilmaz&#8221; \/] Prof.Dr.B\u00fclent YILMAZ Hacettepe \u00dcniversitesi BBY B\u00f6l\u00fcm\u00fc \u00d6\u011fretim \u00dcyesi Ge\u00e7enlerde bir toplant\u0131 i\u00e7in gitti\u011fimiz otelde sabah iki arkada\u015f\u0131m ile birlikte kahvalt\u0131ya oturduk. Bir ara her birimizin kahvalt\u0131 taba\u011f\u0131na ili\u015fti g\u00f6z\u00fcm. Kahvalt\u0131 i\u00e7in birbirimizden o kadar farkl\u0131 \u015feyler tercih etmi\u015fiz ki! \u015ea\u015f\u0131rd\u0131m kald\u0131m. Sonra \u00fczerine d\u00fc\u015f\u00fcnd\u00fcm ve \u201casl\u0131nda \u00e7ok do\u011fal ve normal,\u201d dedim. \u00dc\u00e7\u00fcm\u00fcz [&hellip;]<\/p>\n","protected":false},"author":146,"featured_media":24432,"comment_status":"open","ping_status":"open","sticky":false,"template":"","format":"standard","meta":{"footnotes":""},"categories":[1502],"tags":[1460],"class_list":["post-24430","post","type-post","status-publish","format-standard","has-post-thumbnail","hentry","category-prof-dr-bulent-yilmaz","tag-kose-yazarlari"],"_links":{"self":[{"href":"https:\/\/www.bbyhaber.com\/bby\/wp-json\/wp\/v2\/posts\/24430"}],"collection":[{"href":"https:\/\/www.bbyhaber.com\/bby\/wp-json\/wp\/v2\/posts"}],"about":[{"href":"https:\/\/www.bbyhaber.com\/bby\/wp-json\/wp\/v2\/types\/post"}],"author":[{"embeddable":true,"href":"https:\/\/www.bbyhaber.com\/bby\/wp-json\/wp\/v2\/users\/146"}],"replies":[{"embeddable":true,"href":"https:\/\/www.bbyhaber.com\/bby\/wp-json\/wp\/v2\/comments?post=24430"}],"version-history":[{"count":7,"href":"https:\/\/www.bbyhaber.com\/bby\/wp-json\/wp\/v2\/posts\/24430\/revisions"}],"predecessor-version":[{"id":24470,"href":"https:\/\/www.bbyhaber.com\/bby\/wp-json\/wp\/v2\/posts\/24430\/revisions\/24470"}],"wp:featuredmedia":[{"embeddable":true,"href":"https:\/\/www.bbyhaber.com\/bby\/wp-json\/wp\/v2\/media\/24432"}],"wp:attachment":[{"href":"https:\/\/www.bbyhaber.com\/bby\/wp-json\/wp\/v2\/media?parent=24430"}],"wp:term":[{"taxonomy":"category","embeddable":true,"href":"https:\/\/www.bbyhaber.com\/bby\/wp-json\/wp\/v2\/categories?post=24430"},{"taxonomy":"post_tag","embeddable":true,"href":"https:\/\/www.bbyhaber.com\/bby\/wp-json\/wp\/v2\/tags?post=24430"}],"curies":[{"name":"wp","href":"https:\/\/api.w.org\/{rel}","templated":true}]}}