{"id":2441,"date":"2012-02-03T21:24:53","date_gmt":"2012-02-03T21:24:53","guid":{"rendered":"http:\/\/www.bbyhaber.com\/bby\/?p=2441"},"modified":"2013-03-06T12:01:43","modified_gmt":"2013-03-06T10:01:43","slug":"sosyoloji-derneginden-yoke-ths-ile-ilgili-dilekce","status":"publish","type":"post","link":"https:\/\/www.bbyhaber.com\/bby\/2012\/02\/03\/sosyoloji-derneginden-yoke-ths-ile-ilgili-dilekce","title":{"rendered":"Sosyoloji Derne\u011fi&#8217;nden Y\u00d6K&#8217;e THS ile ilgili dilek\u00e7e"},"content":{"rendered":"<p style=\"text-align: center;\">Y\u00dcKSEK\u00d6\u011eRET\u0130M KURULU BA\u015eKANLI\u011eI\u2019NA<\/p>\n<p style=\"text-align: justify;\">\u00a0Y\u00fcksek \u00d6\u011fretim Kurumu\u2019nun (Y\u00d6K) 2010\/4 say\u0131l\u0131 karar\u0131yla, 657 Say\u0131l\u0131 Devlet Memurlar\u0131 Kanunu\u2019nda (DMK), Genel \u0130dare Hizmetleri S\u0131n\u0131f\u0131 (G\u0130HS)\u2019nda yer alan k\u00fct\u00fcphaneci, ar\u015fivci, kitap patolo\u011fu ve sosyolog unvanlar\u0131n\u0131n; Y\u00d6K\u2019\u00fcn daha \u00f6nceki kararlar\u0131na paralel olarak ve ayr\u0131ca arkeolog, antropolog, etnolog, istatistik\u00e7i vb. unvanlara de\u011fer ve emsal g\u00f6sterilerek, Teknik Hizmetler S\u0131n\u0131f\u0131 (THS)\u2019na al\u0131nmas\u0131na karar verilmi\u015ftir.<!--more--> Ancak, Devlet Personel Ba\u015fkanl\u0131\u011f\u0131 \u00fccretlerin d\u00fczenlenmesi amac\u0131yla <a title=\"DPB\u2019den Y\u00d6K\u2019e G\u00f6r\u00fc\u015f Yaz\u0131s\u0131\" href=\"http:\/\/www.bbyhaber.com\/bby\/2011\/01\/24\/dpbden-yoke-gorus-yazisi\/\">09\/08\/2011-16861<\/a> tarih\/ say\u0131l\u0131 yaz\u0131s\u0131nda, kurumunuzdan k\u00fct\u00fcphaneci, ar\u015fivci, kitap patolo\u011fu, sosyolog vb. unvanlar\u0131n \u201cMesleki Teknik Y\u00fcksek \u00d6\u011frenim\u201d olup olmad\u0131\u011f\u0131, THS\u2019na al\u0131nan di\u011fer b\u00f6l\u00fcmlerle birlikte Sosyoloji B\u00f6l\u00fcm\u00fc\u2019n\u00fcn de Teknik Bilimler Lisansiyeri say\u0131l\u0131p say\u0131lamayaca\u011f\u0131 konusunda kurumunuzdan g\u00f6r\u00fc\u015f istemi\u015ftir.<\/p>\n<p style=\"text-align: justify;\">\u00a0<a title=\"THS ile ilgili Y\u00d6K\u2019\u00fcn Vermi\u015f Oldu\u011fu \u0130lk Karar Yaz\u0131s\u0131\" href=\"http:\/\/www.bbyhaber.com\/bby\/2011\/01\/24\/ths-ile-ilgili-yokun-vermis-oldugu-ilk-karar-yazisi\/\">10.02.2010 tarihli Y\u00d6K karar\u0131<\/a>nda a\u00e7\u0131k \u015fekilde ifade edilerek e\u015f de\u011fer ve emsal olarak g\u00f6sterilen Arkeolog, \u0130statistik\u00e7i vb. mesleklerin sahip olduklar\u0131 \u00f6zl\u00fck haklar\u0131na sosyologlar\u0131n da sahip olmas\u0131n\u0131n bir zorunluluk oldu\u011fu kan\u0131s\u0131nday\u0131z. Bu anlamda Y\u00d6K karar\u0131na dayanarak, 644 Say\u0131l\u0131 KHK\u2019da, THS\u2019ye dahil edilen sosyologlar i\u00e7in talep edilen \u201cMesleki Teknik \u00d6\u011frenim\u201d g\u00f6r\u00fc\u015f\u00fcn\u00fcn, Dan\u0131\u015ftay \u0130dari Dava Daireleri Genel Kurulu\u2019nun 14.10.1988 g\u00fcnl\u00fc E:1987\/41, K:1988\/45 say\u0131l\u0131 karar\u0131yla, THS\u2019de yer almak i\u00e7in zorunlu olan bu \u015fart\u0131n \u00fccretlerin belirlenmesi s\u0131ras\u0131nda de\u011fil de, bir hizmet s\u0131n\u0131f\u0131na dahil edilip edilmemesine ili\u015fkin karar\u0131n \u00f6ncesinde tart\u0131\u015f\u0131larak sonu\u00e7lanan bir konu oldu\u011fu, dava neticesinde karara ba\u011flanm\u0131\u015ft\u0131r. Dolay\u0131s\u0131yla Y\u00d6K\u2019\u00fcn sosyologlar\u0131n g\u00f6rm\u00fc\u015f olduklar\u0131 \u00f6\u011frenimi bu cihette de\u011ferlendirerek sosyologlar\u0131 Teknik Hizmetler S\u0131n\u0131f\u0131na ald\u0131\u011f\u0131na hi\u00e7 ku\u015fku yoktur. H\u00fclasa 644 Say\u0131l\u0131 Kanun H\u00fckm\u00fcnde Kararname ile Teknik Hizmetler S\u0131n\u0131f\u0131na ge\u00e7en bu unvan\u0131n, Mesleki Teknik Y\u00fcksek \u00d6\u011frenim olarak kabul edildi\u011fi, kanun lafs\u0131na ba\u011flanm\u0131\u015ft\u0131r. Buna paralel olarak mesleki teknik \u00f6\u011frenim g\u00f6rm\u00fc\u015f olan birinin teknik bilimler lisansiyeri say\u0131lmas\u0131 da ka\u00e7\u0131n\u0131lmazd\u0131r.<\/p>\n<p style=\"text-align: justify;\">\u00a0THS\u2019ye ge\u00e7i\u015fte yasal t\u00fcm prosed\u00fcrleri tamamlanm\u0131\u015f olan sosyologlar\u0131n \u00f6zl\u00fck haklar\u0131n\u0131n d\u00fczenlenmesi i\u00e7in ihtiya\u00e7 duyulan bu g\u00f6r\u00fc\u015f vesilesiyle tekrar ifade edilmelidir ki, gerek \u00f6\u011fretim programlar\u0131n\u0131n ve i\u00e7eriklerinin mesleki teknik bir y\u00fcksek\u00f6\u011frenim oldu\u011fu ve bunun hizmet s\u0131n\u0131f\u0131 de\u011fi\u015fikli\u011fi i\u00e7in \u00f6n ko\u015ful olup, o ko\u015fulun yerine getirildi\u011fi, gerekse alanda ve kamu kurumlarda yapt\u0131klar\u0131 i\u015f ve sunduklar\u0131 hizmetlerin niteliklerinin, i\u015fg\u00fcc\u00fcn temininde ya\u015fanan zorlu\u011fun ve i\u015f riskinin y\u00fcksekli\u011fi g\u00f6z \u00f6n\u00fcne al\u0131nd\u0131\u011f\u0131nda bu hizmetin \u015f\u00fcpheye yer b\u0131rakmaks\u0131z\u0131n teknik bir hizmet oldu\u011funu; bu g\u00f6r\u00fc\u015f\u00fcn, sosyologlar\u0131n mesleki kurulu\u015fu olan Sosyoloji Derne\u011fi Y\u00f6netim Kurulu taraf\u0131ndan da kabul edildi\u011fini, bu nedenle ihtiya\u00e7 duyulan g\u00f6r\u00fc\u015fe daha \u00f6nce ald\u0131\u011f\u0131n\u0131z kararlarla \u00e7eli\u015fmeyecek ve sosyologlar\u0131 ma\u011fdur etmeyecek bir yan\u0131t\u0131n verilmesi gerekti\u011fini, bilgilerinize sayg\u0131lar\u0131mla sunar\u0131m.03\/02\/2012<\/p>\n<p style=\"text-align: justify;\">\u00a0Prof. Dr. Birsen G\u00d6K\u00c7E<\/p>\n<p style=\"text-align: justify;\">\u00a0Sosyoloji Derne\u011fi Ba\u015fkan\u0131<\/p>\n<p style=\"text-align: justify;\">\u00a0EKLER:<\/p>\n<p style=\"text-align: justify;\">\u00a01) Sosyologlar\u0131n Hizmet S\u0131n\u0131f\u0131 De\u011fi\u015fiklik S\u00fcreci<\/p>\n<p style=\"text-align: justify;\">\u00a02) <a title=\"DPB\u2019den Y\u00d6K\u2019e G\u00f6r\u00fc\u015f Yaz\u0131s\u0131\" href=\"http:\/\/www.bbyhaber.com\/bby\/2011\/01\/24\/dpbden-yoke-gorus-yazisi\/\">T.C. Devlet Personel Ba\u015fkanl\u0131\u011f\u0131\u2019n\u0131n Y\u00d6K\u2019e Verdi\u011fi Cevap Yaz\u0131s\u0131<\/a><\/p>\n<p style=\"text-align: justify;\">\u00a03) Dan\u0131\u015ftay Karar \u00d6rne\u011fi<\/p>\n<p style=\"text-align: justify;\">Kaynak: http:\/\/www.sosyologlar.org\/<\/p>\n","protected":false},"excerpt":{"rendered":"<p>Y\u00dcKSEK\u00d6\u011eRET\u0130M KURULU BA\u015eKANLI\u011eI\u2019NA \u00a0Y\u00fcksek \u00d6\u011fretim Kurumu\u2019nun (Y\u00d6K) 2010\/4 say\u0131l\u0131 karar\u0131yla, 657 Say\u0131l\u0131 Devlet Memurlar\u0131 Kanunu\u2019nda (DMK), Genel \u0130dare Hizmetleri S\u0131n\u0131f\u0131 (G\u0130HS)\u2019nda yer alan k\u00fct\u00fcphaneci, ar\u015fivci, kitap patolo\u011fu ve sosyolog unvanlar\u0131n\u0131n; Y\u00d6K\u2019\u00fcn daha \u00f6nceki kararlar\u0131na paralel olarak ve ayr\u0131ca arkeolog, antropolog, etnolog, istatistik\u00e7i vb. unvanlara de\u011fer ve emsal g\u00f6sterilerek, Teknik Hizmetler S\u0131n\u0131f\u0131 (THS)\u2019na al\u0131nmas\u0131na karar verilmi\u015ftir.<\/p>\n","protected":false},"author":1,"featured_media":0,"comment_status":"open","ping_status":"open","sticky":false,"template":"","format":"standard","meta":{"footnotes":""},"categories":[1505],"tags":[1398,51,50],"class_list":["post-2441","post","type-post","status-publish","format-standard","hentry","category-teknik-kadro","tag-bby-ozluk-haklari","tag-teknik-kadro-kutuphaneci","tag-ths-kutuphaneci"],"_links":{"self":[{"href":"https:\/\/www.bbyhaber.com\/bby\/wp-json\/wp\/v2\/posts\/2441"}],"collection":[{"href":"https:\/\/www.bbyhaber.com\/bby\/wp-json\/wp\/v2\/posts"}],"about":[{"href":"https:\/\/www.bbyhaber.com\/bby\/wp-json\/wp\/v2\/types\/post"}],"author":[{"embeddable":true,"href":"https:\/\/www.bbyhaber.com\/bby\/wp-json\/wp\/v2\/users\/1"}],"replies":[{"embeddable":true,"href":"https:\/\/www.bbyhaber.com\/bby\/wp-json\/wp\/v2\/comments?post=2441"}],"version-history":[{"count":0,"href":"https:\/\/www.bbyhaber.com\/bby\/wp-json\/wp\/v2\/posts\/2441\/revisions"}],"wp:attachment":[{"href":"https:\/\/www.bbyhaber.com\/bby\/wp-json\/wp\/v2\/media?parent=2441"}],"wp:term":[{"taxonomy":"category","embeddable":true,"href":"https:\/\/www.bbyhaber.com\/bby\/wp-json\/wp\/v2\/categories?post=2441"},{"taxonomy":"post_tag","embeddable":true,"href":"https:\/\/www.bbyhaber.com\/bby\/wp-json\/wp\/v2\/tags?post=2441"}],"curies":[{"name":"wp","href":"https:\/\/api.w.org\/{rel}","templated":true}]}}