{"id":24403,"date":"2018-05-30T10:12:27","date_gmt":"2018-05-30T07:12:27","guid":{"rendered":"http:\/\/www.bbyhaber.com\/bby\/?p=24403"},"modified":"2018-05-30T10:37:24","modified_gmt":"2018-05-30T07:37:24","slug":"bisikletli-kutuphaneci-onur-konugu-oluyor","status":"publish","type":"post","link":"https:\/\/www.bbyhaber.com\/bby\/2018\/05\/30\/bisikletli-kutuphaneci-onur-konugu-oluyor","title":{"rendered":"&#8220;Bisikletli K\u00fct\u00fcphaneci&#8221; onur konu\u011fu oluyor"},"content":{"rendered":"<p><strong><a href=\"http:\/\/www.bbyhaber.com\/bby\/wp-content\/uploads\/2018\/05\/bisikletli-kutuphaneci.jpg\"><img loading=\"lazy\" decoding=\"async\" class=\"alignleft size-full wp-image-24404\" src=\"http:\/\/www.bbyhaber.com\/bby\/wp-content\/uploads\/2018\/05\/bisikletli-kutuphaneci.jpg\" alt=\"\" width=\"390\" height=\"180\" \/><\/a><a href=\"http:\/\/www.bbyhaber.com\/bby\/tag\/bisikletli-kutuphaneci\" target=\"_blank\" rel=\"noopener\">Bisikletli K\u00fct\u00fcphaneci <\/a><\/strong>olarak ad\u0131n\u0131 t\u00fcm T\u00fcrkiye&#8217;ye duyuran de\u011ferli meslekta\u015f\u0131m\u0131z<strong> Hakan Y\u00dcCEL<\/strong>, bug\u00fcne de\u011fin 26 k\u00f6ye ula\u015fm\u0131\u015f, 1124 kilometre pedallam\u0131\u015f ve gitti\u011fi okullara toplamda 5.020 kitap hediye etmi\u015ftir. Bisikletli K\u00fct\u00fcphaneci \u00e7al\u0131\u015fmas\u0131 \u00f6zelde Bitlis\u2019e ve \u00e7al\u0131\u015ft\u0131\u011f\u0131 K\u00fct\u00fcphanesine; genelde ise, farkl\u0131 alanlarda mesle\u011fimiz ad\u0131na s\u00f6z hakk\u0131 elde etme imk\u00e2n\u0131 sa\u011flam\u0131\u015f ve sa\u011flamaya devam etmektedir.<!--more--><\/p>\n<p><strong>Y\u00dcCEL<\/strong>, &#8220;Onur Konu\u011fu\u201d olarak <strong>Ege \u00dcniversitesi G\u00fczel Sanatlar, Tasar\u0131m ve Mimarl\u0131k Fak\u00fcltesi ve Spor Bilimleri Fak\u00fcltesi<\/strong> i\u015fbirli\u011fi ile &#8220;<em><strong>D\u00fcnya Bisiklet G\u00fcn\u00fc<\/strong><\/em>&#8221; ve &#8220;<em><strong>D\u00fcnya \u00c7evre G\u00fcn\u00fc<\/strong><\/em>&#8221; kapsam\u0131nda <strong>07 Haziran 2018<\/strong> tarihinde d\u00fczenlenecek olan &#8220;<strong><em>Ege \u00dcniversitesi 4. Bisiklet Sempozyumuna<\/em><\/strong>&#8221; kat\u0131laca\u011f\u0131n\u0131 bildirdi.<\/p>\n","protected":false},"excerpt":{"rendered":"<p>Bisikletli K\u00fct\u00fcphaneci olarak ad\u0131n\u0131 t\u00fcm T\u00fcrkiye&#8217;ye duyuran de\u011ferli meslekta\u015f\u0131m\u0131z Hakan Y\u00dcCEL, bug\u00fcne de\u011fin 26 k\u00f6ye ula\u015fm\u0131\u015f, 1124 kilometre pedallam\u0131\u015f ve gitti\u011fi okullara toplamda 5.020 kitap hediye etmi\u015ftir. Bisikletli K\u00fct\u00fcphaneci \u00e7al\u0131\u015fmas\u0131 \u00f6zelde Bitlis\u2019e ve \u00e7al\u0131\u015ft\u0131\u011f\u0131 K\u00fct\u00fcphanesine; genelde ise, farkl\u0131 alanlarda mesle\u011fimiz ad\u0131na s\u00f6z hakk\u0131 elde etme imk\u00e2n\u0131 sa\u011flam\u0131\u015f ve sa\u011flamaya devam etmektedir.<\/p>\n","protected":false},"author":1,"featured_media":24404,"comment_status":"open","ping_status":"open","sticky":false,"template":"","format":"standard","meta":{"footnotes":""},"categories":[1550,1],"tags":[791],"class_list":["post-24403","post","type-post","status-publish","format-standard","has-post-thumbnail","hentry","category-bisikletli-kutuphaneci","category-genel","tag-hakan-yucel"],"_links":{"self":[{"href":"https:\/\/www.bbyhaber.com\/bby\/wp-json\/wp\/v2\/posts\/24403"}],"collection":[{"href":"https:\/\/www.bbyhaber.com\/bby\/wp-json\/wp\/v2\/posts"}],"about":[{"href":"https:\/\/www.bbyhaber.com\/bby\/wp-json\/wp\/v2\/types\/post"}],"author":[{"embeddable":true,"href":"https:\/\/www.bbyhaber.com\/bby\/wp-json\/wp\/v2\/users\/1"}],"replies":[{"embeddable":true,"href":"https:\/\/www.bbyhaber.com\/bby\/wp-json\/wp\/v2\/comments?post=24403"}],"version-history":[{"count":6,"href":"https:\/\/www.bbyhaber.com\/bby\/wp-json\/wp\/v2\/posts\/24403\/revisions"}],"predecessor-version":[{"id":24410,"href":"https:\/\/www.bbyhaber.com\/bby\/wp-json\/wp\/v2\/posts\/24403\/revisions\/24410"}],"wp:featuredmedia":[{"embeddable":true,"href":"https:\/\/www.bbyhaber.com\/bby\/wp-json\/wp\/v2\/media\/24404"}],"wp:attachment":[{"href":"https:\/\/www.bbyhaber.com\/bby\/wp-json\/wp\/v2\/media?parent=24403"}],"wp:term":[{"taxonomy":"category","embeddable":true,"href":"https:\/\/www.bbyhaber.com\/bby\/wp-json\/wp\/v2\/categories?post=24403"},{"taxonomy":"post_tag","embeddable":true,"href":"https:\/\/www.bbyhaber.com\/bby\/wp-json\/wp\/v2\/tags?post=24403"}],"curies":[{"name":"wp","href":"https:\/\/api.w.org\/{rel}","templated":true}]}}