{"id":24385,"date":"2018-05-22T10:57:42","date_gmt":"2018-05-22T07:57:42","guid":{"rendered":"http:\/\/www.bbyhaber.com\/bby\/?p=24385"},"modified":"2018-05-22T11:05:28","modified_gmt":"2018-05-22T08:05:28","slug":"mujgan-san-vefat-etti","status":"publish","type":"post","link":"https:\/\/www.bbyhaber.com\/bby\/2018\/05\/22\/mujgan-san-vefat-etti","title":{"rendered":"M\u00fcjgan \u015ean vefat etti"},"content":{"rendered":"<p><a href=\"http:\/\/www.bbyhaber.com\/bby\/wp-content\/uploads\/2018\/05\/mujgan-san.jpg\"><img loading=\"lazy\" decoding=\"async\" class=\"alignleft wp-image-24386 size-full\" src=\"http:\/\/www.bbyhaber.com\/bby\/wp-content\/uploads\/2018\/05\/mujgan-san.jpg\" alt=\"Kaynak:http:\/\/www.akyazi.net\" width=\"390\" height=\"180\" \/><\/a><\/p>\n<p>Dr. M\u00fcjgan \u015ean 90\u2019l\u0131 y\u0131llarda mesleki \u00e7al\u0131\u015fmalarda aktif yer alan meslekta\u015f\u0131m\u0131z. \u015eimdi Kalk\u0131nma Bakanl\u0131\u011f\u0131\u2019na d\u00f6n\u00fc\u015fen Devlet Planlama Te\u015fkilat\u0131\u2019nda \u00f6nceleri k\u00fct\u00fcphanede, daha sonra DPT Yay\u0131nlar\u0131\u2019n\u0131 kapsayan e-K\u00fct\u00fcphanede uzun y\u0131llar hizmet etti. Rahmetli Do\u00e7. Dr. Mustafa Akg\u00fcl Hoca\u2019n\u0131n \u00f6nc\u00fcl\u00fc\u011f\u00fcn\u00fc yapt\u0131\u011f\u0131 Akademik Bili\u015fim ve INET-TR Toplant\u0131lar\u0131n\u0131n k\u00fct\u00fcphanelerle ilgili oturumlar\u0131n\u0131n organizasyonlar\u0131nda yer ald\u0131 (<em>Bilgi Kayna\u011f\u0131: Selma Aslan, DTCF, \u201871<\/em> ).<!--more--><\/p>\n<p>Merhuma Allah\u2019tan rahmet; ba\u015fta ailesi, yak\u0131nlar\u0131 ve sevdiklerine sab\u0131r ve metanet diliyoruz.<\/p>\n<p><span style=\"color: #ff0000;\"><strong>Baz\u0131 \u00e7al\u0131\u015fmalar\u0131:<\/strong><\/span><\/p>\n<div class=\"kayitlar\" title=\"M\u00fcjgan \u015ean\">\n<div>-\u015ean, M.\u00a0(2003).\u00a0<i>Kalk\u0131nma planlamas\u0131nda bilgi y\u00f6netimi ve Devlet Planlama Te\u015fkilat\u0131 i\u00e7in kurumsal bilgi politikas\u0131 modeli.<\/i>\u00a0Yay\u0131mlanmam\u0131\u015f Doktora tezi. Hacettepe \u00dcniversitesi, Ankara.<\/div>\n<div><\/div>\n<div class=\"temizle\">-\u015ean, M.\u00a0(1986).\u00a0<i><a href=\"http:\/\/www.bby.hacettepe.edu.tr\/yayinlar\/dosyalar\/52.pdf\" target=\"_blank\" rel=\"noopener\">Ba\u015fbakanl\u0131k ve ba\u011fl\u0131 kurumlar\u0131n y\u00f6neticilerinin k\u00fct\u00fcphane kavram\u0131, personelinin bilgi ihtiyac\u0131 ve k\u00fct\u00fcphanelerinin durumu<\/a>.<\/i>\u00a0Yay\u0131mlanmam\u0131\u015f Bilim Uzmanl\u0131\u011f\u0131 tezi. Hacettepe \u00dcniversitesi, Ankara.<\/div>\n<div><\/div>\n<div class=\"temizle\">-M\u00fcjgan \u015ean. Bili\u015fim Enstit\u00fcleri, Ulusal Giri\u015fimler ve Proje Finansman Ara\u00e7lar\u0131. Akademik Bili\u015fim 2011, Malatya.<\/div>\n<\/div>\n<p>&#8211;<a href=\"http:\/\/www.kalkinma.gov.tr\/Lists\/Yaynlar\/Attachments\/287\/bilgipol.pdf\" target=\"_blank\" rel=\"noopener\">KALKINMA PLANLAMASINDA B\u0130LG\u0130 Y\u00d6NET\u0130M\u0130 VE DEVLET PLANLAMA TE\u015eK\u0130LATI \u0130\u00c7\u0130N KURUMSAL B\u0130LG\u0130 POL\u0130T\u0130KASI MODEL\u0130<\/a><\/p>\n<p>&#8211;<a href=\"http:\/\/inet-tr.org.tr\/inetconf5\/kutup.html\" target=\"_blank\" rel=\"noopener\">VIII. Be\u015f Y\u0131ll\u0131k Kalk\u0131nma Plan\u0131: Bilgi Profesyonelleri Bak\u0131\u015f A\u00e7\u0131s\u0131. 5. TURK\u0130YE&#8217;DE \u0130NTERNET KONFERANSI, 19-21 Kas\u0131m 1999, Ankara \u00dcniversitesi, Ankara<\/a><\/p>\n<p>&nbsp;<\/p>\n","protected":false},"excerpt":{"rendered":"<p>Dr. M\u00fcjgan \u015ean 90\u2019l\u0131 y\u0131llarda mesleki \u00e7al\u0131\u015fmalarda aktif yer alan meslekta\u015f\u0131m\u0131z. \u015eimdi Kalk\u0131nma Bakanl\u0131\u011f\u0131\u2019na d\u00f6n\u00fc\u015fen Devlet Planlama Te\u015fkilat\u0131\u2019nda \u00f6nceleri k\u00fct\u00fcphanede, daha sonra DPT Yay\u0131nlar\u0131\u2019n\u0131 kapsayan e-K\u00fct\u00fcphanede uzun y\u0131llar hizmet etti. Rahmetli Do\u00e7. Dr. Mustafa Akg\u00fcl Hoca\u2019n\u0131n \u00f6nc\u00fcl\u00fc\u011f\u00fcn\u00fc yapt\u0131\u011f\u0131 Akademik Bili\u015fim ve INET-TR Toplant\u0131lar\u0131n\u0131n k\u00fct\u00fcphanelerle ilgili oturumlar\u0131n\u0131n organizasyonlar\u0131nda yer ald\u0131 (Bilgi Kayna\u011f\u0131: Selma Aslan, DTCF, \u201871 [&hellip;]<\/p>\n","protected":false},"author":1,"featured_media":24386,"comment_status":"open","ping_status":"open","sticky":false,"template":"","format":"standard","meta":{"footnotes":""},"categories":[1],"tags":[824],"class_list":["post-24385","post","type-post","status-publish","format-standard","has-post-thumbnail","hentry","category-genel","tag-vefat-eden-meslektaslarimiz"],"_links":{"self":[{"href":"https:\/\/www.bbyhaber.com\/bby\/wp-json\/wp\/v2\/posts\/24385"}],"collection":[{"href":"https:\/\/www.bbyhaber.com\/bby\/wp-json\/wp\/v2\/posts"}],"about":[{"href":"https:\/\/www.bbyhaber.com\/bby\/wp-json\/wp\/v2\/types\/post"}],"author":[{"embeddable":true,"href":"https:\/\/www.bbyhaber.com\/bby\/wp-json\/wp\/v2\/users\/1"}],"replies":[{"embeddable":true,"href":"https:\/\/www.bbyhaber.com\/bby\/wp-json\/wp\/v2\/comments?post=24385"}],"version-history":[{"count":4,"href":"https:\/\/www.bbyhaber.com\/bby\/wp-json\/wp\/v2\/posts\/24385\/revisions"}],"predecessor-version":[{"id":24389,"href":"https:\/\/www.bbyhaber.com\/bby\/wp-json\/wp\/v2\/posts\/24385\/revisions\/24389"}],"wp:featuredmedia":[{"embeddable":true,"href":"https:\/\/www.bbyhaber.com\/bby\/wp-json\/wp\/v2\/media\/24386"}],"wp:attachment":[{"href":"https:\/\/www.bbyhaber.com\/bby\/wp-json\/wp\/v2\/media?parent=24385"}],"wp:term":[{"taxonomy":"category","embeddable":true,"href":"https:\/\/www.bbyhaber.com\/bby\/wp-json\/wp\/v2\/categories?post=24385"},{"taxonomy":"post_tag","embeddable":true,"href":"https:\/\/www.bbyhaber.com\/bby\/wp-json\/wp\/v2\/tags?post=24385"}],"curies":[{"name":"wp","href":"https:\/\/api.w.org\/{rel}","templated":true}]}}