{"id":24381,"date":"2018-05-21T17:03:40","date_gmt":"2018-05-21T14:03:40","guid":{"rendered":"http:\/\/www.bbyhaber.com\/bby\/?p=24381"},"modified":"2018-05-21T17:04:02","modified_gmt":"2018-05-21T14:04:02","slug":"tkd-istanbul-subesi-olagan-genel-kurulu-sonucu","status":"publish","type":"post","link":"https:\/\/www.bbyhaber.com\/bby\/2018\/05\/21\/tkd-istanbul-subesi-olagan-genel-kurulu-sonucu","title":{"rendered":"TKD \u0130stanbul \u015eubesi Ola\u011fan Genel Kurulu sonucu"},"content":{"rendered":"<p><a href=\"http:\/\/www.bbyhaber.com\/bby\/wp-content\/uploads\/2018\/05\/tkd-istanbul-kurulu.jpg\"><img loading=\"lazy\" decoding=\"async\" class=\"alignleft wp-image-24382\" src=\"http:\/\/www.bbyhaber.com\/bby\/wp-content\/uploads\/2018\/05\/tkd-istanbul-kurulu.jpg\" alt=\"\" width=\"390\" height=\"180\" \/><\/a>20 May\u0131s 2018 Pazar g\u00fcn\u00fc TKD \u0130stanbul \u015eubesi Ola\u011fan Genel Kuruluna gelip mesle\u011fine ve derne\u011fine sahip \u00e7\u0131kan \u00e7oluk \u00e7ocuk \u015fenli\u011fe gelir gibi kongreye gelen 137 meslekta\u015f\u0131m\u0131za te\u015fekk\u00fcr ediyorum. Bol kahkahal\u0131, bol kucakla\u015fmal\u0131, bol alk\u0131\u015fl\u0131 bol mizahl\u0131 renkli, ne\u015feli, e\u011flenceli bir kongre ya\u015fad\u0131k. Sosyal medyada birbirine fi\u015fek gibi mesaj atanlar kongre salonun k\u00f6\u015felerinde birlikte kahkaha atarak, &#8220;yahu neden birlikte liste yapamad\u0131\u011f\u0131m\u0131z\u0131 g\u00fclerek konu\u015ftu\u011fu bir ortamd\u0131&#8221;<!--more--><\/p>\n<p>Kazanan k\u00fct\u00fcphaneciler, kazanan mesle\u011fimiz oldu.<br \/>\n\u00c7ok centilmence mesleki sayg\u0131, anlay\u0131\u015f, uyum ve olgunluk i\u00e7erisinde k\u00fct\u00fcphanecilere yak\u0131\u015f\u0131r \u00f6rnek bir kongre oldu. Hemen hemen b\u00fct\u00fcn oylamalar oy birli\u011fi ile al\u0131nd\u0131.<\/p>\n<p>B\u00fct\u00fcn k\u00fct\u00fcphane t\u00fcrlerinden k\u00fct\u00fcphanecilerin aktif kat\u0131l\u0131m\u0131 ile mesleki b\u00fct\u00fcnl\u00fc\u011f\u00fcm\u00fc kongreye yans\u0131d\u0131. Listelerdeki aday profili, \u00e7e\u015fitlilik ve renklilik g\u00f6ze \u00e7arp\u0131yordu.<\/p>\n<p>Ayn\u0131 kurumdan farkl\u0131 listelerde adaylar\u0131n olmas\u0131 bile ne kadar demokratik bir s\u00fcre\u00e7 ya\u015fad\u0131\u011f\u0131m\u0131z\u0131 ortaya koydu.<\/p>\n<p>Birlikte y\u00f6netmek, birlikte \u00fcretmek, mesle\u011fimizi gelece\u011fe birlikte ta\u015f\u0131mak isteyenler g\u00fcne\u015fli g\u00fczel bir pazar g\u00fcn\u00fcn\u00fcn 3-4 saatini hevesle mesleki derne\u011fine ay\u0131rd\u0131.<\/p>\n<p>Hem listelerde hem de salonda Kad\u0131n meslekta\u015flar\u0131m\u0131z\u0131n ve gen\u00e7li\u011fin aktif kat\u0131l\u0131m\u0131 hakimdi.<\/p>\n<p>\u00dclkede \u00f6zlenen tablo dernek kongremizde vard\u0131. Umutlar\u0131m\u0131z\u0131 tazeledik hep birlikte&#8230;<\/p>\n<p>Meslek \u00f6rg\u00fct\u00fcm\u00fcz\u00fcn gelece\u011fi i\u00e7in inisiyatif alan, demokratik kat\u0131l\u0131mc\u0131 bir \u00f6rnek se\u00e7imi bizlere ya\u015fatan herkese bin te\u015fekk\u00fcr.<\/p>\n<p>Kongreyi ahenkle y\u00f6neten Divan Kuruluna, zaman ay\u0131r\u0131p kongreye gelen hocalar\u0131m\u0131za, her iki listeye omuz veren meslekta\u015flar\u0131m\u0131za te\u015fekk\u00fcrler&#8230;<\/p>\n<p>Bilgi \u00dcniversitesi Santral \u0130stanbul 301 Numaral\u0131 Salonu bize a\u00e7an, ikramlar sunan ev sahibimiz Bilgi \u00dcniversitesi Rekt\u00f6rl\u00fc\u011f\u00fcne ve Bilgi \u00dcniversitesi De\u011ferli K\u00fct\u00fcphane Direkt\u00f6r\u00fc Sami \u00c7ukadar Bey ve de\u011ferli ekibine \u00e7ok te\u015fekk\u00fcr ediyorum.<\/p>\n<p>T\u00fcrk K\u00fct\u00fcphaneciler Derne\u011fi \u0130stanbul \u015eubesi Ola\u011fan Genel Kurulu sonucunda y\u00f6netim, denetim ve delegasyona se\u00e7ilen meslekta\u015flar\u0131m\u0131z\u0131 kutluyor, her iki listede aday olanlar\u0131n, kongreye gelen ve gelmeyen herkesin derne\u011fi y\u00f6netme ve gelece\u011fe ta\u015f\u0131ma sorumlulu\u011fu oldu\u011funu hat\u0131rlatarak sayg\u0131lar sunuyorum.<\/p>\n<p>Birli\u011fimiz daim olsun. Umutla&#8230;<\/p>\n<p><em><span style=\"color: #ff0000;\"><strong>Kaynak:<\/strong><\/span> Ayd\u0131n \u0130leri<\/em><\/p>\n<p>Y\u00f6netim Kurulu (Asil)<\/p>\n<p>1. Emine H. G\u00dcR (Bo\u011fazi\u00e7i \u00dcniversitesi)<br \/>\n2. Hilal \u00c7UHADAR (Beylikd\u00fcz\u00fc Belediyesi)<br \/>\n3. Kamil YE\u015e\u0130LTA\u015e (Ko\u00e7 \u00dcniversitesi)<br \/>\n4. Furkan SEV\u0130M (Do\u011fu\u015f \u00dcniversitesi)<br \/>\n5. Yelda KAHVEC\u0130O\u011eLU (\u0130stanbul \u015eehir \u00dcniversitesi)<\/p>\n<p>Y\u00f6netim Kurulu (Yedek)<\/p>\n<p>1. Filiz \u0130LERI (Okul K\u00fct\u00fcphanecisi)<br \/>\n2. \u015eener YOLCU (Bo\u011fazi\u00e7i \u00dcniversitesi)<br \/>\n3. P. \u00d6zlem G\u00dcNE\u015e BULUT (Yeditepe \u00dcniversitesi)<br \/>\n4. Samiye EROL ALKAN (\u0130stanbul \u015eehir \u00dcniversitesi)<br \/>\n5. \u00dcmit \u00d6ZDEM\u0130R (I\u015f\u0131k \u00dcniversitesi)<\/p>\n<p>Delegasyon<\/p>\n<p>1. Sema \u00c7EL\u0130KBA\u015e (\u0130stanbul Teknik \u00dcniversitesi)<br \/>\n2. Mehmet AKYAR (Deniz M\u00fczesi Komutanl\u0131\u011f\u0131)<br \/>\n3. Kadim FIRAT ( Kad\u0131k\u00f6y Belediyesi)<br \/>\n4. Bahar B\u0130\u00c7EN ARAS (Mef \u00dcniversitesi)<br \/>\n5. Jale AYDEM\u0130R (Kad\u0131k\u00f6y Belediyesi)<br \/>\n6. Filiz EK\u0130NGEN (Bo\u011fazi\u00e7i \u00dcniversitesi)<br \/>\n7. Ayta\u00e7 KAYADEV\u0130R (\u0130stanbul Teknik \u00dcniversitesi)<br \/>\n8. Mustafa \u00d6ZY\u00dcREK (\u0130stanbul \u00dcniversitesi)<br \/>\n9. Semih \u0130\u015eEV\u0130 (\u015ei\u015fecam K\u00fct\u00fcphanesi)<br \/>\n10. Ertu\u011frul \u00c7\u0130MEN (Mef \u00dcniversitesi)<\/p>\n<p>Denetleme (Asil)<\/p>\n<p>1. Berrin BALKA\u015e YILMAZ<br \/>\n2. Burcu G\u00dcVEN\u00c7 T\u00dcRKYILMAZ<br \/>\n3. Arzu K\u00d6K<\/p>\n<p>Denetleme (Yedek)<\/p>\n<p>1. Murat G\u00dcLMEZ<br \/>\n2. Muharrem UZUN<br \/>\n3. Hilal D\u00dcNDAR<\/p>\n","protected":false},"excerpt":{"rendered":"<p>20 May\u0131s 2018 Pazar g\u00fcn\u00fc TKD \u0130stanbul \u015eubesi Ola\u011fan Genel Kuruluna gelip mesle\u011fine ve derne\u011fine sahip \u00e7\u0131kan \u00e7oluk \u00e7ocuk \u015fenli\u011fe gelir gibi kongreye gelen 137 meslekta\u015f\u0131m\u0131za te\u015fekk\u00fcr ediyorum. Bol kahkahal\u0131, bol kucakla\u015fmal\u0131, bol alk\u0131\u015fl\u0131 bol mizahl\u0131 renkli, ne\u015feli, e\u011flenceli bir kongre ya\u015fad\u0131k. Sosyal medyada birbirine fi\u015fek gibi mesaj atanlar kongre salonun k\u00f6\u015felerinde birlikte kahkaha atarak, [&hellip;]<\/p>\n","protected":false},"author":1,"featured_media":24382,"comment_status":"open","ping_status":"open","sticky":false,"template":"","format":"standard","meta":{"footnotes":""},"categories":[1476],"tags":[1420],"class_list":["post-24381","post","type-post","status-publish","format-standard","has-post-thumbnail","hentry","category-aydin-ileri","tag-tkd-istanbul"],"_links":{"self":[{"href":"https:\/\/www.bbyhaber.com\/bby\/wp-json\/wp\/v2\/posts\/24381"}],"collection":[{"href":"https:\/\/www.bbyhaber.com\/bby\/wp-json\/wp\/v2\/posts"}],"about":[{"href":"https:\/\/www.bbyhaber.com\/bby\/wp-json\/wp\/v2\/types\/post"}],"author":[{"embeddable":true,"href":"https:\/\/www.bbyhaber.com\/bby\/wp-json\/wp\/v2\/users\/1"}],"replies":[{"embeddable":true,"href":"https:\/\/www.bbyhaber.com\/bby\/wp-json\/wp\/v2\/comments?post=24381"}],"version-history":[{"count":2,"href":"https:\/\/www.bbyhaber.com\/bby\/wp-json\/wp\/v2\/posts\/24381\/revisions"}],"predecessor-version":[{"id":24384,"href":"https:\/\/www.bbyhaber.com\/bby\/wp-json\/wp\/v2\/posts\/24381\/revisions\/24384"}],"wp:featuredmedia":[{"embeddable":true,"href":"https:\/\/www.bbyhaber.com\/bby\/wp-json\/wp\/v2\/media\/24382"}],"wp:attachment":[{"href":"https:\/\/www.bbyhaber.com\/bby\/wp-json\/wp\/v2\/media?parent=24381"}],"wp:term":[{"taxonomy":"category","embeddable":true,"href":"https:\/\/www.bbyhaber.com\/bby\/wp-json\/wp\/v2\/categories?post=24381"},{"taxonomy":"post_tag","embeddable":true,"href":"https:\/\/www.bbyhaber.com\/bby\/wp-json\/wp\/v2\/tags?post=24381"}],"curies":[{"name":"wp","href":"https:\/\/api.w.org\/{rel}","templated":true}]}}