{"id":24278,"date":"2018-05-07T12:45:47","date_gmt":"2018-05-07T09:45:47","guid":{"rendered":"http:\/\/www.bbyhaber.com\/bby\/?p=24278"},"modified":"2018-10-23T09:19:32","modified_gmt":"2018-10-23T06:19:32","slug":"ataist-kutuphaneci","status":"publish","type":"post","link":"https:\/\/www.bbyhaber.com\/bby\/2018\/05\/07\/ataist-kutuphaneci","title":{"rendered":"Ataist K\u00fct\u00fcphaneci! | Cem \u00d6ZEL"},"content":{"rendered":"<p>[avatar user=&#8221;cemozel&#8221; \/]<a href=\"http:\/\/www.bbyhaber.com\/bby\/author\/cemozel\"><br \/>\nCem \u00d6ZEL<\/a><br \/>\n<strong>Kullan\u0131c\u0131 Hizmetleri Y\u00f6neticisi\/Sabanc\u0131 \u00dcniversitesi Bilgi Merkezi<\/strong><\/p>\n<p><a href=\"http:\/\/www.bbyhaber.com\/bby\/wp-content\/uploads\/2018\/05\/ataist-kutuphaneci.jpg\"><img loading=\"lazy\" decoding=\"async\" class=\"alignleft size-full wp-image-24279\" src=\"http:\/\/www.bbyhaber.com\/bby\/wp-content\/uploads\/2018\/05\/ataist-kutuphaneci.jpg\" alt=\"\" width=\"390\" height=\"180\" \/><\/a>Hafta sonu Yalova&#8217;dayd\u0131m. <strong>Atat\u00fcrk K\u00f6\u015fk\u00fc<\/strong>&#8216;n\u00fc ve Y\u00fcr\u00fcyen K\u00f6\u015fk&#8217;\u00fc gezdim. O&#8217;nun ba\u015f k\u00f6\u015fede oturdu\u011fu masa d\u00fczeni, i\u00e7ti\u011fi kahve fincan\u0131, hayallere dald\u0131\u011f\u0131 yata\u011f\u0131, foto\u011fraflar\u0131 ve daha bir s\u00fcr\u00fc hat\u0131rlat\u0131c\u0131 etmen, bizi o y\u0131llara g\u00f6t\u00fcrd\u00fc. \u00c7evre bilincinden dolay\u0131, daha do\u011frusu zaten kendisinde var oldu\u011fundan \u00e7ok emin oldu\u011fum \u00e7evre bilincinin halk taraf\u0131ndan da benimsenmesi i\u00e7in, de\u011fil T\u00fcrkiye&#8217;ye b\u00fct\u00fcn d\u00fcnyaya verdi\u011fi mesaj, bug\u00fcn hala Y\u00fcr\u00fcyen K\u00f6\u015fk&#8217;\u00fcn ne kadar manidar oldu\u011funu bize g\u00f6steriyor.<!--more--> Bir a\u011fac\u0131n tek bir dal\u0131na zarar vermemek i\u00e7in, rehber han\u0131m\u0131n da anlatt\u0131\u011f\u0131 \u00fczere &#8220;<strong>\u00c7\u0131nar a\u011fac\u0131 devlettir. Sak\u0131n kesmeyin<\/strong>.&#8221; diyerek uzmanlara dan\u0131\u015f\u0131p rayl\u0131 sistem kulland\u0131rtarak k\u00f6\u015fk\u00fc 4 metre 80 santim kayd\u0131rtmas\u0131, acaba <strong>Atat\u00fcrk<\/strong> gibi y\u00fcce bir ruha sahip insandan ba\u015fka kime yak\u0131\u015fabilirdi. Y\u00fcr\u00fcyen K\u00f6\u015fk&#8217;\u00fcn bah\u00e7esinde yine tabiatla ilgili m\u00fcthi\u015f bir s\u00f6z\u00fc var <strong>ATA<\/strong>&#8216;m\u0131z\u0131n: &#8220;<strong>Tabiata sayg\u0131, akl\u0131n vicdan\u0131d\u0131r<\/strong>.&#8221;<\/p>\n<p>Acaba diyorum, ke\u015fke koskoca d\u00fcnya, O&#8217;nu sava\u015flarla bu kadar me\u015fgul etmeseydi de, <strong>Atat\u00fcrk<\/strong> de b\u00fct\u00fcn enerjisini d\u00fcnyaya mal olacak m\u00fcthi\u015f mesajlar verseydi bize. D\u00fcnya <strong>ATA<\/strong>&#8216;m\u0131z\u0131n k\u0131ymetini bilemedi.<\/p>\n<p>Biz sanki \u00e7ok mu biliyoruz! Ah ke\u015fke bilsek!<\/p>\n<p>Ben <strong>Ata<\/strong>m\u0131z\u0131n manevi miras\u00e7\u0131s\u0131y\u0131m. Hak iddia etmek i\u00e7in de var g\u00fcc\u00fcmle \u00e7al\u0131\u015f\u0131yorum. Ne demi\u015fti <strong>Atat\u00fcrk<\/strong>:<\/p>\n<p>&#8220;<em>Ben, manev\u00ee miras olarak hi\u00e7bir ayet, hi\u00e7bir dogma, hi\u00e7bir donmu\u015f ve kal\u0131pla\u015fm\u0131\u015f kural b\u0131rakm\u0131yorum. Benim manev\u00ee miras\u0131m, bilim ve ak\u0131ld\u0131r. Benden sonrakiler, bizim a\u015fmak zorunda oldu\u011fumuz \u00e7etin ve k\u00f6kl\u00fc g\u00fc\u00e7l\u00fckler \u00f6n\u00fcnde, belki ama\u00e7lara tamamen eremedi\u011fimizi, fakat asla \u00f6d\u00fcn vermedi\u011fimizi, ak\u0131l ve bilimi rehber edindi\u011fimizi onaylayacaklard\u0131r. Zaman h\u0131zla d\u00f6n\u00fcyor, milletlerin, toplumlar\u0131n, bireylerin mutluluk ve mutsuzluk anlay\u0131\u015flar\u0131 bile de\u011fi\u015fiyor. B\u00f6yle bir d\u00fcnyada, asla de\u011fi\u015fmeyecek h\u00fck\u00fcmler getirdi\u011fini iddia etmek, akl\u0131n ve bilimin geli\u015fimini ink\u00e2r etmek olur. Benim, T\u00fcrk milleti i\u00e7in yapmak istediklerim ve ba\u015farmaya \u00e7al\u0131\u015ft\u0131klar\u0131m ortadad\u0131r. Benden sonra, beni benimsemek isteyenler, bu temel eksen \u00fczerinde ak\u0131l ve bilimin rehberli\u011fini kabul ederlerse, manev\u00ee miras\u00e7\u0131lar\u0131m olurlar.<\/em>&#8221;<\/p>\n<p><strong>Atat\u00fcrk<\/strong>&#8216;le ilgili \u00e7ok kitap okudum. Her ba\u015f\u0131m s\u0131k\u0131\u015fsa O&#8217;nun kitaplar\u0131n\u0131, yapt\u0131klar\u0131n\u0131 ve an\u0131lar\u0131n\u0131 okuyorum. \u00c7ok da \u00e7abalad\u0131m, hi\u00e7 mi a\u00e7\u0131\u011f\u0131 yok diye, hi\u00e7 mi ele\u015ftirilecek yan\u0131 yok diye; ama bulamad\u0131m. Kendi ya\u015fam\u0131\u015f oldu\u011fu d\u00f6nemdeki ko\u015fullar\u0131 i\u00e7inde de\u011ferlendirmek O&#8217;nun hakk\u0131n\u0131 yemeden de\u011ferlendirmek demektir.<\/p>\n<p>Neler okumu\u015f neler! Okumakla kalmam\u0131\u015f, okuduklar\u0131ndan fazlas\u0131n\u0131 hayata ge\u00e7irmi\u015ftir. Dahas\u0131 kendi de yazm\u0131\u015ft\u0131r.<\/p>\n<p>Sahi meyve veren a\u011fa\u00e7 misali, b\u00f6yle b\u00fcy\u00fck bir de\u011ferimiz varken, O&#8217;nu y\u0131pratman\u0131n ne alemi var? <strong>Atat\u00fcrk<\/strong>&#8216;\u00fc ele\u015ftirmeyin demiyorum tabii; ama insafs\u0131z ele\u015ftirmeyin. Muas\u0131r medeniyetler seviyesine gelebilmemiz i\u00e7in kendi \u00e7ocuklu\u011fundan, gen\u00e7li\u011finden, yeti\u015fkinli\u011finden neler feda etti. Ya\u015fl\u0131l\u0131\u011f\u0131n\u0131 bile ya\u015fayamadan aram\u0131zdan ayr\u0131ld\u0131. Nas\u0131l bir vatan sevdal\u0131s\u0131ym\u0131\u015f me\u011fer!<\/p>\n<p><strong>Atat\u00fcrk<\/strong>&#8216;\u00fcn yapt\u0131klar\u0131, \u00e7ok b\u00fcy\u00fck i\u015fler. Onu ge\u00e7meyi kim istemez; ama hen\u00fcz \u00e7\u0131kmad\u0131 i\u00e7imizden biri. Belki hedeflerini her birey kendisi i\u00e7in minimize edip \u00e7al\u0131\u015ft\u0131\u011f\u0131 kurumun <strong>Atat\u00fcrk<\/strong>&#8216;\u00fc olmak i\u00e7in \u00e7al\u0131\u015fabilir. D\u00fc\u015f\u00fcnsenize, \u00e7al\u0131\u015ft\u0131\u011f\u0131n\u0131z k\u00fct\u00fcphane <strong>T\u00fcrkiye<\/strong> olsun. Siz de bu k\u00fct\u00fcphanenin <strong>Atat\u00fcrk<\/strong>&#8216;\u00fc olun. Koskoca bir \u00fclkeyi mikro \u00f6l\u00e7e\u011fe indirip O&#8217;nun yapt\u0131klar\u0131n\u0131 ve ba\u015fard\u0131klar\u0131n\u0131 kendi k\u00fct\u00fcphanenizde deneyin. Bence denemeye de\u011fer.<\/p>\n","protected":false},"excerpt":{"rendered":"<p>[avatar user=&#8221;cemozel&#8221; \/] Cem \u00d6ZEL Kullan\u0131c\u0131 Hizmetleri Y\u00f6neticisi\/Sabanc\u0131 \u00dcniversitesi Bilgi Merkezi Hafta sonu Yalova&#8217;dayd\u0131m. Atat\u00fcrk K\u00f6\u015fk\u00fc&#8216;n\u00fc ve Y\u00fcr\u00fcyen K\u00f6\u015fk&#8217;\u00fc gezdim. O&#8217;nun ba\u015f k\u00f6\u015fede oturdu\u011fu masa d\u00fczeni, i\u00e7ti\u011fi kahve fincan\u0131, hayallere dald\u0131\u011f\u0131 yata\u011f\u0131, foto\u011fraflar\u0131 ve daha bir s\u00fcr\u00fc hat\u0131rlat\u0131c\u0131 etmen, bizi o y\u0131llara g\u00f6t\u00fcrd\u00fc. \u00c7evre bilincinden dolay\u0131, daha do\u011frusu zaten kendisinde var oldu\u011fundan \u00e7ok emin oldu\u011fum [&hellip;]<\/p>\n","protected":false},"author":143,"featured_media":24279,"comment_status":"open","ping_status":"open","sticky":false,"template":"","format":"standard","meta":{"footnotes":""},"categories":[1478,1],"tags":[1043,1042,1460],"class_list":["post-24278","post","type-post","status-publish","format-standard","has-post-thumbnail","hentry","category-cem-ozel","category-genel","tag-ataturk","tag-ataturk-kosku","tag-kose-yazarlari"],"_links":{"self":[{"href":"https:\/\/www.bbyhaber.com\/bby\/wp-json\/wp\/v2\/posts\/24278"}],"collection":[{"href":"https:\/\/www.bbyhaber.com\/bby\/wp-json\/wp\/v2\/posts"}],"about":[{"href":"https:\/\/www.bbyhaber.com\/bby\/wp-json\/wp\/v2\/types\/post"}],"author":[{"embeddable":true,"href":"https:\/\/www.bbyhaber.com\/bby\/wp-json\/wp\/v2\/users\/143"}],"replies":[{"embeddable":true,"href":"https:\/\/www.bbyhaber.com\/bby\/wp-json\/wp\/v2\/comments?post=24278"}],"version-history":[{"count":3,"href":"https:\/\/www.bbyhaber.com\/bby\/wp-json\/wp\/v2\/posts\/24278\/revisions"}],"predecessor-version":[{"id":25337,"href":"https:\/\/www.bbyhaber.com\/bby\/wp-json\/wp\/v2\/posts\/24278\/revisions\/25337"}],"wp:featuredmedia":[{"embeddable":true,"href":"https:\/\/www.bbyhaber.com\/bby\/wp-json\/wp\/v2\/media\/24279"}],"wp:attachment":[{"href":"https:\/\/www.bbyhaber.com\/bby\/wp-json\/wp\/v2\/media?parent=24278"}],"wp:term":[{"taxonomy":"category","embeddable":true,"href":"https:\/\/www.bbyhaber.com\/bby\/wp-json\/wp\/v2\/categories?post=24278"},{"taxonomy":"post_tag","embeddable":true,"href":"https:\/\/www.bbyhaber.com\/bby\/wp-json\/wp\/v2\/tags?post=24278"}],"curies":[{"name":"wp","href":"https:\/\/api.w.org\/{rel}","templated":true}]}}