{"id":24274,"date":"2018-05-06T23:21:23","date_gmt":"2018-05-06T20:21:23","guid":{"rendered":"http:\/\/www.bbyhaber.com\/bby\/?p=24274"},"modified":"2019-06-18T16:17:19","modified_gmt":"2019-06-18T13:17:19","slug":"kutuphaneciligin-onemli-ismine-veda-leman-senalp-vefat-etti","status":"publish","type":"post","link":"https:\/\/www.bbyhaber.com\/bby\/2018\/05\/06\/kutuphaneciligin-onemli-ismine-veda-leman-senalp-vefat-etti","title":{"rendered":"K\u00fct\u00fcphanecili\u011fin \u00d6nemli \u0130smine Veda &#8211; Leman \u015eenalp Vefat Etti"},"content":{"rendered":"<p><a href=\"http:\/\/www.bbyhaber.com\/bby\/wp-content\/uploads\/2018\/05\/lemansenalp.jpg\"><img loading=\"lazy\" decoding=\"async\" class=\"alignleft wp-image-24275 size-medium\" src=\"http:\/\/www.bbyhaber.com\/bby\/wp-content\/uploads\/2018\/05\/lemansenalp-264x300.jpg\" alt=\"\" width=\"264\" height=\"300\" srcset=\"https:\/\/www.bbyhaber.com\/bby\/wp-content\/uploads\/2018\/05\/lemansenalp-264x300.jpg 264w, https:\/\/www.bbyhaber.com\/bby\/wp-content\/uploads\/2018\/05\/lemansenalp.jpg 720w\" sizes=\"(max-width: 264px) 100vw, 264px\" \/><\/a><\/p>\n<p>&nbsp;<\/p>\n<p>1924 y\u0131l\u0131nda Bursa\u2019da do\u011fan efsane k\u00fct\u00fcphaneci Leman \u015eenalp \u00f6nceki g\u00fcn hayat\u0131n\u0131 kaybetti.<\/p>\n<p>Ankara \u00dcniversitesi\u2019ni bitirince Adnan \u00d6t\u00fcken\u2019in k\u00fct\u00fcphanecilik kursunda \u00e7al\u0131\u015fmaya ba\u015flayan \u015eenalp, Milli K\u00fct\u00fcphane\u2019nin kurulu\u015f \u00e7al\u0131\u015fmalar\u0131 s\u0131ras\u0131nda g\u00f6rev ald\u0131. Ard\u0131ndan burada uzman olan \u015eenalp 1954-1955 y\u0131llar\u0131nda T\u00fcrk K\u00fct\u00fcphaneciler Derne\u011fi\u2019nin ba\u015fkanl\u0131\u011f\u0131n\u0131 y\u00fcr\u00fctt\u00fc. 1960\u2019tan emekliye ayr\u0131ld\u0131\u011f\u0131 1977 y\u0131l\u0131na dek \u0130stanbul \u00dcniversitesi Merkez K\u00fct\u00fcphanesi\u2019nde uzman ve y\u00f6netici olarak \u00e7al\u0131\u015ft\u0131. 1995\u2019te TKD taraf\u0131ndan \u00dcst\u00fcn Hizmet \u00d6d\u00fcl\u00fc ile onurland\u0131r\u0131ld\u0131. \u015eenalp d\u00fcn \u015eakirin Camii\u2019nde k\u0131l\u0131nan ikindi namaz\u0131n\u0131n ard\u0131ndan topra\u011fa verildi.<\/p>\n<p><span class=\"highlightNode\">Leman \u015eenalp<\/span>, DT. 10 Subat 1924 Bursa, Karacabey. \u00d6T. 4 May\u0131s 2018 \u0130stanbul<\/p>\n<p>T\u00fcrk K\u00fct\u00fcphaneciler Derne\u011fi Genel Merkezi eski genel ba\u015fkan\u0131. (1954-1955\/ 1957-1958)<br \/>\nT\u00fcrk K\u00fct\u00fcphaneciler Derne\u011fi \u0130stanbul \u015eubesi eski ba\u015fkan\u0131 (1970)<br \/>\nMillli K\u00fct\u00fcphanemizin kurucu kadrosunda yer alan k\u00fct\u00fcphanecilik duayenimiz cumhuriyet ayd\u0131n\u0131\u00a0<a class=\"_58cn\" href=\"https:\/\/www.facebook.com\/hashtag\/leman%C5%9Fenalp?source=feed_text\" data-ft=\"{&quot;tn&quot;:&quot;*N&quot;,&quot;type&quot;:104}\"><span class=\"highlightNode\">#Leman\u015eenalp<\/span><\/a>\u00a04 May\u0131s cuma g\u00fcn\u00fc 95 ya\u015f\u0131nda \u0130stanbul Etiler Huzurevi&#8217;nde vefat etmi\u015ftir.<\/p>\n<p><span class=\"text_exposed_show\">De\u011ferli b\u00fcy\u00fc\u011f\u00fcm\u00fcze Allah\u2019tan rahmet, camiam\u0131za, sevenlerine ve ailesine ba\u015fsa\u011fl\u0131\u011f\u0131 diliyoruz.<\/span><\/p>\n","protected":false},"excerpt":{"rendered":"<p>&nbsp; 1924 y\u0131l\u0131nda Bursa\u2019da do\u011fan efsane k\u00fct\u00fcphaneci Leman \u015eenalp \u00f6nceki g\u00fcn hayat\u0131n\u0131 kaybetti. Ankara \u00dcniversitesi\u2019ni bitirince Adnan \u00d6t\u00fcken\u2019in k\u00fct\u00fcphanecilik kursunda \u00e7al\u0131\u015fmaya ba\u015flayan \u015eenalp, Milli K\u00fct\u00fcphane\u2019nin kurulu\u015f \u00e7al\u0131\u015fmalar\u0131 s\u0131ras\u0131nda g\u00f6rev ald\u0131. Ard\u0131ndan burada uzman olan \u015eenalp 1954-1955 y\u0131llar\u0131nda T\u00fcrk K\u00fct\u00fcphaneciler Derne\u011fi\u2019nin ba\u015fkanl\u0131\u011f\u0131n\u0131 y\u00fcr\u00fctt\u00fc. 1960\u2019tan emekliye ayr\u0131ld\u0131\u011f\u0131 1977 y\u0131l\u0131na dek \u0130stanbul \u00dcniversitesi Merkez K\u00fct\u00fcphanesi\u2019nde uzman ve y\u00f6netici [&hellip;]<\/p>\n","protected":false},"author":1,"featured_media":24275,"comment_status":"open","ping_status":"open","sticky":false,"template":"","format":"standard","meta":{"footnotes":""},"categories":[1],"tags":[1188,824],"class_list":["post-24274","post","type-post","status-publish","format-standard","has-post-thumbnail","hentry","category-genel","tag-leman-senalp","tag-vefat-eden-meslektaslarimiz"],"_links":{"self":[{"href":"https:\/\/www.bbyhaber.com\/bby\/wp-json\/wp\/v2\/posts\/24274"}],"collection":[{"href":"https:\/\/www.bbyhaber.com\/bby\/wp-json\/wp\/v2\/posts"}],"about":[{"href":"https:\/\/www.bbyhaber.com\/bby\/wp-json\/wp\/v2\/types\/post"}],"author":[{"embeddable":true,"href":"https:\/\/www.bbyhaber.com\/bby\/wp-json\/wp\/v2\/users\/1"}],"replies":[{"embeddable":true,"href":"https:\/\/www.bbyhaber.com\/bby\/wp-json\/wp\/v2\/comments?post=24274"}],"version-history":[{"count":1,"href":"https:\/\/www.bbyhaber.com\/bby\/wp-json\/wp\/v2\/posts\/24274\/revisions"}],"predecessor-version":[{"id":24276,"href":"https:\/\/www.bbyhaber.com\/bby\/wp-json\/wp\/v2\/posts\/24274\/revisions\/24276"}],"wp:featuredmedia":[{"embeddable":true,"href":"https:\/\/www.bbyhaber.com\/bby\/wp-json\/wp\/v2\/media\/24275"}],"wp:attachment":[{"href":"https:\/\/www.bbyhaber.com\/bby\/wp-json\/wp\/v2\/media?parent=24274"}],"wp:term":[{"taxonomy":"category","embeddable":true,"href":"https:\/\/www.bbyhaber.com\/bby\/wp-json\/wp\/v2\/categories?post=24274"},{"taxonomy":"post_tag","embeddable":true,"href":"https:\/\/www.bbyhaber.com\/bby\/wp-json\/wp\/v2\/tags?post=24274"}],"curies":[{"name":"wp","href":"https:\/\/api.w.org\/{rel}","templated":true}]}}