{"id":24238,"date":"2018-05-03T13:32:45","date_gmt":"2018-05-03T10:32:45","guid":{"rendered":"http:\/\/www.bbyhaber.com\/bby\/?p=24238"},"modified":"2018-05-03T13:41:59","modified_gmt":"2018-05-03T10:41:59","slug":"tkdden-cok-dilli-kutuphaneye-kitap-bagisi","status":"publish","type":"post","link":"https:\/\/www.bbyhaber.com\/bby\/2018\/05\/03\/tkdden-cok-dilli-kutuphaneye-kitap-bagisi","title":{"rendered":"TKD&#8217;den \u00c7ok Dilli K\u00fct\u00fcphane\u2019ye kitap ba\u011f\u0131\u015f\u0131"},"content":{"rendered":"<p><a href=\"http:\/\/www.bbyhaber.com\/bby\/wp-content\/uploads\/2018\/05\/MardinArtuklu-bagis.jpg\"><img loading=\"lazy\" decoding=\"async\" class=\"alignleft  wp-image-24247\" src=\"http:\/\/www.bbyhaber.com\/bby\/wp-content\/uploads\/2018\/05\/MardinArtuklu-bagis.jpg\" alt=\"\" width=\"224\" height=\"174\" srcset=\"https:\/\/www.bbyhaber.com\/bby\/wp-content\/uploads\/2018\/05\/MardinArtuklu-bagis.jpg 445w, https:\/\/www.bbyhaber.com\/bby\/wp-content\/uploads\/2018\/05\/MardinArtuklu-bagis-300x233.jpg 300w\" sizes=\"(max-width: 224px) 100vw, 224px\" \/><\/a>T\u00fcrk K\u00fct\u00fcphaneciler Derne\u011fi Genel Ba\u015fkan\u0131 Ali Fuat Kartal ve Genel Sekreter Erol G\u00f6kduman, yeni binas\u0131na ta\u015f\u0131nan Mardin Artuklu \u00dcniversitesi K\u00fct\u00fcphanesi\u2019ni ziyaret etti. Mardin Artuklu \u00dcniversitesi K\u00fct\u00fcphane ve Dok\u00fcmantasyon Daire Ba\u015fkan\u0131 Say\u0131n Hilal A\u011falday\u2019\u0131n da haz\u0131r bulundu\u011fu t\u00f6renle<!--more-->, K\u00fct\u00fcphane b\u00fcnyesinde bulunan \u00c7ok Dilli K\u00fct\u00fcphane\u2019ye Kuzey Kafkasya halklar\u0131n\u0131n co\u011frafyas\u0131na, arkeolojisine ve k\u00fclt\u00fcr\u00fcne ait kitaplar\u0131 hediye etti.<\/p>\n<p><a href=\"http:\/\/kutuphaneci.org.tr\" target=\"_blank\" rel=\"noopener\">Kaynak<\/a><\/p>\n<p><em>Haberi \u0130leten:Emre Hasan Akbayrak<\/em><\/p>\n","protected":false},"excerpt":{"rendered":"<p>T\u00fcrk K\u00fct\u00fcphaneciler Derne\u011fi Genel Ba\u015fkan\u0131 Ali Fuat Kartal ve Genel Sekreter Erol G\u00f6kduman, yeni binas\u0131na ta\u015f\u0131nan Mardin Artuklu \u00dcniversitesi K\u00fct\u00fcphanesi\u2019ni ziyaret etti. Mardin Artuklu \u00dcniversitesi K\u00fct\u00fcphane ve Dok\u00fcmantasyon Daire Ba\u015fkan\u0131 Say\u0131n Hilal A\u011falday\u2019\u0131n da haz\u0131r bulundu\u011fu t\u00f6renle<\/p>\n","protected":false},"author":1,"featured_media":24247,"comment_status":"open","ping_status":"open","sticky":false,"template":"","format":"standard","meta":{"footnotes":""},"categories":[1474,1],"tags":[],"class_list":["post-24238","post","type-post","status-publish","format-standard","has-post-thumbnail","hentry","category-ali-fuat-kartal","category-genel"],"_links":{"self":[{"href":"https:\/\/www.bbyhaber.com\/bby\/wp-json\/wp\/v2\/posts\/24238"}],"collection":[{"href":"https:\/\/www.bbyhaber.com\/bby\/wp-json\/wp\/v2\/posts"}],"about":[{"href":"https:\/\/www.bbyhaber.com\/bby\/wp-json\/wp\/v2\/types\/post"}],"author":[{"embeddable":true,"href":"https:\/\/www.bbyhaber.com\/bby\/wp-json\/wp\/v2\/users\/1"}],"replies":[{"embeddable":true,"href":"https:\/\/www.bbyhaber.com\/bby\/wp-json\/wp\/v2\/comments?post=24238"}],"version-history":[{"count":8,"href":"https:\/\/www.bbyhaber.com\/bby\/wp-json\/wp\/v2\/posts\/24238\/revisions"}],"predecessor-version":[{"id":24249,"href":"https:\/\/www.bbyhaber.com\/bby\/wp-json\/wp\/v2\/posts\/24238\/revisions\/24249"}],"wp:featuredmedia":[{"embeddable":true,"href":"https:\/\/www.bbyhaber.com\/bby\/wp-json\/wp\/v2\/media\/24247"}],"wp:attachment":[{"href":"https:\/\/www.bbyhaber.com\/bby\/wp-json\/wp\/v2\/media?parent=24238"}],"wp:term":[{"taxonomy":"category","embeddable":true,"href":"https:\/\/www.bbyhaber.com\/bby\/wp-json\/wp\/v2\/categories?post=24238"},{"taxonomy":"post_tag","embeddable":true,"href":"https:\/\/www.bbyhaber.com\/bby\/wp-json\/wp\/v2\/tags?post=24238"}],"curies":[{"name":"wp","href":"https:\/\/api.w.org\/{rel}","templated":true}]}}