{"id":24223,"date":"2018-05-03T09:03:21","date_gmt":"2018-05-03T06:03:21","guid":{"rendered":"http:\/\/www.bbyhaber.com\/bby\/?p=24223"},"modified":"2018-10-23T09:19:35","modified_gmt":"2018-10-23T06:19:35","slug":"sizin-ben-kitabinizi","status":"publish","type":"post","link":"https:\/\/www.bbyhaber.com\/bby\/2018\/05\/03\/sizin-ben-kitabinizi","title":{"rendered":"Sizin ben kitab\u0131n\u0131z\u0131 | Cem \u00d6ZEL"},"content":{"rendered":"<p>[avatar user=&#8221;cemozel&#8221; \/]<a href=\"http:\/\/www.bbyhaber.com\/bby\/wp-content\/uploads\/2018\/05\/sizin-ben-kitabinizi.jpg\"><img loading=\"lazy\" decoding=\"async\" class=\"alignright wp-image-24224\" src=\"http:\/\/www.bbyhaber.com\/bby\/wp-content\/uploads\/2018\/05\/sizin-ben-kitabinizi.jpg\" alt=\"\" width=\"250\" height=\"219\" srcset=\"https:\/\/www.bbyhaber.com\/bby\/wp-content\/uploads\/2018\/05\/sizin-ben-kitabinizi.jpg 441w, https:\/\/www.bbyhaber.com\/bby\/wp-content\/uploads\/2018\/05\/sizin-ben-kitabinizi-300x263.jpg 300w\" sizes=\"(max-width: 250px) 100vw, 250px\" \/><\/a><a href=\"http:\/\/www.bbyhaber.com\/bby\/author\/cemozel\"><br \/>\nCem \u00d6ZEL<\/a><br \/>\n<strong>Kullan\u0131c\u0131 Hizmetleri Y\u00f6neticisi\/Sabanc\u0131 \u00dcniversitesi Bilgi Merkezi\/<\/strong><\/p>\n<p>Sizin ben kitab\u0131n\u0131z\u0131 seveyim sevgili yay\u0131nevleri. Nice uzun geceleri sizin sayenizde sabah ettim. Ka\u00e7 g\u00fcne\u015f do\u011fu\u015funu kitaplar\u0131n\u0131zla kar\u015f\u0131lad\u0131m.<\/p>\n<p>\u015eimdi diyeceksiniz ki, \u201cyay\u0131nevinin ne \u00f6nemi var can\u0131m, \u00f6nemli olan kitab\u0131n kendisidir\u201d. \u00d6yle olmuyor i\u015fte. Bir s\u00fcre sonra alg\u0131n\u0131z ve ilginiz artt\u0131k\u00e7a bir kitab\u0131n hangi yay\u0131nevinden \u00e7\u0131kt\u0131\u011f\u0131n\u0131 bile merak ediyor, hatta ona g\u00f6re karar veriyorsunuz okuyup okumayaca\u011f\u0131n\u0131za.<!--more--> Bizim camiada ve yandallar\u0131nda bir kitab\u0131 kimin yazd\u0131\u011f\u0131n\u0131n \u00f6tesinde hangi \u00e7evirmen taraf\u0131ndan \u00e7evrildi\u011fini ya da hangi yay\u0131nevinden bas\u0131ld\u0131\u011f\u0131n\u0131 sorgulayan ve ona g\u00f6re se\u00e7ici davranan entelekt\u00fcellerden tutun, y\u0131pranm\u0131\u015f bir kitab\u0131n yeni ciltlenmi\u015f mis gibi y\u00fczeyine Karl Marx yerine Kral Marx yazan ilgisiz ki\u015fileri de g\u00f6rd\u00fck. \u0130lgi \u00f6nemli. Dolay\u0131s\u0131yla yay\u0131nevlerine bir el atal\u0131m istedik.<\/p>\n<p>Burada sevdi\u011fim yay\u0131nevlerinin adlar\u0131n\u0131 anmay\u0131 bir ahde vefa olarak g\u00f6r\u00fcyorum. \u00dcniversite y\u0131llar\u0131mda en \u00e7ok ha\u015f\u0131r ne\u015fir oldu\u011fum kitaplar\u0131 basan yay\u0131nevi oldu\u011fu i\u00e7in s\u00f6ze \u00f6nce Can Yay\u0131nlar\u0131\u2019yla ba\u015flamak istiyorum. Onun her k\u00f6t\u00fcmserli\u011fe a\u00e7t\u0131\u011f\u0131 beyaz sayfaya (\u00f6n kapa\u011fa) bir de \u201cy\u00fcrek\u201d s\u0131\u011fd\u0131rmas\u0131 insan\u0131n i\u00e7ini \u0131s\u0131t\u0131yor. Biliyorum, g\u00f6z\u00fcn\u00fczde canland\u0131rd\u0131n\u0131z hemen beyaz \u00f6n kapa\u011f\u0131 ve k\u0131rm\u0131z\u0131 kalbi. Ho\u015f, \u015fimdi daha bir renkli oldu \u00f6n kapaklar\u0131; ama olsun, tad\u0131ndan bir \u015fey eksik olmad\u0131.<\/p>\n<p>Ayr\u0131nt\u0131 Yay\u0131nlar\u0131 var mesela. Kab\u0131na s\u0131\u011fmayan \u201cdinozor\u201d sembol\u00fcyle akl\u0131mdan hi\u00e7 \u00e7\u0131kmayan, \u201ca\u011f\u0131r abi\/ a\u011f\u0131r okuyucu\u201d kitaplar\u0131 basan bir yay\u0131nevi. Irvin Yalom\u2019un <em>Nietzsche A\u011flad\u0131\u011f\u0131nda<\/em> ve <em>Divan<\/em> adl\u0131 kitaplar\u0131, Samuel Beckett\u2019\u0131n 14 senede bitirdi\u011fim <em>Hi\u00e7 i\u00e7in Metinler ve Uzun \u00d6yk\u00fcler<\/em> adl\u0131 kitab\u0131, Lafargue\u2019n\u00fcn <em>Tembellik Hakk\u0131<\/em>, Jack London\u2019un <em>Beyaz Di\u015f<\/em>\u2019i, Kafka\u2019n\u0131n <em>D\u00f6n\u00fc\u015f\u00fcm<\/em>\u2019\u00fc, Gogol\u2019un <em>Palto<\/em>\u2019su Ayr\u0131nt\u0131 Yay\u0131nlar\u0131\u2019ndan tatt\u0131\u011f\u0131m kitaplard\u0131. \u0130nternetten katalo\u011funa bak\u0131yorum da, Ayr\u0131nt\u0131 Yay\u0131nlar\u0131\u2019n\u0131n b\u00fct\u00fcn kitaplar\u0131n\u0131 okusam kendimi bamba\u015fka biri gibi bulaca\u011f\u0131mdan hi\u00e7 \u015f\u00fcphem yok. S\u00f6z\u00fcn k\u0131sas\u0131 elime ne zaman Ayr\u0131nt\u0131 Yay\u0131nlar\u0131\u2019ndan bir kitap ge\u00e7se, \u201cdinozor\u201dla g\u00f6z g\u00f6ze gelmeden bile bunun bir Ayr\u0131nt\u0131 Yay\u0131n\u0131 oldu\u011funu bilirim. Kendine \u00f6zg\u00fc bir \u00f6zg\u00fcl a\u011f\u0131rl\u0131\u011f\u0131, yaz\u0131 karakteri ve duru\u015fu Ayr\u0131nt\u0131 Yay\u0131nlar\u0131\u2019n\u0131 ele verir. Ayr\u0131nt\u0131lar \u00f6nemli!<\/p>\n<p>Neden oldu\u011funu bilmemekle birlikte \u00f6nyarg\u0131l\u0131 davrand\u0131\u011f\u0131m yay\u0131nevlerinden biriydi \u0130leti\u015fim Yay\u0131nlar\u0131; ama \u00f6yle kitaplar okudum ki \u0130leti\u015fim\u2019den, \u00f6nyarg\u0131lar\u0131m\u0131 atomu par\u00e7alar gibi par\u00e7alad\u0131m o kitaplar sayesinde. Yeri gelmi\u015fken soyadlar\u0131yla an\u0131lan yabanc\u0131 yazarlara yapt\u0131\u011f\u0131m\u0131z gibi onlar\u0131 daha yak\u0131n hissetmek ad\u0131na yaz\u0131n\u0131n bundan sonras\u0131nda, yazarlar\u0131 sadece isimleriyle zikretmeye \u00e7al\u0131\u015faca\u011f\u0131m. Bilen bilecek nas\u0131l olsa kimi kastetti\u011fimizi. \u00a0Biraz komik olabilir; ama olsun. Bir deneyelim bakal\u0131m nas\u0131l olacak?<\/p>\n<p>En son ne diyorduk? \u0130leti\u015fim Yay\u0131nlar\u0131\u2019nda kalm\u0131\u015ft\u0131k. G\u00fcnd\u00fcz\u2019\u00fcn, ba\u015fl\u0131\u011f\u0131 bile ba\u015fl\u0131 ba\u015f\u0131na kitap olan <em>Cennetin Dibi<\/em> ve <em>Cehenneme \u00d6vg\u00fc<\/em> kitaplar\u0131 ile <em>Tarihi yarg\u0131l\u0131yorum<\/em>\u2019u , Ercan\u2019\u0131n ba\u015fta <em>Peri Gazozu<\/em> olmak \u00fczere di\u011fer kitaplar\u0131, O\u011fuz\u2019un <em>Tutunamayanlar<\/em>\u2019\u0131 ve <em>Bir Bilim Adam\u0131n\u0131n Roman\u0131<\/em>, Bar\u0131\u015f\u2019\u0131n <em>Aram\u0131zdaki En K\u0131sa Mesafe\u2019<\/em>si, soyad\u0131n\u0131n sonunda t harfi olmad\u0131\u011f\u0131 i\u00e7in serbest kalamayan Emrah\u2019\u0131n <em>Erken Kaybedenler<\/em>\u2019i, <em>M\u00fcptezeller<\/em>\u2019i, <em>Hikayem Parampar\u00e7a<\/em> ve <em>Deliduman<\/em>\u2019\u0131, Orhan\u2019\u0131n <em>Beyaz Kale<\/em>\u2019si, Gon\u00e7arov\u2019un <em>Oblomov<\/em>\u2019u, Flaubert\u2019in <em>Madam Bovary<\/em>\u2019si, Fitzgerald\u2019\u0131n <em>Muhte\u015fem Gatsby<\/em>\u2019si, Turgenyev\u2019in <em>Babalar ve O\u011fullar<\/em>\u0131, Dostoyevski\u2019nin <em>Su\u00e7 ve Ceza\u2019<\/em>s\u0131, <em>Kumarbaz<\/em>\u2019\u0131, Virginia\u2019n\u0131n <em>Deniz Feneri<\/em>, hayat\u0131m\u0131n kitab\u0131 olan Jack imzal\u0131 <em>Martin Eden<\/em>\u2019i, Stephen\u2019\u0131n <em>Satran\u00e7<\/em>\u2019\u0131 ve tabii ki de Ivo\u2019nun <em>Drina K\u00f6pr\u00fcs\u00fc<\/em>\u2019n\u00fc nas\u0131l unuturum.<\/p>\n<p>\u0130\u015f Bankas\u0131\u2019n\u0131n bilgi y\u00f6n\u00fcnden beni besleyen kitaplar\u0131n\u0131 da anmadan edemem. Ba\u015fta Sunay\u2019\u0131n kitaplar\u0131 olmak \u00fczere Nehir S\u00f6yle\u015fi\u2019den \u00e7\u0131kan bir\u00e7ok s\u00f6yle\u015fi kitab\u0131 ve daha nicesi.<\/p>\n<p>Remzi Kitabevi\u2019nin sayesinde de ba\u015fta H\u0131fz\u0131 ve Emre olmak \u00fczere bir\u00e7ok g\u00fczellikle yarenlik etti\u011fim de oldu.<\/p>\n<p>\u0130nk\u0131lap Yay\u0131nlar\u0131, haf\u0131zalar\u0131m\u0131zda Re\u015fat Nuri\u2019nin kitaplar\u0131 ile kaz\u0131l\u0131 zaten. Tabii s\u0131rf Re\u015fat Nuri de de\u011fil.<\/p>\n<p>Orhan\u2019\u0131n \u00c7ukurova s\u0131ca\u011f\u0131n\u0131 i\u00e7imizde hissettiren \u00f6yk\u00fc ve romanlar\u0131 ve Buket\u2019in <em>Uyumsuz Defne Kaman\u2019\u0131n Maceralar\u0131<\/em> \u00a0gibi \u00e7ok sevdi\u011fim eserlerini basan Everest\u2019i hi\u00e7 unutur muyum?<\/p>\n<p>Son zamanlarda elimden d\u00fc\u015f\u00fcremedi\u011fim Hakan\u2019\u0131n <em>Az<\/em>, <em>Daha<\/em>, <em>Kinyas ve Kayra, Pi\u00e7<\/em> gibi kitaplar\u0131n\u0131 Do\u011fan Kitap sayesinde okudu\u011fumuzun da alt\u0131n\u0131 \u00e7izelim. Sa\u011folsunlar, varolsunlar.<\/p>\n<p>Bizi Turgut\u2019un <em>\u015eu \u00c7\u0131lg\u0131n T\u00fcrkler<\/em>\u2019iyle tan\u0131\u015ft\u0131ran Bilgi Yay\u0131nevi, Nesin Yay\u0131nc\u0131l\u0131k\u2019\u0131n Aziz kitaplar\u0131, Melih Cevdet\u2019in Adam Yay\u0131nlar\u0131\u2019ndan \u00e7\u0131km\u0131\u015f kitaplar\u0131, Yap\u0131 Kredi\u2019den \u00e7\u0131kan Bacon\u2019un <em>Denemeler<\/em>\u2019inden tutun da Sabahattin\u2019in <em>K\u00fcrk Mantolu Madonna<\/em>\u2019s\u0131 ve \u00fcnl\u00fc filozofumuz Nermi\u2019nin kitaplar\u0131 da bir o kadar muhte\u015femdi.<\/p>\n<p>Saymakla biter mi, bitmez elbet&#8230;<\/p>\n<p>Buraya hen\u00fcz almad\u0131\u011f\u0131m bir\u00e7ok yay\u0131nevi var. Varl\u0131k, Dergah, Hece, Sel ve daha niceleri. Onlara ve daha pek \u00e7o\u011funa de\u011finmeyi arzuluyorum ilerleyen zamanlarda.<\/p>\n<p>Ba\u015f\u0131nda da dedim ya, sizin ben kitab\u0131n\u0131z\u0131 seveyim sevgili yay\u0131nevleri!<\/p>\n","protected":false},"excerpt":{"rendered":"<p>[avatar user=&#8221;cemozel&#8221; \/] Cem \u00d6ZEL Kullan\u0131c\u0131 Hizmetleri Y\u00f6neticisi\/Sabanc\u0131 \u00dcniversitesi Bilgi Merkezi\/ Sizin ben kitab\u0131n\u0131z\u0131 seveyim sevgili yay\u0131nevleri. Nice uzun geceleri sizin sayenizde sabah ettim. Ka\u00e7 g\u00fcne\u015f do\u011fu\u015funu kitaplar\u0131n\u0131zla kar\u015f\u0131lad\u0131m. \u015eimdi diyeceksiniz ki, \u201cyay\u0131nevinin ne \u00f6nemi var can\u0131m, \u00f6nemli olan kitab\u0131n kendisidir\u201d. \u00d6yle olmuyor i\u015fte. Bir s\u00fcre sonra alg\u0131n\u0131z ve ilginiz artt\u0131k\u00e7a bir kitab\u0131n hangi yay\u0131nevinden [&hellip;]<\/p>\n","protected":false},"author":143,"featured_media":24224,"comment_status":"open","ping_status":"open","sticky":false,"template":"","format":"standard","meta":{"footnotes":""},"categories":[1478,1],"tags":[1460,1041],"class_list":["post-24223","post","type-post","status-publish","format-standard","has-post-thumbnail","hentry","category-cem-ozel","category-genel","tag-kose-yazarlari","tag-yayinevleri-yorumlari"],"_links":{"self":[{"href":"https:\/\/www.bbyhaber.com\/bby\/wp-json\/wp\/v2\/posts\/24223"}],"collection":[{"href":"https:\/\/www.bbyhaber.com\/bby\/wp-json\/wp\/v2\/posts"}],"about":[{"href":"https:\/\/www.bbyhaber.com\/bby\/wp-json\/wp\/v2\/types\/post"}],"author":[{"embeddable":true,"href":"https:\/\/www.bbyhaber.com\/bby\/wp-json\/wp\/v2\/users\/143"}],"replies":[{"embeddable":true,"href":"https:\/\/www.bbyhaber.com\/bby\/wp-json\/wp\/v2\/comments?post=24223"}],"version-history":[{"count":8,"href":"https:\/\/www.bbyhaber.com\/bby\/wp-json\/wp\/v2\/posts\/24223\/revisions"}],"predecessor-version":[{"id":25338,"href":"https:\/\/www.bbyhaber.com\/bby\/wp-json\/wp\/v2\/posts\/24223\/revisions\/25338"}],"wp:featuredmedia":[{"embeddable":true,"href":"https:\/\/www.bbyhaber.com\/bby\/wp-json\/wp\/v2\/media\/24224"}],"wp:attachment":[{"href":"https:\/\/www.bbyhaber.com\/bby\/wp-json\/wp\/v2\/media?parent=24223"}],"wp:term":[{"taxonomy":"category","embeddable":true,"href":"https:\/\/www.bbyhaber.com\/bby\/wp-json\/wp\/v2\/categories?post=24223"},{"taxonomy":"post_tag","embeddable":true,"href":"https:\/\/www.bbyhaber.com\/bby\/wp-json\/wp\/v2\/tags?post=24223"}],"curies":[{"name":"wp","href":"https:\/\/api.w.org\/{rel}","templated":true}]}}