{"id":24209,"date":"2018-05-02T15:42:26","date_gmt":"2018-05-02T12:42:26","guid":{"rendered":"http:\/\/www.bbyhaber.com\/bby\/?p=24209"},"modified":"2018-05-02T15:42:26","modified_gmt":"2018-05-02T12:42:26","slug":"istanbul-ankara-bisikletle-farkindalik-turu-tkd-kampus-istanbul","status":"publish","type":"post","link":"https:\/\/www.bbyhaber.com\/bby\/2018\/05\/02\/istanbul-ankara-bisikletle-farkindalik-turu-tkd-kampus-istanbul","title":{"rendered":"\u0130stanbul-Ankara Bisikletle Fark\u0131ndal\u0131k Turu, TKD Kamp\u00fcs \u0130stanbul"},"content":{"rendered":"<p><a href=\"http:\/\/www.bbyhaber.com\/bby\/wp-content\/uploads\/2018\/05\/TKD-Kamp\u00fcs-Forma-min.jpg\"><img loading=\"lazy\" decoding=\"async\" class=\"alignleft wp-image-24213 size-medium\" src=\"http:\/\/www.bbyhaber.com\/bby\/wp-content\/uploads\/2018\/05\/TKD-Kamp\u00fcs-Forma-min-300x141.jpg\" alt=\"\" width=\"300\" height=\"141\" srcset=\"https:\/\/www.bbyhaber.com\/bby\/wp-content\/uploads\/2018\/05\/TKD-Kamp\u00fcs-Forma-min-300x141.jpg 300w, https:\/\/www.bbyhaber.com\/bby\/wp-content\/uploads\/2018\/05\/TKD-Kamp\u00fcs-Forma-min-768x362.jpg 768w, https:\/\/www.bbyhaber.com\/bby\/wp-content\/uploads\/2018\/05\/TKD-Kamp\u00fcs-Forma-min.jpg 984w\" sizes=\"(max-width: 300px) 100vw, 300px\" \/><\/a>B\u00f6l\u00fcm\u00fcm\u00fcz\u00fcn ve mesle\u011fimizin g\u00f6r\u00fcn\u00fcrl\u00fc\u011f\u00fcn\u00fc artt\u0131rmak, kar\u015f\u0131la\u015f\u0131lan her yeni insana bizleri anlatmak ve ayn\u0131 zamanda, s\u00fcre\u011fen hale gelen meslek\u00ee sorunlar\u0131m\u0131za dikkat \u00e7ekmek i\u00e7in TKD Kamp\u00fcs \u0130stanbul \u00fcyesi Salih Ayd\u0131n arkada\u015f\u0131m\u0131z iki bisiklet\u00e7iyle daha \u0130stanbul&#8217;dan yola \u00e7\u0131karak, 10-12 May\u0131s tarihlerinde Ankara&#8217;da d\u00fczenlenecek olan III.Uluslararas\u0131 Bilgi ve Belge Y\u00f6netimi B\u00f6l\u00fcm\u00fc \u00d6\u011frenci Kongresi&#8217;ne kat\u0131lmak \u00fczere, \u00fc\u00e7 g\u00fcn boyunca pedal \u00e7evirecek.<\/p>\n<p>Yol boyunca izlenimlerini bizlerle payla\u015facak olan arkada\u015flar\u0131m\u0131z, tasarlad\u0131klar\u0131 formalar ile ge\u00e7tikleri yerde fark\u0131ndal\u0131k olu\u015fturacaklar. Ayr\u0131ca g\u00fczerg\u00e2hlar\u0131 \u00fczerinde bulunan k\u00fct\u00fcphanelere u\u011frayarak, onlarla tan\u0131\u015farak meslek\u00ee dayan\u0131\u015fman\u0131n g\u00fczel \u00f6rneklerinden birini sunacaklar.<\/p>\n<p>Kendilerine, \u00e7\u0131kacaklar\u0131 420 km&#8217;lik bu yolda ba\u015far\u0131lar diler, \u015fimdiden tebrik ederiz.<\/p>\n<p>Merak edenler i\u00e7in tasarlanan formay\u0131 ve 3 g\u00fcnl\u00fck rotay\u0131 ektedir.<\/p>\n<p>De\u011ferli meslekta\u015flar\u0131m\u0131zdan, etkinli\u011fin g\u00f6r\u00fcn\u00fcrl\u00fc\u011f\u00fcn\u00fc artt\u0131rmak ve daha fazla ki\u015fiye ula\u015fabilmek amac\u0131yla, sosyal medya hesaplar\u0131n\u0131zdan payla\u015farak destek beklenmektedir.<\/p>\n<p><a href=\"http:\/\/www.bbyhaber.com\/bby\/wp-content\/uploads\/2018\/05\/1.g\u00fcn-rota-min.jpg\"><img loading=\"lazy\" decoding=\"async\" class=\"aligncenter size-large wp-image-24210\" src=\"http:\/\/www.bbyhaber.com\/bby\/wp-content\/uploads\/2018\/05\/1.g\u00fcn-rota-min-1024x546.jpg\" alt=\"\" width=\"618\" height=\"330\" srcset=\"https:\/\/www.bbyhaber.com\/bby\/wp-content\/uploads\/2018\/05\/1.g\u00fcn-rota-min-1024x546.jpg 1024w, https:\/\/www.bbyhaber.com\/bby\/wp-content\/uploads\/2018\/05\/1.g\u00fcn-rota-min-300x160.jpg 300w, https:\/\/www.bbyhaber.com\/bby\/wp-content\/uploads\/2018\/05\/1.g\u00fcn-rota-min-768x410.jpg 768w, https:\/\/www.bbyhaber.com\/bby\/wp-content\/uploads\/2018\/05\/1.g\u00fcn-rota-min-310x165.jpg 310w, https:\/\/www.bbyhaber.com\/bby\/wp-content\/uploads\/2018\/05\/1.g\u00fcn-rota-min.jpg 1368w\" sizes=\"(max-width: 618px) 100vw, 618px\" \/><\/a><\/p>\n<p><a href=\"http:\/\/www.bbyhaber.com\/bby\/wp-content\/uploads\/2018\/05\/2.g\u00fcn-rota-min.jpg\"><img loading=\"lazy\" decoding=\"async\" class=\"aligncenter wp-image-24211 size-large\" src=\"http:\/\/www.bbyhaber.com\/bby\/wp-content\/uploads\/2018\/05\/2.g\u00fcn-rota-min-1024x545.jpg\" alt=\"\" width=\"618\" height=\"329\" srcset=\"https:\/\/www.bbyhaber.com\/bby\/wp-content\/uploads\/2018\/05\/2.g\u00fcn-rota-min-1024x545.jpg 1024w, https:\/\/www.bbyhaber.com\/bby\/wp-content\/uploads\/2018\/05\/2.g\u00fcn-rota-min-300x160.jpg 300w, https:\/\/www.bbyhaber.com\/bby\/wp-content\/uploads\/2018\/05\/2.g\u00fcn-rota-min-768x409.jpg 768w, https:\/\/www.bbyhaber.com\/bby\/wp-content\/uploads\/2018\/05\/2.g\u00fcn-rota-min-310x165.jpg 310w, https:\/\/www.bbyhaber.com\/bby\/wp-content\/uploads\/2018\/05\/2.g\u00fcn-rota-min-475x252.jpg 475w, https:\/\/www.bbyhaber.com\/bby\/wp-content\/uploads\/2018\/05\/2.g\u00fcn-rota-min.jpg 1368w\" sizes=\"(max-width: 618px) 100vw, 618px\" \/><\/a><\/p>\n<p><a href=\"http:\/\/www.bbyhaber.com\/bby\/wp-content\/uploads\/2018\/05\/3.g\u00fcn-rota-min.jpg\"><img loading=\"lazy\" decoding=\"async\" class=\"aligncenter wp-image-24212 size-large\" src=\"http:\/\/www.bbyhaber.com\/bby\/wp-content\/uploads\/2018\/05\/3.g\u00fcn-rota-min-1024x546.jpg\" alt=\"\" width=\"618\" height=\"330\" srcset=\"https:\/\/www.bbyhaber.com\/bby\/wp-content\/uploads\/2018\/05\/3.g\u00fcn-rota-min-1024x546.jpg 1024w, https:\/\/www.bbyhaber.com\/bby\/wp-content\/uploads\/2018\/05\/3.g\u00fcn-rota-min-300x160.jpg 300w, https:\/\/www.bbyhaber.com\/bby\/wp-content\/uploads\/2018\/05\/3.g\u00fcn-rota-min-768x410.jpg 768w, https:\/\/www.bbyhaber.com\/bby\/wp-content\/uploads\/2018\/05\/3.g\u00fcn-rota-min-310x165.jpg 310w, https:\/\/www.bbyhaber.com\/bby\/wp-content\/uploads\/2018\/05\/3.g\u00fcn-rota-min.jpg 1368w\" sizes=\"(max-width: 618px) 100vw, 618px\" \/><\/a><\/p>\n<p>&nbsp;<\/p>\n","protected":false},"excerpt":{"rendered":"<p>B\u00f6l\u00fcm\u00fcm\u00fcz\u00fcn ve mesle\u011fimizin g\u00f6r\u00fcn\u00fcrl\u00fc\u011f\u00fcn\u00fc artt\u0131rmak, kar\u015f\u0131la\u015f\u0131lan her yeni insana bizleri anlatmak ve ayn\u0131 zamanda, s\u00fcre\u011fen hale gelen meslek\u00ee sorunlar\u0131m\u0131za dikkat \u00e7ekmek i\u00e7in TKD Kamp\u00fcs \u0130stanbul \u00fcyesi Salih Ayd\u0131n arkada\u015f\u0131m\u0131z iki bisiklet\u00e7iyle daha \u0130stanbul&#8217;dan yola \u00e7\u0131karak, 10-12 May\u0131s tarihlerinde Ankara&#8217;da d\u00fczenlenecek olan III.Uluslararas\u0131 Bilgi ve Belge Y\u00f6netimi B\u00f6l\u00fcm\u00fc \u00d6\u011frenci Kongresi&#8217;ne kat\u0131lmak \u00fczere, \u00fc\u00e7 g\u00fcn boyunca pedal [&hellip;]<\/p>\n","protected":false},"author":129,"featured_media":24213,"comment_status":"open","ping_status":"open","sticky":false,"template":"","format":"standard","meta":{"footnotes":""},"categories":[1],"tags":[1409],"class_list":["post-24209","post","type-post","status-publish","format-standard","has-post-thumbnail","hentry","category-genel","tag-bby-ogrencileri"],"_links":{"self":[{"href":"https:\/\/www.bbyhaber.com\/bby\/wp-json\/wp\/v2\/posts\/24209"}],"collection":[{"href":"https:\/\/www.bbyhaber.com\/bby\/wp-json\/wp\/v2\/posts"}],"about":[{"href":"https:\/\/www.bbyhaber.com\/bby\/wp-json\/wp\/v2\/types\/post"}],"author":[{"embeddable":true,"href":"https:\/\/www.bbyhaber.com\/bby\/wp-json\/wp\/v2\/users\/129"}],"replies":[{"embeddable":true,"href":"https:\/\/www.bbyhaber.com\/bby\/wp-json\/wp\/v2\/comments?post=24209"}],"version-history":[{"count":1,"href":"https:\/\/www.bbyhaber.com\/bby\/wp-json\/wp\/v2\/posts\/24209\/revisions"}],"predecessor-version":[{"id":24214,"href":"https:\/\/www.bbyhaber.com\/bby\/wp-json\/wp\/v2\/posts\/24209\/revisions\/24214"}],"wp:featuredmedia":[{"embeddable":true,"href":"https:\/\/www.bbyhaber.com\/bby\/wp-json\/wp\/v2\/media\/24213"}],"wp:attachment":[{"href":"https:\/\/www.bbyhaber.com\/bby\/wp-json\/wp\/v2\/media?parent=24209"}],"wp:term":[{"taxonomy":"category","embeddable":true,"href":"https:\/\/www.bbyhaber.com\/bby\/wp-json\/wp\/v2\/categories?post=24209"},{"taxonomy":"post_tag","embeddable":true,"href":"https:\/\/www.bbyhaber.com\/bby\/wp-json\/wp\/v2\/tags?post=24209"}],"curies":[{"name":"wp","href":"https:\/\/api.w.org\/{rel}","templated":true}]}}