{"id":2418,"date":"2012-02-02T19:28:24","date_gmt":"2012-02-02T19:28:24","guid":{"rendered":"http:\/\/www.bbyhaber.com\/bby\/?p=2418"},"modified":"2012-02-02T19:28:33","modified_gmt":"2012-02-02T19:28:33","slug":"daha-fazla-okuyucu-icin-kutuphaneye-uyelik-islemleri-kolaylastirildi","status":"publish","type":"post","link":"https:\/\/www.bbyhaber.com\/bby\/2012\/02\/02\/daha-fazla-okuyucu-icin-kutuphaneye-uyelik-islemleri-kolaylastirildi","title":{"rendered":"Daha fazla okuyucu i\u00e7in k\u00fct\u00fcphaneye \u00fcyelik i\u015flemleri kolayla\u015ft\u0131r\u0131ld\u0131"},"content":{"rendered":"<div id=\"contextual\" style=\"text-align: justify;\">\n<p><a href=\"http:\/\/www.adanakutup.gov.tr\/\" target=\"_blank\">Adana \u0130l Halk K\u00fct\u00fcphanesi<\/a> M\u00fcd\u00fcr\u00fc Selim Arslan, vatanda\u015flar\u0131n kitaplardan daha fazla faydalanmas\u0131n\u0131 sa\u011flamak i\u00e7in bu y\u0131l k\u00fct\u00fcphaneye \u00fcyelik i\u015flemlerinin elektronik ortamda yap\u0131lmaya ba\u015fland\u0131\u011f\u0131n\u0131 ve ikametgah ile \u00f6\u011frenim belgesinin istenmedi\u011fini s\u00f6yledi. Ama\u00e7lar\u0131n\u0131n daha kaliteli ve daha ula\u015f\u0131labilir hizmetle okuyucu kitlesini \u00e7o\u011faltmak oldu\u011funu ifade eden Arslan, yeni d\u00f6nemde k\u00fct\u00fcphaneye \u00fcye olma i\u015flemlerini daha da kolayla\u015ft\u0131rd\u0131klar\u0131n\u0131 kaydetti.<\/p>\n<p>\u00dcyelik i\u00e7in n\u00fcfus c\u00fczdan\u0131n\u0131n yeterli oldu\u011funu ve herhangi bir \u00fccretin talep edilmedi\u011fini vurgulayan Arslan, \u201cSadece 18 ya\u015f\u0131ndan k\u00fc\u00e7\u00fck olanlar\u0131n bir sefere mahsus velisiyle gelmesi gerekmektedir. Ald\u0131\u011f\u0131m\u0131z yeni sistemle \u00fcyelikler k\u0131sa s\u00fcrede ve elektronik ortamda yap\u0131larak okuyucuya bir y\u0131l kullanabilece\u011fi suya dayan\u0131kl\u0131 \u015f\u0131k bir kimlik verilmektedir.\u201d dedi.<\/p>\n<p>K\u00fct\u00fcphanede her konuda, her d\u00fczeyden okuyucunun faydalanabilece\u011fi binlerce kitab\u0131n bulundu\u011funu belirten Selim Arslan, g\u00f6rme engelliler ile renk k\u00f6rl\u00fc\u011f\u00fc bulunan vatanda\u015flar\u0131n da k\u00fct\u00fcphane hizmetinden yararlanabilmesi i\u00e7in yeni cihazlar ve bilgisayar programlar\u0131n\u0131 k\u00fct\u00fcphaneye kazand\u0131rd\u0131klar\u0131n\u0131 dile getirdi.<\/p>\n<p>Her ay kitap sergileri a\u00e7maya devam ettiklerini dikkat \u00e7eken Arslan, &#8220;Bu ay da 14 \u015eubat Sevgililer G\u00fcn\u00fc sebebiyle \u2018sevgi\u2019 konulu kitap sergisi a\u00e7aca\u011f\u0131z. Vatanda\u015flar\u0131m\u0131z\u0131 \u00fccretsiz \u00fcye olmaya kitap ve s\u00fcreli yay\u0131n okumaya ve k\u00fclt\u00fcrel etkinliklerimizi g\u00f6rmeye davet ediyoruz.\u201d \u015feklinde konu\u015ftu.<\/p>\n<p>Kaynak: http:\/\/yurthaber.mynet.com\/<\/p>\n<\/div>\n","protected":false},"excerpt":{"rendered":"<p>Adana \u0130l Halk K\u00fct\u00fcphanesi M\u00fcd\u00fcr\u00fc Selim Arslan, vatanda\u015flar\u0131n kitaplardan daha fazla faydalanmas\u0131n\u0131 sa\u011flamak i\u00e7in bu y\u0131l k\u00fct\u00fcphaneye \u00fcyelik i\u015flemlerinin elektronik ortamda yap\u0131lmaya ba\u015fland\u0131\u011f\u0131n\u0131 ve ikametgah ile \u00f6\u011frenim belgesinin istenmedi\u011fini s\u00f6yledi. Ama\u00e7lar\u0131n\u0131n daha kaliteli ve daha ula\u015f\u0131labilir hizmetle okuyucu kitlesini \u00e7o\u011faltmak oldu\u011funu ifade eden Arslan, yeni d\u00f6nemde k\u00fct\u00fcphaneye \u00fcye olma i\u015flemlerini daha da kolayla\u015ft\u0131rd\u0131klar\u0131n\u0131 kaydetti. \u00dcyelik [&hellip;]<\/p>\n","protected":false},"author":1,"featured_media":0,"comment_status":"open","ping_status":"open","sticky":false,"template":"","format":"standard","meta":{"footnotes":""},"categories":[1],"tags":[848],"class_list":["post-2418","post","type-post","status-publish","format-standard","hentry","category-genel","tag-halk-kutuphaneleri"],"_links":{"self":[{"href":"https:\/\/www.bbyhaber.com\/bby\/wp-json\/wp\/v2\/posts\/2418"}],"collection":[{"href":"https:\/\/www.bbyhaber.com\/bby\/wp-json\/wp\/v2\/posts"}],"about":[{"href":"https:\/\/www.bbyhaber.com\/bby\/wp-json\/wp\/v2\/types\/post"}],"author":[{"embeddable":true,"href":"https:\/\/www.bbyhaber.com\/bby\/wp-json\/wp\/v2\/users\/1"}],"replies":[{"embeddable":true,"href":"https:\/\/www.bbyhaber.com\/bby\/wp-json\/wp\/v2\/comments?post=2418"}],"version-history":[{"count":0,"href":"https:\/\/www.bbyhaber.com\/bby\/wp-json\/wp\/v2\/posts\/2418\/revisions"}],"wp:attachment":[{"href":"https:\/\/www.bbyhaber.com\/bby\/wp-json\/wp\/v2\/media?parent=2418"}],"wp:term":[{"taxonomy":"category","embeddable":true,"href":"https:\/\/www.bbyhaber.com\/bby\/wp-json\/wp\/v2\/categories?post=2418"},{"taxonomy":"post_tag","embeddable":true,"href":"https:\/\/www.bbyhaber.com\/bby\/wp-json\/wp\/v2\/tags?post=2418"}],"curies":[{"name":"wp","href":"https:\/\/api.w.org\/{rel}","templated":true}]}}