{"id":24129,"date":"2018-04-24T13:44:47","date_gmt":"2018-04-24T10:44:47","guid":{"rendered":"http:\/\/www.bbyhaber.com\/bby\/?p=24129"},"modified":"2018-06-22T13:45:00","modified_gmt":"2018-06-22T10:45:00","slug":"bby-yaz-semineri-2018-18-22-haziran-2018-ankara","status":"publish","type":"post","link":"https:\/\/www.bbyhaber.com\/bby\/2018\/04\/24\/bby-yaz-semineri-2018-18-22-haziran-2018-ankara","title":{"rendered":"BBY Yaz Semineri 2018-18-22 Haziran 2018, Ankara"},"content":{"rendered":"<p style=\"font-weight: 400;\"><strong><a href=\"http:\/\/www.bbyhaber.com\/bby\/wp-content\/uploads\/2018\/04\/bbyyazsemineri2018.jpg\"><img loading=\"lazy\" decoding=\"async\" class=\"alignleft size-full wp-image-24131\" src=\"http:\/\/www.bbyhaber.com\/bby\/wp-content\/uploads\/2018\/04\/bbyyazsemineri2018.jpg\" alt=\"\" width=\"390\" height=\"180\" \/><\/a>Hacettepe \u00dcniversitesi Bilgi ve Belge Y\u00f6netimi B\u00f6l\u00fcm\u00fc<\/strong> taraf\u0131ndan d\u00f6rd\u00fcnc\u00fcs\u00fc d\u00fczenlenecek olan yaz seminerleri serisi bu y\u0131l\u00a0<strong>18-22 Haziran 2018<\/strong> tarihlerinde ger\u00e7ekle\u015ftirilecektir. <strong>Be\u015f g\u00fcnl\u00fck<\/strong> bir e\u011fitim semineri planlanmaktad\u0131r. Bu seminerin temel amac\u0131 alan\u0131m\u0131zla ilgili son geli\u015fmeler konusunda fark\u0131ndal\u0131k yaratmak ve meslekta\u015flar\u0131m\u0131z\u0131n mesleki bilgi ve becerilerini geli\u015ftirmelerine katk\u0131da bulunmakt\u0131r.<!--more--><\/p>\n<p style=\"font-weight: 400;\">Seminerin ilk \u00fc\u00e7 g\u00fcn\u00fcndeki etkinlikler t\u00fcm kat\u0131l\u0131mc\u0131lara y\u00f6nelik olarak planlanm\u0131\u015ft\u0131r. D\u00f6rd\u00fcnc\u00fc g\u00fcn ile birlikte kat\u0131l\u0131mc\u0131lar ilgi alanlar\u0131na y\u00f6nelik olarak kendilerine sunulan iki paralel e\u011fitimden birini tercih edeceklerdir.\u00a0Bu iki paralel e\u011fitimin birincisinde &#8220;A\u00e7\u0131k Eri\u015fim ve A\u00e7\u0131k Veri&#8221; ba\u015fl\u0131\u011f\u0131 alt\u0131nda A\u00e7\u0131k Bilim, Creative Commons, a\u00e7\u0131k lisanslar, bilimsel ve k\u00fclt\u00fcrel mirasa a\u00e7\u0131k eri\u015fim, a\u00e7\u0131k veri konular\u0131 yer al\u0131rken; ikincisi &#8220;Bilgi Merkezlerinde \u0130statistik Kullan\u0131m\u0131 ve Verilerin G\u00f6rselle\u015ftirilmesi&#8221; ba\u015fl\u0131\u011f\u0131 alt\u0131nda istatistik ile ilgili temel kavramlar, istatistiki veriler ve yorumu konusunda s\u0131k yap\u0131lan yanl\u0131\u015flar, bilgi merkezlerinde istatistiki verilerin karar vermede kullan\u0131m\u0131, verilerin g\u00f6rselle\u015ftirilmesi konular\u0131n\u0131 i\u00e7ermektedir.<\/p>\n<p style=\"font-weight: 400;\">Seminere ili\u015fkin a\u00e7\u0131klamalar ve seminer program\u0131 a\u015fa\u011f\u0131da yer almaktad\u0131r.<\/p>\n<ul style=\"font-weight: 400;\">\n<li>Seminer ba\u015fvurular\u0131 elektronik olarak ger\u00e7ekle\u015ftirilecektir. Elektronik ba\u015fvuru \u00f6n kay\u0131t, ba\u015fvuru sonras\u0131 seminer \u00fccretinin yat\u0131r\u0131lmas\u0131 ise kesin kay\u0131t anlam\u0131na gelecektir.<\/li>\n<li>Kat\u0131l\u0131mc\u0131lardan ba\u015fvuru esnas\u0131nda d\u00f6rd\u00fcnc\u00fc ve be\u015finci g\u00fcn i\u00e7in iki paralel e\u011fitimden hangisini tercih ettiklerini belirtmeleri istenmektedir.<\/li>\n<li>Seminere kat\u0131l\u0131m 40 ki\u015fi ile s\u0131n\u0131rl\u0131d\u0131r.<\/li>\n<li>Be\u015f g\u00fcnl\u00fck seminer \u00fccreti 300 TL&#8217;dir. Kay\u0131t i\u00e7in ba\u015fvuru yap\u0131ld\u0131ktan sonra seminer \u00fccretinin 21 May\u0131s 2018 tarihine kadar a\u015fa\u011f\u0131da bilgileri bulunan hesaba yat\u0131r\u0131lmas\u0131 gerekmektedir.<strong>Al\u0131c\u0131 Ad\u0131 Soyad\u0131:<\/strong>\u00a0FD Grup Bili\u015fim Dan\u0131\u015fmanl\u0131k Limited \u015eirketi<br \/>\n<strong>Banka:<\/strong>\u00a0Finansbank<br \/>\n<strong>IBAN:<\/strong>\u00a0TR36 0011 1000 0000 0065 7351 11<\/li>\n<li>Kontenjan durumu kesin kay\u0131t \u00fczerinden takip edilecektir. Ba\u015fvuru sonras\u0131 seminer \u00fccretinin yat\u0131r\u0131lmas\u0131 konusunda hassasiyet g\u00f6sterilmesi beklenmektedir. Kontenjan\u0131n dolmas\u0131 halinde ba\u015fvuru yapm\u0131\u015f ancak hen\u00fcz kayd\u0131 onaylanmam\u0131\u015f olan ki\u015filerin ba\u015fvurusu ask\u0131ya al\u0131nacakt\u0131r.<\/li>\n<li>Seminerde yer alan e\u011fitimlerden %60\u2019\u0131na kat\u0131lmak ko\u015fuluyla kat\u0131l\u0131mc\u0131lara sertifika verilecektir.<\/li>\n<li>Seminer Hacettepe \u00dcniversitesi\u00a0Beytepe\u00a0Yerle\u015fkesinde, Bilgi ve Belge Y\u00f6netimi B\u00f6l\u00fcm\u00fc dersliklerinde ger\u00e7ekle\u015ftirilecektir.<\/li>\n<\/ul>\n<p style=\"font-weight: 400;\">Seminerle ilgili her t\u00fcrl\u00fc ileti\u015fim i\u00e7in a\u015fa\u011f\u0131daki ileti\u015fim bilgileri kullan\u0131labilir.<\/p>\n<p>\u00d6\u011fr.G\u00f6r.Dr. Turgay\u00a0Ba\u015f<br \/>\n<a href=\"mailto:turgaybas@hacettepe.edu.tr\">turgaybas@hacettepe.edu.tr<\/a><br \/>\n0312 2978200 \u2013 125<\/p>\n<p><strong><a href=\"http:\/\/www.bby.hacettepe.edu.tr\/bbyyazsemineri2018.asp\" target=\"_blank\" rel=\"noopener\">Seminer KAYIT ve DERS PROGRAMI i\u00e7in t\u0131klay\u0131n\u0131z<\/a><\/strong><\/p>\n","protected":false},"excerpt":{"rendered":"<p>Hacettepe \u00dcniversitesi Bilgi ve Belge Y\u00f6netimi B\u00f6l\u00fcm\u00fc taraf\u0131ndan d\u00f6rd\u00fcnc\u00fcs\u00fc d\u00fczenlenecek olan yaz seminerleri serisi bu y\u0131l\u00a018-22 Haziran 2018 tarihlerinde ger\u00e7ekle\u015ftirilecektir. Be\u015f g\u00fcnl\u00fck bir e\u011fitim semineri planlanmaktad\u0131r. Bu seminerin temel amac\u0131 alan\u0131m\u0131zla ilgili son geli\u015fmeler konusunda fark\u0131ndal\u0131k yaratmak ve meslekta\u015flar\u0131m\u0131z\u0131n mesleki bilgi ve becerilerini geli\u015ftirmelerine katk\u0131da bulunmakt\u0131r.<\/p>\n","protected":false},"author":1,"featured_media":24131,"comment_status":"open","ping_status":"open","sticky":false,"template":"","format":"standard","meta":{"footnotes":""},"categories":[],"tags":[1395,987],"class_list":["post-24129","post","type-post","status-publish","format-standard","has-post-thumbnail","hentry","tag-bby-mesleki-etkinlikler-arsivi","tag-bby-yaz-seminerleri"],"_links":{"self":[{"href":"https:\/\/www.bbyhaber.com\/bby\/wp-json\/wp\/v2\/posts\/24129"}],"collection":[{"href":"https:\/\/www.bbyhaber.com\/bby\/wp-json\/wp\/v2\/posts"}],"about":[{"href":"https:\/\/www.bbyhaber.com\/bby\/wp-json\/wp\/v2\/types\/post"}],"author":[{"embeddable":true,"href":"https:\/\/www.bbyhaber.com\/bby\/wp-json\/wp\/v2\/users\/1"}],"replies":[{"embeddable":true,"href":"https:\/\/www.bbyhaber.com\/bby\/wp-json\/wp\/v2\/comments?post=24129"}],"version-history":[{"count":3,"href":"https:\/\/www.bbyhaber.com\/bby\/wp-json\/wp\/v2\/posts\/24129\/revisions"}],"predecessor-version":[{"id":24134,"href":"https:\/\/www.bbyhaber.com\/bby\/wp-json\/wp\/v2\/posts\/24129\/revisions\/24134"}],"wp:featuredmedia":[{"embeddable":true,"href":"https:\/\/www.bbyhaber.com\/bby\/wp-json\/wp\/v2\/media\/24131"}],"wp:attachment":[{"href":"https:\/\/www.bbyhaber.com\/bby\/wp-json\/wp\/v2\/media?parent=24129"}],"wp:term":[{"taxonomy":"category","embeddable":true,"href":"https:\/\/www.bbyhaber.com\/bby\/wp-json\/wp\/v2\/categories?post=24129"},{"taxonomy":"post_tag","embeddable":true,"href":"https:\/\/www.bbyhaber.com\/bby\/wp-json\/wp\/v2\/tags?post=24129"}],"curies":[{"name":"wp","href":"https:\/\/api.w.org\/{rel}","templated":true}]}}