{"id":2409,"date":"2012-02-02T19:19:42","date_gmt":"2012-02-02T19:19:42","guid":{"rendered":"http:\/\/www.bbyhaber.com\/bby\/?p=2409"},"modified":"2012-09-07T12:52:30","modified_gmt":"2012-09-07T09:52:30","slug":"aksehir-halk-kutuphanesi-kullanim-istatistigi-konya","status":"publish","type":"post","link":"https:\/\/www.bbyhaber.com\/bby\/2012\/02\/02\/aksehir-halk-kutuphanesi-kullanim-istatistigi-konya","title":{"rendered":"Ak\u015fehir Halk K\u00fct\u00fcphanesi kullan\u0131m istatisti\u011fi 2011-Konya"},"content":{"rendered":"<p style=\"text-align: justify;\">Ak\u015fehir Halk K\u00fct\u00fcphanesi\u2019nde kitap okuma oranlar\u0131na g\u00f6re \u00e7ocuklara oranla yeti\u015fkinlerin daha \u00e7ok kitap okudu\u011fu \u00f6\u011frenildi. 2010 y\u0131l\u0131nda 49 bin 126 ki\u015fi Ak\u015fehir Halk K\u00fct\u00fcphanesi\u2019ni ziyaret ederken 2011 y\u0131l\u0131nda bu say\u0131n\u0131n 51 bin 250\u2019ye ula\u015ft\u0131\u011f\u0131 \u00f6\u011frenildi.<!--more--><\/p>\n<p style=\"text-align: justify;\">2010 y\u0131l\u0131nda bin 541 \u00fcyesi olan k\u00fct\u00fcphanenin 2011 y\u0131l\u0131nda ise 2 bin 282 \u00fcyesi bulunuyor. 2010 y\u0131l\u0131nda bin 541 \u00fcyenin \u00f6d\u00fcn\u00e7 ald\u0131\u011f\u0131 kitap say\u0131s\u0131 10 bin 292 iken 2011 y\u0131l\u0131nda 2 bin 282 \u00fcyenin \u00f6d\u00fcn\u00e7 ald\u0131\u011f\u0131 kitap say\u0131s\u0131 ise 10 bin 155 oldu\u011fu \u00f6\u011frenildi. Ak\u015fehir Halk K\u00fct\u00fcphanesi M\u00fcd\u00fcr\u00fc Metin Salar, 2011 y\u0131l\u0131nda ge\u00e7ti\u011fimiz y\u0131la oranla k\u00fct\u00fcphane kullan\u0131m say\u0131s\u0131nda 2 Bin 124 ki\u015filik bir art\u0131\u015f oldu\u011funu s\u00f6yledi. Ak\u015fehir halk K\u00fct\u00fcphanesi\u2019nin 2009 y\u0131l\u0131nda kullan\u0131c\u0131 say\u0131s\u0131n\u0131n 48 bin 259 oldu\u011funu belirten Metin Salar; 2010 y\u0131l\u0131nda bu rakam 49 bin 126\u2019ya 2011 y\u0131l\u0131nda ise 51 bin 250\u2019ye ula\u015ft\u0131\u011f\u0131n\u0131 s\u00f6yledi.<\/p>\n<p style=\"text-align: justify;\">K\u00fct\u00fcphane M\u00fcd\u00fcr\u00fc Metin Salar, \u201c\u0130lk \u00f6nceleri \u00f6dev yapmak i\u00e7in k\u00fct\u00fcphaneye gelenler vard\u0131 art\u0131k onlar da gelmiyor. \u00d6dev yapacaklar internetten \u00f6devini yapabiliyor. Art\u0131k ger\u00e7ek okuyucular k\u00fct\u00fcphanemize geliyor. \u0130nternetin k\u00fct\u00fcphaneyi kullan\u0131m oran\u0131n\u0131 azatl\u0131\u011f\u0131 s\u00f6ylentileri bizim k\u00fct\u00fcphanemiz i\u00e7in ge\u00e7erli de\u011fil. K\u00fct\u00fcphanemiz kullan\u0131c\u0131 say\u0131s\u0131nda internete ba\u011fl\u0131 olarak bir azalma olmad\u0131. Kullan\u0131c\u0131 say\u0131m\u0131z her ge\u00e7en y\u0131l biraz daha art\u0131yor.&#8221; dedi. \u0130l\u00e7e Halk K\u00fct\u00fcphanesi\u2019ndeki kitaplar\u0131n b\u00fcy\u00fck \u00e7o\u011funlu\u011funda a\u00e7\u0131k raf sistemine ge\u00e7ildi\u011fini s\u00f6yleyen Metin Salar; \u201cK\u00fct\u00fcphanemizde kitap koleksiyonumuz zengin ve okuyucular\u0131m\u0131z\u0131n ihtiya\u00e7lar\u0131na cevap verecek yeterlilikte. Okullar\u0131n tatile girdi\u011fi \u015fu d\u00f6nemde bile k\u00fct\u00fcphanemizdeki yo\u011funluk azalmad\u0131 aksine artt\u0131. \u00d6d\u00fcn\u00e7 kitap verme servisimiz yo\u011fun olarak \u00e7al\u0131\u015f\u0131yor. M\u00fcmk\u00fcn oldu\u011fu kadar g\u00fcncel kitaplar\u0131m\u0131zla k\u00fct\u00fcphanemizdeki kitap say\u0131m\u0131z\u0131 art\u0131rmaya \u00e7al\u0131\u015f\u0131yoruz. T\u00fcm vatanda\u015flar\u0131m\u0131z\u0131 zengin k\u00fct\u00fcphanemizden yararlanmalar\u0131 i\u00e7in Ak\u015fehir Halk K\u00fct\u00fcphanesi\u2019ne bekliyoruz\u201d dedi.<\/p>\n<p style=\"text-align: justify;\">Haber: Kadriye K\u00dc\u00c7\u00dcKAFACAN<\/p>\n<p style=\"text-align: justify;\">Kaynak: http:\/\/www.istasyongazetesi.com\/<\/p>\n","protected":false},"excerpt":{"rendered":"<p>Ak\u015fehir Halk K\u00fct\u00fcphanesi\u2019nde kitap okuma oranlar\u0131na g\u00f6re \u00e7ocuklara oranla yeti\u015fkinlerin daha \u00e7ok kitap okudu\u011fu \u00f6\u011frenildi. 2010 y\u0131l\u0131nda 49 bin 126 ki\u015fi Ak\u015fehir Halk K\u00fct\u00fcphanesi\u2019ni ziyaret ederken 2011 y\u0131l\u0131nda bu say\u0131n\u0131n 51 bin 250\u2019ye ula\u015ft\u0131\u011f\u0131 \u00f6\u011frenildi.<\/p>\n","protected":false},"author":1,"featured_media":0,"comment_status":"open","ping_status":"open","sticky":false,"template":"","format":"standard","meta":{"footnotes":""},"categories":[1499],"tags":[848],"class_list":["post-2409","post","type-post","status-publish","format-standard","hentry","category-kutuphane-istatistikleri","tag-halk-kutuphaneleri"],"_links":{"self":[{"href":"https:\/\/www.bbyhaber.com\/bby\/wp-json\/wp\/v2\/posts\/2409"}],"collection":[{"href":"https:\/\/www.bbyhaber.com\/bby\/wp-json\/wp\/v2\/posts"}],"about":[{"href":"https:\/\/www.bbyhaber.com\/bby\/wp-json\/wp\/v2\/types\/post"}],"author":[{"embeddable":true,"href":"https:\/\/www.bbyhaber.com\/bby\/wp-json\/wp\/v2\/users\/1"}],"replies":[{"embeddable":true,"href":"https:\/\/www.bbyhaber.com\/bby\/wp-json\/wp\/v2\/comments?post=2409"}],"version-history":[{"count":0,"href":"https:\/\/www.bbyhaber.com\/bby\/wp-json\/wp\/v2\/posts\/2409\/revisions"}],"wp:attachment":[{"href":"https:\/\/www.bbyhaber.com\/bby\/wp-json\/wp\/v2\/media?parent=2409"}],"wp:term":[{"taxonomy":"category","embeddable":true,"href":"https:\/\/www.bbyhaber.com\/bby\/wp-json\/wp\/v2\/categories?post=2409"},{"taxonomy":"post_tag","embeddable":true,"href":"https:\/\/www.bbyhaber.com\/bby\/wp-json\/wp\/v2\/tags?post=2409"}],"curies":[{"name":"wp","href":"https:\/\/api.w.org\/{rel}","templated":true}]}}