{"id":24062,"date":"2018-04-11T18:24:47","date_gmt":"2018-04-11T15:24:47","guid":{"rendered":"http:\/\/www.bbyhaber.com\/bby\/?p=24062"},"modified":"2018-04-11T18:31:43","modified_gmt":"2018-04-11T15:31:43","slug":"tkd-tapu-ve-kadastro-ile-sozlesmeli-alimla-ve-arsivci-kadrosu-hakkinda-gorustu","status":"publish","type":"post","link":"https:\/\/www.bbyhaber.com\/bby\/2018\/04\/11\/tkd-tapu-ve-kadastro-ile-sozlesmeli-alimla-ve-arsivci-kadrosu-hakkinda-gorustu","title":{"rendered":"TKD &#8211; Tapu ve Kadastro ile S\u00f6zle\u015fmeli Al\u0131m ve Ar\u015fivci Kadrosu Hakk\u0131nda G\u00f6r\u00fc\u015ft\u00fc"},"content":{"rendered":"<p class=\"m_-8326739920145778597gmail-MsoNoSpacing\"><a href=\"http:\/\/www.bbyhaber.com\/bby\/wp-content\/uploads\/2017\/05\/tapu.jpg\"><img loading=\"lazy\" decoding=\"async\" class=\"alignleft size-medium wp-image-22039\" src=\"http:\/\/www.bbyhaber.com\/bby\/wp-content\/uploads\/2017\/05\/tapu-300x169.jpg\" alt=\"\" width=\"300\" height=\"169\" srcset=\"https:\/\/www.bbyhaber.com\/bby\/wp-content\/uploads\/2017\/05\/tapu-300x169.jpg 300w, https:\/\/www.bbyhaber.com\/bby\/wp-content\/uploads\/2017\/05\/tapu.jpg 631w\" sizes=\"(max-width: 300px) 100vw, 300px\" \/><\/a>TKD Genel Ba\u015fkan\u0131 Say\u0131n Ali Fuat Kartal ve TKD Denetleme Kurulu \u00dcyesi Say\u0131n Zakir K\u00f6seo\u011flu, Tapu ve Kadastro Genel M\u00fcd\u00fcrl\u00fc\u011f\u00fcne yeni atanan Say\u0131n Mehmet Zeki Adl\u0131\u2019y\u0131 makam\u0131nda ziyaret etmi\u015flerdir.<\/p>\n<p class=\"m_-8326739920145778597gmail-MsoNoSpacing\">Genel M\u00fcd\u00fcre Tapu ve Kadastro Genel M\u00fcd\u00fcrl\u00fc\u011f\u00fcnde g\u00f6rev yapan meslekta\u015flar\u0131m\u0131z\u0131n \u00f6zl\u00fck haklar\u0131 konusunda hak ettikleri pozisyonda olmad\u0131klar\u0131n\u0131 ve 2011 y\u0131l\u0131ndan bu tarafa Teknik Hizmetler S\u0131n\u0131f\u0131nda olmalar\u0131 gerekirken halen bunun ger\u00e7ekle\u015fmedi\u011fini ilettiler.<\/p>\n<p class=\"m_-8326739920145778597gmail-MsoNoSpacing\">Teknik Hizmetler S\u0131n\u0131f\u0131na al\u0131na bilmemiz i\u00e7in yap\u0131lmas\u0131 gerekenler hakk\u0131nda bilgi verildi. Son \u00e7are olarak bir kanun tasar\u0131s\u0131 ile bu sorunun \u00e7\u00f6z\u00fclebilece\u011fi s\u00f6ylendi.<\/p>\n<p class=\"m_-8326739920145778597gmail-MsoNoSpacing\">Genel Ba\u015fkan\u0131m\u0131z daha \u00f6nceden haz\u0131rlanan Kanun Tasar\u0131s\u0131n\u0131 yar\u0131n Genel M\u00fcd\u00fcre iletecek.<\/p>\n<p class=\"m_-8326739920145778597gmail-MsoNoSpacing\">Daha \u00f6nceden Tapu ve Kadastro Genel M\u00fcd\u00fcrl\u00fc\u011f\u00fcne s\u00f6zle\u015fmeli olarak 200 ki\u015finin al\u0131naca\u011f\u0131n\u0131 meslekta\u015flar\u0131m\u0131za duyurmu\u015ftuk. Oysa genel m\u00fcd\u00fcrl\u00fck 125 ki\u015fi olarak ilana \u00e7\u0131kt\u0131 bunun da gerek\u00e7esini sorduk.<\/p>\n<p class=\"m_-8326739920145778597gmail-MsoNoSpacing\">Genel M\u00fcd\u00fcr biz gelmeden \u00f6nce o 75 ki\u015fiyi ba\u015fka alana aktarm\u0131\u015flar dedi.<\/p>\n<p class=\"m_-8326739920145778597gmail-MsoNoSpacing\">De\u011ferli meslekta\u015flar\u0131m\u0131z Kadastro Genel M\u00fcd\u00fcrl\u00fc\u011f\u00fcnde \u00e7al\u0131\u015fan arkada\u015flar\u0131m\u0131z\u0131n ma\u011fduriyetlerinin giderilmesi i\u00e7in gereken gayreti g\u00f6steriyoruz g\u00f6stermeye de devam edece\u011fiz. Geli\u015fmelerden sizleri bilgilendirece\u011fiz.<\/p>\n<p class=\"m_-8326739920145778597gmail-MsoNoSpacing\">Sayg\u0131lar\u0131m\u0131zla<\/p>\n<p>TKD Genel Merkezi<\/p>\n","protected":false},"excerpt":{"rendered":"<p>TKD Genel Ba\u015fkan\u0131 Say\u0131n Ali Fuat Kartal ve TKD Denetleme Kurulu \u00dcyesi Say\u0131n Zakir K\u00f6seo\u011flu, Tapu ve Kadastro Genel M\u00fcd\u00fcrl\u00fc\u011f\u00fcne yeni atanan Say\u0131n Mehmet Zeki Adl\u0131\u2019y\u0131 makam\u0131nda ziyaret etmi\u015flerdir. Genel M\u00fcd\u00fcre Tapu ve Kadastro Genel M\u00fcd\u00fcrl\u00fc\u011f\u00fcnde g\u00f6rev yapan meslekta\u015flar\u0131m\u0131z\u0131n \u00f6zl\u00fck haklar\u0131 konusunda hak ettikleri pozisyonda olmad\u0131klar\u0131n\u0131 ve 2011 y\u0131l\u0131ndan bu tarafa Teknik Hizmetler S\u0131n\u0131f\u0131nda olmalar\u0131 [&hellip;]<\/p>\n","protected":false},"author":1,"featured_media":22039,"comment_status":"open","ping_status":"open","sticky":false,"template":"","format":"standard","meta":{"footnotes":""},"categories":[1],"tags":[],"class_list":["post-24062","post","type-post","status-publish","format-standard","has-post-thumbnail","hentry","category-genel"],"_links":{"self":[{"href":"https:\/\/www.bbyhaber.com\/bby\/wp-json\/wp\/v2\/posts\/24062"}],"collection":[{"href":"https:\/\/www.bbyhaber.com\/bby\/wp-json\/wp\/v2\/posts"}],"about":[{"href":"https:\/\/www.bbyhaber.com\/bby\/wp-json\/wp\/v2\/types\/post"}],"author":[{"embeddable":true,"href":"https:\/\/www.bbyhaber.com\/bby\/wp-json\/wp\/v2\/users\/1"}],"replies":[{"embeddable":true,"href":"https:\/\/www.bbyhaber.com\/bby\/wp-json\/wp\/v2\/comments?post=24062"}],"version-history":[{"count":4,"href":"https:\/\/www.bbyhaber.com\/bby\/wp-json\/wp\/v2\/posts\/24062\/revisions"}],"predecessor-version":[{"id":24066,"href":"https:\/\/www.bbyhaber.com\/bby\/wp-json\/wp\/v2\/posts\/24062\/revisions\/24066"}],"wp:featuredmedia":[{"embeddable":true,"href":"https:\/\/www.bbyhaber.com\/bby\/wp-json\/wp\/v2\/media\/22039"}],"wp:attachment":[{"href":"https:\/\/www.bbyhaber.com\/bby\/wp-json\/wp\/v2\/media?parent=24062"}],"wp:term":[{"taxonomy":"category","embeddable":true,"href":"https:\/\/www.bbyhaber.com\/bby\/wp-json\/wp\/v2\/categories?post=24062"},{"taxonomy":"post_tag","embeddable":true,"href":"https:\/\/www.bbyhaber.com\/bby\/wp-json\/wp\/v2\/tags?post=24062"}],"curies":[{"name":"wp","href":"https:\/\/api.w.org\/{rel}","templated":true}]}}