{"id":2406,"date":"2012-02-02T14:50:47","date_gmt":"2012-02-02T14:50:47","guid":{"rendered":"http:\/\/www.bbyhaber.com\/bby\/?p=2406"},"modified":"2012-09-07T17:52:16","modified_gmt":"2012-09-07T14:52:16","slug":"kutuphanem-yanimda-bilgiler-kucagimda-projesi-erzurum","status":"publish","type":"post","link":"https:\/\/www.bbyhaber.com\/bby\/2012\/02\/02\/kutuphanem-yanimda-bilgiler-kucagimda-projesi-erzurum","title":{"rendered":"K\u00fct\u00fcphanem Yan\u0131mda Bilgiler Kuca\u011f\u0131mda Projesi-Erzurum"},"content":{"rendered":"<p style=\"text-align: justify;\">Erzurum&#8217;un Horasan il\u00e7esinde &#8220;K\u00fct\u00fcphanem Yan\u0131mda Bilgiler Kuca\u011f\u0131mda&#8221; projesi kapsam\u0131nda, ilk\u00f6\u011fretim okullar\u0131na k\u00fct\u00fcphane yap\u0131laca\u011f\u0131 belirtildi. \u0130l\u00e7e Milli E\u011fitim M\u00fcd\u00fcr\u00fc Turgut Demir, AA muhabirine yapt\u0131\u011f\u0131 a\u00e7\u0131klamada, proje sayesinde 12 ilk\u00f6\u011fretim okuluna yap\u0131lacak k\u00fct\u00fcphaneler sayesinde, e\u011fitimdeki ba\u015far\u0131n\u0131n artaca\u011f\u0131n\u0131n da s\u00f6yledi. Demir, k\u00fct\u00fcphanelerden 9&#8217;unun k\u00f6ylerdeki ilk\u00f6\u011fretim okullar\u0131na yap\u0131laca\u011f\u0131n\u0131 belirterek, \u015f\u00f6yle konu\u015ftu:<!--more--><\/p>\n<p style=\"text-align: justify;\">&#8220;K\u00fct\u00fcphanem yan\u0131mda bilgiler kuca\u011f\u0131mda adl\u0131 projemiz kapsam\u0131nda yap\u0131lacak olan k\u00fct\u00fcphanelerden 3&#8217;\u00fc il\u00e7e merkezinde, 9&#8217;u k\u00f6ylerde bulunan ilk\u00f6\u011fretim okullar\u0131nda a\u00e7\u0131lacak. Okullar\u0131n, bir s\u0131n\u0131f\u0131 k\u00fct\u00fcphane olarak d\u00fczenlenecek. Projenin amac\u0131 \u00f6\u011frencilerimizin k\u00fct\u00fcphaneler sayesinde k\u00fclt\u00fcrel, sanatsal ve zihinsel geli\u015fimlerine katk\u0131 sa\u011flamakt\u0131r. Proje kapsam\u0131nda okullarda gerekli \u00e7al\u0131\u015fmalar ba\u015flat\u0131ld\u0131, en yak\u0131n zamanda k\u00fct\u00fcphanelerimiz hizmete girecek.&#8221;<\/p>\n<p style=\"text-align: justify;\">Proje koordinat\u00f6r\u00fc fen ve teknoloji \u00f6\u011fretmeni Musa Hasano\u011flu da il\u00e7ede ya\u015fayan ailelerin kalabal\u0131k oldu\u011funu, bu nedenle \u00e7ocuklar\u0131n \u00e7al\u0131\u015fma odalar\u0131n\u0131n bulunmad\u0131\u011f\u0131n\u0131 s\u00f6yledi. Hasano\u011flu, projenin hayata ge\u00e7irilmesiyle birlikte 700&#8217;e yak\u0131n \u00f6\u011frencinin ders \u00e7al\u0131\u015fabilece\u011fi bir ortam\u0131n ve zaman\u0131n kendilerine sa\u011flanaca\u011f\u0131n\u0131 belirtti.<\/p>\n<p style=\"text-align: justify;\">Kaynak:\u00a0 http:\/\/www.sondakika.com<\/p>\n","protected":false},"excerpt":{"rendered":"<p>Erzurum&#8217;un Horasan il\u00e7esinde &#8220;K\u00fct\u00fcphanem Yan\u0131mda Bilgiler Kuca\u011f\u0131mda&#8221; projesi kapsam\u0131nda, ilk\u00f6\u011fretim okullar\u0131na k\u00fct\u00fcphane yap\u0131laca\u011f\u0131 belirtildi. \u0130l\u00e7e Milli E\u011fitim M\u00fcd\u00fcr\u00fc Turgut Demir, AA muhabirine yapt\u0131\u011f\u0131 a\u00e7\u0131klamada, proje sayesinde 12 ilk\u00f6\u011fretim okuluna yap\u0131lacak k\u00fct\u00fcphaneler sayesinde, e\u011fitimdeki ba\u015far\u0131n\u0131n artaca\u011f\u0131n\u0131n da s\u00f6yledi. Demir, k\u00fct\u00fcphanelerden 9&#8217;unun k\u00f6ylerdeki ilk\u00f6\u011fretim okullar\u0131na yap\u0131laca\u011f\u0131n\u0131 belirterek, \u015f\u00f6yle konu\u015ftu:<\/p>\n","protected":false},"author":1,"featured_media":0,"comment_status":"open","ping_status":"open","sticky":false,"template":"","format":"standard","meta":{"footnotes":""},"categories":[],"tags":[845],"class_list":["post-2406","post","type-post","status-publish","format-standard","hentry","tag-okul-kutuphaneleri"],"_links":{"self":[{"href":"https:\/\/www.bbyhaber.com\/bby\/wp-json\/wp\/v2\/posts\/2406"}],"collection":[{"href":"https:\/\/www.bbyhaber.com\/bby\/wp-json\/wp\/v2\/posts"}],"about":[{"href":"https:\/\/www.bbyhaber.com\/bby\/wp-json\/wp\/v2\/types\/post"}],"author":[{"embeddable":true,"href":"https:\/\/www.bbyhaber.com\/bby\/wp-json\/wp\/v2\/users\/1"}],"replies":[{"embeddable":true,"href":"https:\/\/www.bbyhaber.com\/bby\/wp-json\/wp\/v2\/comments?post=2406"}],"version-history":[{"count":0,"href":"https:\/\/www.bbyhaber.com\/bby\/wp-json\/wp\/v2\/posts\/2406\/revisions"}],"wp:attachment":[{"href":"https:\/\/www.bbyhaber.com\/bby\/wp-json\/wp\/v2\/media?parent=2406"}],"wp:term":[{"taxonomy":"category","embeddable":true,"href":"https:\/\/www.bbyhaber.com\/bby\/wp-json\/wp\/v2\/categories?post=2406"},{"taxonomy":"post_tag","embeddable":true,"href":"https:\/\/www.bbyhaber.com\/bby\/wp-json\/wp\/v2\/tags?post=2406"}],"curies":[{"name":"wp","href":"https:\/\/api.w.org\/{rel}","templated":true}]}}