{"id":24048,"date":"2018-04-06T17:02:07","date_gmt":"2018-04-06T14:02:07","guid":{"rendered":"http:\/\/www.bbyhaber.com\/bby\/?p=24048"},"modified":"2018-04-06T17:02:23","modified_gmt":"2018-04-06T14:02:23","slug":"tubitak-ulakbim-ekual-projesinden-3-milyon-arastirmaci-yararlandi","status":"publish","type":"post","link":"https:\/\/www.bbyhaber.com\/bby\/2018\/04\/06\/tubitak-ulakbim-ekual-projesinden-3-milyon-arastirmaci-yararlandi","title":{"rendered":"T\u00dcB\u0130TAK ULAKB\u0130M EKUAL Projesinden 3 Milyon Ara\u015ft\u0131rmac\u0131 Yararland\u0131"},"content":{"rendered":"<p style=\"font-weight: 400;\"><span style=\"font-style: inherit; font-weight: inherit;\"><a href=\"http:\/\/www.bbyhaber.com\/bby\/wp-content\/uploads\/2018\/04\/tubitak-ulakbim-ekual-projesinden-3-milyon-arastirmaci-yararlandi.jpg\"><img loading=\"lazy\" decoding=\"async\" class=\"alignleft size-full wp-image-24049\" src=\"http:\/\/www.bbyhaber.com\/bby\/wp-content\/uploads\/2018\/04\/tubitak-ulakbim-ekual-projesinden-3-milyon-arastirmaci-yararlandi.jpg\" alt=\"\" width=\"390\" height=\"180\" \/><\/a>T\u00fcrkiye Bilimsel ve Teknolojik Ara\u015ft\u0131rma Kurumu (T\u00dcB\u0130TAK) Ulusal Akademik A\u011f ve Bilgi Merkezi (ULAKB\u0130M) taraf\u0131ndan,\u00a0<\/span><span style=\"font-style: inherit; font-weight: inherit;\">\u00fclkemiz akademik bilgi altyap\u0131s\u0131n\u0131n g\u00fc\u00e7lendirilmesi, AR-GE faaliyetlerinin temel girdisi olan bilgi ihtiya\u00e7lar\u0131n\u0131n ulusal d\u00fczeyde kar\u015f\u0131lanmas\u0131 amac\u0131yla y\u00fcr\u00fct\u00fclen ve 2018 y\u0131l\u0131nda Kalk\u0131nma Bakanl\u0131\u011f\u0131&#8217;n\u0131n deste\u011fi ile geni\u015fletilen\u00a0<\/span><span style=\"font-style: inherit; font-weight: inherit;\"><strong>Elektronik Kaynaklar Ulusal Akademik Lisans\u0131 Projesi\u2019nin (EKUAL)<\/strong> faaliyetleri, ATO Congresium\u2019da d\u00fczenlenen bir programla tan\u0131t\u0131ld\u0131. 210 davetlinin kat\u0131ld\u0131\u011f\u0131 toplant\u0131da T\u00dcB\u0130TAK Ba\u015fkan\u0131 Prof. Dr. Hasan Mandal, ULAKB\u0130M M\u00fcd\u00fcr\u00fc Mehmet Mirat Sato\u011flu, Kalk\u0131nma Bakanl\u0131\u011f\u0131 Sosyal Sekt\u00f6rler ve Koordinasyon Genel M\u00fcd\u00fcr\u00fc Emin Sad\u0131k Ayd\u0131n birer konu\u015fma yapt\u0131lar.<\/span><!--more--><\/p>\n<p style=\"font-weight: 400;\"><span style=\"font-style: inherit; font-weight: inherit;\">T\u00dcB\u0130TAK Ba\u015fkan\u0131 Prof. Dr. Hasan Mandal, yakla\u015f\u0131k \u00fc\u00e7 milyon ara\u015ft\u0131rmac\u0131n\u0131n, Ulusal Akademik A\u011f ve Bilgi Merkezi (ULAKB\u0130M) taraf\u0131ndan ba\u015flat\u0131lan Elektronik Kaynaklar Ulusal Akademik Lisans\u0131 Projesi&#8217;nden (EKUAL) yararland\u0131\u011f\u0131n\u0131 bildirdi.<\/span><\/p>\n<p style=\"font-weight: 400;\"><span style=\"font-style: inherit; font-weight: inherit;\">EKUAL Projesi kapsam\u0131nda uluslararas\u0131 e-bilgi kaynaklar\u0131 i\u00e7in lisans anla\u015fmalar\u0131 yap\u0131ld\u0131\u011f\u0131n\u0131 ifade eden Prof. Dr. Mandal, &#8220;\u00dclkemizdeki ve KKTC&#8217;deki t\u00fcm devlet ile vak\u0131f \u00fcniversiteleri ba\u015fta olmak \u00fczere, Sa\u011fl\u0131k Bakanl\u0131\u011f\u0131 e\u011fitim ve ara\u015ft\u0131rma hastaneleri de dahil olmak \u00fczere 257 kurum ve ilgili kurulu\u015flarda yer alan yakla\u015f\u0131k \u00fc\u00e7 milyon ara\u015ft\u0131rmac\u0131, Ulusal Akademik A\u011f ve Bilgi Merkezi Elektronik Kaynaklar Ulusal Akademik Lisans\u0131&#8217;ndan yararlan\u0131yor&#8221; diye konu\u015ftu.<\/span><\/p>\n<p style=\"font-weight: 400;\"><span style=\"font-style: inherit; font-weight: inherit;\">Prof. Dr. Mandal, s\u00f6z konusu \u00e7al\u0131\u015fmaya Kalk\u0131nma Bakanl\u0131\u011f\u0131n\u0131n 85 milyon lira destek sa\u011flad\u0131\u011f\u0131n\u0131, bu sayede projenin \u00f6nemli oranda geli\u015ftirildi\u011fini belirtti. EKUAL Projesiyle 18 e-veri taban\u0131na, iki intihal analiz program\u0131na, bir referans y\u00f6netim arac\u0131na, 30 bin elektronik dergiye, 100 milyon bibliyografik veriye, \u00fc\u00e7 milyon konferans bildirisine, 2,1 milyon y\u00fcksek lisans ve doktora tezine eri\u015fim sa\u011fland\u0131\u011f\u0131na i\u015faret eden Prof. Dr. Mandal, &#8220;EKUAL hizmetlerini, daha da geli\u015ftirme arzusu ve kararl\u0131l\u0131\u011f\u0131nday\u0131z. Bilgiye eri\u015fimi art\u0131rmal\u0131y\u0131z, rekabeti art\u0131rarak ara\u015ft\u0131rmac\u0131lar\u0131n \u00f6n\u00fcn\u00fc a\u00e7mal\u0131 ve say\u0131s\u0131n\u0131 art\u0131rmal\u0131y\u0131z ki \u00fclkenin ortak hedeflerine daha kolay varal\u0131m&#8221; dedi.<\/span><\/p>\n<p style=\"font-weight: 400;\"><span style=\"font-style: inherit; font-weight: inherit;\">Kalk\u0131nma Bakanl\u0131\u011f\u0131 Sosyal Sekt\u00f6rler ve Koordinasyon Genel M\u00fcd\u00fcr\u00fc Emin Sad\u0131k Ayd\u0131n, EKUAL Projesinin \u201cB\u0130LG\u0130 G\u00dc\u00c7T\u00dcR\u201d ifadesinden yola \u00e7\u0131karak bilginin \u00f6nemi ve eri\u015fiminde, Ulusal Akademik ve AR-GE faaliyetlerinin g\u00fc\u00e7lenmesinin sa\u011flanmas\u0131na her zaman olanak tan\u0131yacaklar\u0131n\u0131 belirtti.<\/span><\/p>\n<p><a href=\"https:\/\/www.tubitak.gov.tr\" target=\"_blank\" rel=\"noopener\">Kaynak<\/a><\/p>\n","protected":false},"excerpt":{"rendered":"<p>T\u00fcrkiye Bilimsel ve Teknolojik Ara\u015ft\u0131rma Kurumu (T\u00dcB\u0130TAK) Ulusal Akademik A\u011f ve Bilgi Merkezi (ULAKB\u0130M) taraf\u0131ndan,\u00a0\u00fclkemiz akademik bilgi altyap\u0131s\u0131n\u0131n g\u00fc\u00e7lendirilmesi, AR-GE faaliyetlerinin temel girdisi olan bilgi ihtiya\u00e7lar\u0131n\u0131n ulusal d\u00fczeyde kar\u015f\u0131lanmas\u0131 amac\u0131yla y\u00fcr\u00fct\u00fclen ve 2018 y\u0131l\u0131nda Kalk\u0131nma Bakanl\u0131\u011f\u0131&#8217;n\u0131n deste\u011fi ile geni\u015fletilen\u00a0Elektronik Kaynaklar Ulusal Akademik Lisans\u0131 Projesi\u2019nin (EKUAL) faaliyetleri, ATO Congresium\u2019da d\u00fczenlenen bir programla tan\u0131t\u0131ld\u0131. 210 davetlinin kat\u0131ld\u0131\u011f\u0131 [&hellip;]<\/p>\n","protected":false},"author":1,"featured_media":24049,"comment_status":"open","ping_status":"open","sticky":false,"template":"","format":"standard","meta":{"footnotes":""},"categories":[1],"tags":[266,201],"class_list":["post-24048","post","type-post","status-publish","format-standard","has-post-thumbnail","hentry","category-genel","tag-ekual","tag-tubitak"],"_links":{"self":[{"href":"https:\/\/www.bbyhaber.com\/bby\/wp-json\/wp\/v2\/posts\/24048"}],"collection":[{"href":"https:\/\/www.bbyhaber.com\/bby\/wp-json\/wp\/v2\/posts"}],"about":[{"href":"https:\/\/www.bbyhaber.com\/bby\/wp-json\/wp\/v2\/types\/post"}],"author":[{"embeddable":true,"href":"https:\/\/www.bbyhaber.com\/bby\/wp-json\/wp\/v2\/users\/1"}],"replies":[{"embeddable":true,"href":"https:\/\/www.bbyhaber.com\/bby\/wp-json\/wp\/v2\/comments?post=24048"}],"version-history":[{"count":2,"href":"https:\/\/www.bbyhaber.com\/bby\/wp-json\/wp\/v2\/posts\/24048\/revisions"}],"predecessor-version":[{"id":24051,"href":"https:\/\/www.bbyhaber.com\/bby\/wp-json\/wp\/v2\/posts\/24048\/revisions\/24051"}],"wp:featuredmedia":[{"embeddable":true,"href":"https:\/\/www.bbyhaber.com\/bby\/wp-json\/wp\/v2\/media\/24049"}],"wp:attachment":[{"href":"https:\/\/www.bbyhaber.com\/bby\/wp-json\/wp\/v2\/media?parent=24048"}],"wp:term":[{"taxonomy":"category","embeddable":true,"href":"https:\/\/www.bbyhaber.com\/bby\/wp-json\/wp\/v2\/categories?post=24048"},{"taxonomy":"post_tag","embeddable":true,"href":"https:\/\/www.bbyhaber.com\/bby\/wp-json\/wp\/v2\/tags?post=24048"}],"curies":[{"name":"wp","href":"https:\/\/api.w.org\/{rel}","templated":true}]}}