{"id":23991,"date":"2018-03-27T08:47:33","date_gmt":"2018-03-27T05:47:33","guid":{"rendered":"http:\/\/www.bbyhaber.com\/bby\/?p=23991"},"modified":"2018-03-27T08:50:13","modified_gmt":"2018-03-27T05:50:13","slug":"kultur-ve-turizm-bakani-numan-kurtulmusun-54-kutuphane-haftasi-acilis-konusmasi","status":"publish","type":"post","link":"https:\/\/www.bbyhaber.com\/bby\/2018\/03\/27\/kultur-ve-turizm-bakani-numan-kurtulmusun-54-kutuphane-haftasi-acilis-konusmasi","title":{"rendered":"K\u00fclt\u00fcr ve Turizm Bakan\u0131 Numan Kurtulmu\u015f&#8217;un 54. K\u00fct\u00fcphane Haftas\u0131 a\u00e7\u0131l\u0131\u015f konu\u015fmas\u0131"},"content":{"rendered":"<p><strong><a href=\"http:\/\/www.bbyhaber.com\/bby\/wp-content\/uploads\/2018\/03\/54.kutuphane-haftasi-bakan-acilis-konusmasi.jpg\"><img loading=\"lazy\" decoding=\"async\" class=\"alignleft size-full wp-image-23992\" src=\"http:\/\/www.bbyhaber.com\/bby\/wp-content\/uploads\/2018\/03\/54.kutuphane-haftasi-bakan-acilis-konusmasi.jpg\" alt=\"\" width=\"390\" height=\"180\" \/><\/a>K\u00fclt\u00fcr ve Turizm Bakan\u0131 Numan Kurtulmu\u015f<\/strong>: \u201cOkumak soyut bir i\u015f de\u011fildir, asl\u0131nda bir eylemdir. Hayat\u0131 anlamland\u0131ran, hayat\u0131n merkezinde olan en \u00f6nemli en soylu eylemlerimizden birisidir.\u201d Bakan Numan Kurtulmu\u015f: \u201cE\u011fer insanlar okumasayd\u0131, okumak \u00fczerinden kendilerini ifade edebilme yeteneklerini geli\u015ftiremeseydi hi\u00e7 ku\u015fkusuz zihinlerinde ve g\u00f6n\u00fcllerinde olu\u015fan tahayy\u00fcllerinin insanlar\u0131n hi\u00e7birisine, hatta kendilerine dahi faydas\u0131 olmazd\u0131.\u201d<!--more--><\/p>\n<p>Bakan Numan Kurtulmu\u015f: \u201cK\u00fct\u00fcphaneleri, daha canl\u0131 ya\u015fayan mekanlar haline getirebilmek en k\u0131sa s\u00fcre i\u00e7erisinde ger\u00e7ekle\u015ftirece\u011fimiz somut bir hedeftir. \u015eu anda 71 il halk k\u00fct\u00fcphanemiz a\u015fa\u011f\u0131 yukar\u0131 gece 11\u2019lere kadar a\u00e7\u0131k vaziyette. Her birisinin 24 saat a\u00e7\u0131k hale gelmesi i\u00e7in \u00e7al\u0131\u015faca\u011f\u0131z.\u201d<\/p>\n<p><strong>\u201cYeni nesil \u00e7ocuklar, yeni nesil k\u00fct\u00fcphaneler\u201d temas\u0131yla d\u00fczenlenen 54. K\u00fct\u00fcphane Haftas\u0131 etkinlikleri, K\u00fclt\u00fcr ve Turizm Bakan\u0131 Numan Kurtulmu\u015f\u2019un kat\u0131ld\u0131\u011f\u0131 a\u00e7\u0131l\u0131\u015f program\u0131yla ba\u015flad\u0131.<\/strong><\/p>\n<p>Milli K\u00fct\u00fcphane Konferans Salonu\u2019nda ger\u00e7ekle\u015ftirilen t\u00f6rende konu\u015fan Bakan Numan Kurtulmu\u015f, okuman\u0131n soylu bir eylem oldu\u011funu vurgulad\u0131.<\/p>\n<p>Bir medeniyetin olu\u015fmas\u0131nda tahayy\u00fcl ve tasavvurun \u00e7ok \u00f6nemli oldu\u011funu, tahayy\u00fcl ve tasavvurun geli\u015fmesinin, zenginle\u015fmesinin de okumaktan ge\u00e7ti\u011fini ifade eden Bakan Numan Kurtulmu\u015f, \u015funlar\u0131 s\u00f6yledi:<\/p>\n<p>\u201cMedeniyet dedi\u011fimiz \u015fey tahayy\u00fcl ve tasavvur dedi\u011fimiz iki biti\u015fik d\u00fcnyan\u0131n sonu\u00e7lar\u0131 itibariyle \u00f6n\u00fcm\u00fcze \u00e7\u0131k\u0131yor. \u0130nsanlar \u00f6nce hayal ederler, hayal d\u00fcnyalar\u0131nda geli\u015ftirdiklerini sonra surete d\u00f6nd\u00fcrerek bunlar\u0131n \u00fczerinden medeniyetin geli\u015fmesini sa\u011flarlar. Suret, bazen iki kapa\u011f\u0131n aras\u0131na s\u0131k\u0131\u015fm\u0131\u015f kitap \u015feklinde kar\u015f\u0131m\u0131za \u00e7\u0131kar, bazen bir resim, bazen bizi al\u0131p ba\u015fka d\u00fcnyalara g\u00f6t\u00fcren bir musiki eseri olarak kar\u015f\u0131m\u0131za \u00e7\u0131kar, bazen bir saray, bir k\u00f6pr\u00fc bir mahalle \u00e7e\u015fmesi ya da herhangi bir \u015fekilde hayat\u0131m\u0131z\u0131 kolayla\u015ft\u0131ran, hayat\u0131n pratiklerine yans\u0131yan bedesten, \u00e7ar\u015f\u0131 gibi fiziki binalarla kar\u015f\u0131m\u0131za \u00e7\u0131kar. \u0130nsano\u011flunun tahayy\u00fcl d\u00fcnyas\u0131n\u0131n sonucu olarak ortaya \u00e7\u0131kan bu suretleri olu\u015fturabilmesi, d\u00fcnyaya insanlar\u0131n hizmetine sunabilmesi i\u00e7in \u00f6nce hayal d\u00fcnyalar\u0131n\u0131n zengin, kuvvetli ve g\u00fc\u00e7l\u00fc olmas\u0131 laz\u0131m. \u0130\u015fte okumak insanlar\u0131n tahayy\u00fcl d\u00fcnyas\u0131n\u0131 zenginle\u015ftiren en \u00f6nemli eylem oldu\u011fu i\u00e7in soylu bir eylem olarak kabul edilmek durumundad\u0131r. E\u011fer insanlar okumasayd\u0131, okumak \u00fczerinden kendilerini ifade edebilme yeteneklerini geli\u015ftiremeseydi hi\u00e7 ku\u015fkusuz zihinlerinde ve g\u00f6n\u00fcllerinde olu\u015fan tahayy\u00fcllerinin insanlar\u0131n hi\u00e7birisine faydas\u0131 olmaz, hatta kendilerine dahi faydas\u0131 olmazd\u0131.\u201d<\/p>\n<p>Okuman\u0131n soyut bir i\u015f olmad\u0131\u011f\u0131n\u0131 belirten Bakan Numan Kurtulmu\u015f, \u201cOkumak, hayat\u0131 anlamland\u0131ran, hayat\u0131n merkezinde olan en \u00f6nemli en soylu eylemlerimizden birisidir. Okumak ve bilmek birbirinin karde\u015fi, arlar\u0131nda bir perde olan, birinden di\u011ferine rahatl\u0131kla ge\u00e7ebildi\u011fimiz birbirini destekleyen iki \u00f6nemli aland\u0131r.\u201d \u015feklinde konu\u015ftu.<\/p>\n<p>\u00dclke genelinde k\u00fct\u00fcphanelerin 24 saat a\u00e7\u0131k, ya\u015fayan mekanlar haline gelmesi i\u00e7in \u00e7al\u0131\u015fmalar y\u00fcr\u00fctt\u00fcklerini aktaran Bakan Numan Kurtulmu\u015f, \u015f\u00f6yle devam etti:<\/p>\n<p>\u201cT\u00fcrkiye\u2019nin her yerinde kitaplara, k\u00fct\u00fcphanelere \u00f6zel bir \u00f6nem veriyoruz. K\u00fct\u00fcphanelerimizi ya\u015fayan mekanlar haline d\u00f6n\u00fc\u015ft\u00fcrmek zorunday\u0131z. \u0130stiyoruz ki, k\u00fct\u00fcphaneler gen\u00e7lerimizin 24 saatini buralarda ge\u00e7irebilecek durumda olsun. Bunun ilk \u00f6rne\u011fini Beyaz\u0131t K\u00fct\u00fcphanesi\u2019nde verdik. K\u00fct\u00fcphaneleri, daha canl\u0131 ya\u015fayan mekanlar haline getirebilmek en k\u0131sa s\u00fcre i\u00e7erisinde ger\u00e7ekle\u015ftirece\u011fimiz somut bir hedeftir. \u015eu anda 71 il halk k\u00fct\u00fcphanemiz a\u015fa\u011f\u0131 yukar\u0131 gece 11\u2019lere kadar a\u00e7\u0131k vaziyette. Her birisinin 24 saat a\u00e7\u0131k hale gelmesi i\u00e7in \u00e7al\u0131\u015faca\u011f\u0131z.\u201d<\/p>\n<p>T\u00fcrkiye\u2019de az kitap okundu\u011fu ve bas\u0131ld\u0131\u011f\u0131 y\u00f6n\u00fcnde yanl\u0131\u015f bir kan\u0131 oldu\u011funu fakat kitap piyasas\u0131nda T\u00fcrkiye\u2019nin bas\u0131lan kitap say\u0131s\u0131, kitaplar\u0131n tescillenmesi bak\u0131m\u0131ndan 11. s\u0131rada oldu\u011funu belirten Bakan Numan Kurtulmu\u015f, 2023 hedefleri do\u011frultusunda s\u0131ralamadaki yerini ilk 5\u2019e \u00e7\u0131karaca\u011f\u0131n\u0131 aktard\u0131. Bunun i\u00e7in de yay\u0131nc\u0131l\u0131k sekt\u00f6r\u00fcn\u00fc destekleyeceklerinin alt\u0131n\u0131 \u00e7izdi.<\/p>\n<p>T\u00f6renin sonunda \u00fclke genelinde k\u00fct\u00fcphaneleri kullanan ve farkl\u0131 hikayeleriyle dikkat \u00e7eken &#8220;S\u0131ra D\u0131\u015f\u0131 Okurlar&#8221; da \u00f6d\u00fcllendirildi. U\u015fak&#8217;\u0131n Banaz il\u00e7esinden E\u015fe Akduman, Ardahan&#8217;dan Memet Oktay, Mardin&#8217;den Emine Zehra Sonkaya ve \u0130zmir\u2019den Mehmet Ka\u00e7an\u2019a \u00f6d\u00fcllerini K\u00fclt\u00fcr ve Turizm Bakan\u0131 Numan Kurtulmu\u015f takdim etti.<\/p>\n<p>11 ya\u015f\u0131ndaki orta okul \u00f6\u011frencisi Emine Zehra Sonkaya, Bakan Numan Kurtulmu\u015f\u2019tan yazd\u0131\u011f\u0131 mektubu Cumhurba\u015fkan\u0131 Recep Tayyip Erdo\u011fan\u2019a iletmesini istedi. Bakan Numan Kurtulmu\u015f, ge\u00e7ti\u011fimiz y\u0131l 146 kitap okuyan k\u00fc\u00e7\u00fck okuru tebrik etti ve iste\u011fini geri \u00e7evirmedi.<\/p>\n<p><a href=\"http:\/\/basin.kulturturizm.gov.tr\" target=\"_blank\" rel=\"noopener\">Kaynak<\/a><\/p>\n<p><iframe loading=\"lazy\" width=\"560\" height=\"315\" src=\"https:\/\/www.youtube.com\/embed\/ZvOMwPe5g-c\" frameborder=\"0\" allow=\"autoplay; encrypted-media\" allowfullscreen><\/iframe><\/p>\n","protected":false},"excerpt":{"rendered":"<p>K\u00fclt\u00fcr ve Turizm Bakan\u0131 Numan Kurtulmu\u015f: \u201cOkumak soyut bir i\u015f de\u011fildir, asl\u0131nda bir eylemdir. Hayat\u0131 anlamland\u0131ran, hayat\u0131n merkezinde olan en \u00f6nemli en soylu eylemlerimizden birisidir.\u201d Bakan Numan Kurtulmu\u015f: \u201cE\u011fer insanlar okumasayd\u0131, okumak \u00fczerinden kendilerini ifade edebilme yeteneklerini geli\u015ftiremeseydi hi\u00e7 ku\u015fkusuz zihinlerinde ve g\u00f6n\u00fcllerinde olu\u015fan tahayy\u00fcllerinin insanlar\u0131n hi\u00e7birisine, hatta kendilerine dahi faydas\u0131 olmazd\u0131.\u201d<\/p>\n","protected":false},"author":1,"featured_media":23992,"comment_status":"open","ping_status":"open","sticky":false,"template":"","format":"standard","meta":{"footnotes":""},"categories":[1524],"tags":[1461,1034],"class_list":["post-23991","post","type-post","status-publish","format-standard","has-post-thumbnail","hentry","category-54-kutuphane-haftasi","tag-kutuphane-haftasi","tag-numan-kurtulmus"],"_links":{"self":[{"href":"https:\/\/www.bbyhaber.com\/bby\/wp-json\/wp\/v2\/posts\/23991"}],"collection":[{"href":"https:\/\/www.bbyhaber.com\/bby\/wp-json\/wp\/v2\/posts"}],"about":[{"href":"https:\/\/www.bbyhaber.com\/bby\/wp-json\/wp\/v2\/types\/post"}],"author":[{"embeddable":true,"href":"https:\/\/www.bbyhaber.com\/bby\/wp-json\/wp\/v2\/users\/1"}],"replies":[{"embeddable":true,"href":"https:\/\/www.bbyhaber.com\/bby\/wp-json\/wp\/v2\/comments?post=23991"}],"version-history":[{"count":3,"href":"https:\/\/www.bbyhaber.com\/bby\/wp-json\/wp\/v2\/posts\/23991\/revisions"}],"predecessor-version":[{"id":23995,"href":"https:\/\/www.bbyhaber.com\/bby\/wp-json\/wp\/v2\/posts\/23991\/revisions\/23995"}],"wp:featuredmedia":[{"embeddable":true,"href":"https:\/\/www.bbyhaber.com\/bby\/wp-json\/wp\/v2\/media\/23992"}],"wp:attachment":[{"href":"https:\/\/www.bbyhaber.com\/bby\/wp-json\/wp\/v2\/media?parent=23991"}],"wp:term":[{"taxonomy":"category","embeddable":true,"href":"https:\/\/www.bbyhaber.com\/bby\/wp-json\/wp\/v2\/categories?post=23991"},{"taxonomy":"post_tag","embeddable":true,"href":"https:\/\/www.bbyhaber.com\/bby\/wp-json\/wp\/v2\/tags?post=23991"}],"curies":[{"name":"wp","href":"https:\/\/api.w.org\/{rel}","templated":true}]}}