{"id":23985,"date":"2018-03-27T08:35:40","date_gmt":"2018-03-27T05:35:40","guid":{"rendered":"http:\/\/www.bbyhaber.com\/bby\/?p=23985"},"modified":"2018-03-27T08:48:06","modified_gmt":"2018-03-27T05:48:06","slug":"tkd-baskani-ali-fuat-kartalin-54-kutuphane-haftasi-acilis-konusmasi","status":"publish","type":"post","link":"https:\/\/www.bbyhaber.com\/bby\/2018\/03\/27\/tkd-baskani-ali-fuat-kartalin-54-kutuphane-haftasi-acilis-konusmasi","title":{"rendered":"TKD Ba\u015fkan\u0131 Ali Fuat Kartal&#8217;\u0131n 54.K\u00fct\u00fcphane Haftas\u0131 a\u00e7\u0131l\u0131\u015f konu\u015fmas\u0131"},"content":{"rendered":"<p><strong><a href=\"http:\/\/www.bbyhaber.com\/bby\/wp-content\/uploads\/2018\/03\/kartal-54.kutuphane-haftasi-acilis-konusmasi.jpg\"><img loading=\"lazy\" decoding=\"async\" class=\"alignleft size-full wp-image-23986\" src=\"http:\/\/www.bbyhaber.com\/bby\/wp-content\/uploads\/2018\/03\/kartal-54.kutuphane-haftasi-acilis-konusmasi.jpg\" alt=\"\" width=\"390\" height=\"180\" \/><\/a>T\u00fcrk K\u00fct\u00fcphaneciler Derne\u011fi Genel Ba\u015fkan\u0131 Ali Fuat Kartal 54.K\u00fct\u00fcphane Haftas\u0131 <\/strong>a\u00e7\u0131l\u0131\u015f konu\u015fmas\u0131 yapt\u0131<strong>.<\/strong>\u00a0Kartal, h\u0131zl\u0131 bir k\u00fclt\u00fcrel de\u011fi\u015fimin ya\u015fand\u0131\u011f\u0131n\u0131n alt\u0131n\u0131 \u00e7izerken k\u00fclt\u00fcrde ya\u015fanan problemler kar\u015f\u0131s\u0131nda K\u00fclt\u00fcr Bakanl\u0131\u011f\u0131&#8217;n\u0131n \u00fczerine d\u00fc\u015fen g\u00f6revlerin ne \u00f6l\u00e7\u00fcde yap\u0131l\u0131p yap\u0131lmad\u0131\u011f\u0131n\u0131 hat\u0131rlatt\u0131 ve benzerlerinin e\u011fitimde de g\u00f6r\u00fcld\u00fc\u011f\u00fcn\u00fc ifade etti.<!--more--><\/p>\n<p>&#8220;E\u011fitim sistemimiz; \u00f6zg\u00fcr ve yarat\u0131c\u0131 d\u00fc\u015f\u00fcnceyi benimseyen bireylerin yerine, taklit\u00e7i, okudu\u011funu anlamakta zorlanan ve \u015fabloncu bireyler yeti\u015ftirir duruma gelmi\u015ftir. \u00dclkemizde ara\u015ft\u0131ran, d\u00fc\u015f\u00fcnen, tasarlayan ve yaratan insanlar geri plana itilirken, haz\u0131r buldu\u011fu her \u015feyle yetinen ki\u015filer muteber konuma gelmi\u015flerdir. B\u00f6ylece Anadolu&#8217;nun \u00e7e\u015fitli k\u00fclt\u00fcr gruplar\u0131n\u0131n yaratt\u0131\u011f\u0131 k\u00fclt\u00fcrel zenginlik son y\u0131llarda giderek zay\u0131flam\u0131\u015f ve yoksulla\u015fm\u0131\u015ft\u0131r. Oysa bu renkler \u00fclkemizin vazge\u00e7ilmez zenginli\u011fidir&#8221; diyen Kartal, k\u00fct\u00fcphanelerin k\u00fclt\u00fcrel hayata kat\u0131l\u0131m\u0131 ve yarat\u0131c\u0131l\u0131\u011f\u0131 destekleyerek, k\u00fclt\u00fcrel miras\u0131n yarat\u0131lmas\u0131, korunmas\u0131 ve gelecek nesillere aktar\u0131lmas\u0131 ba\u011flam\u0131nda toplumsal g\u00f6rev ve sorumlulu\u011fa sahip oldu\u011funu vurgulad\u0131.<\/p>\n<p>T\u00fcrkiye\u2019de \u0130nternet kullan\u0131m oran\u0131n\u0131n %69,6&#8217;ya \u00e7\u0131kmas\u0131n\u0131n genelde k\u00fct\u00fcphanelerin \u00f6zelde de halk k\u00fct\u00fcphanelerinin hizmetlerini etkiledi\u011fini s\u00f6yleyen Kartal, &#8220;Bu veriler g\u00f6z \u00f6n\u00fcne al\u0131nd\u0131\u011f\u0131nda, \u00f6zellikle yediden yetmi\u015fe herkese \u00fccretsiz hizmet veren halk k\u00fct\u00fcphaneleri g\u00f6rev ve sorumluluklar\u0131n\u0131, halk\u0131n de\u011fi\u015fen gereksinimlerine g\u00f6re yeniden de\u011ferlendirerek, bilgiye eri\u015fim i\u00e7in yeni becerileri bireylere kazand\u0131rma sorumlulu\u011funu yerine getirmek durumundad\u0131rlar. Zira halk k\u00fct\u00fcphaneleri dijital \u00f6\u011frenme ile klasik \u00f6\u011frenme y\u00f6ntemi aras\u0131nda k\u00f6pr\u00fc kurmak i\u00e7in en ideal yerlerdir. \u00d6te yandan Avrupa\u2019n\u0131n bir\u00e7ok \u00fclkesinde halk k\u00fct\u00fcphaneleri sadece kitap \u00f6d\u00fcn\u00e7 alma yerleri olmaktan \u00e7oktan \u00e7\u0131k\u0131p, \u00f6\u011frenme merkezlerine d\u00f6n\u00fc\u015fmeye ba\u015flad\u0131. Nitekim IFLA 2013 E\u011filim Raporunda k\u00fct\u00fcphanecilik mesle\u011finin bug\u00fcnlerde y\u00fcz y\u00fcze kald\u0131\u011f\u0131 en \u00f6nemli sorunu, \u201ck\u00fct\u00fcphanecilik mesle\u011finin de\u011fi\u015fen bilgi ortam\u0131na nas\u0131l uyum sa\u011flay\u0131p geli\u015fece\u011fi\u201d olarak belirlemi\u015ftir&#8221; dedi.<\/p>\n<p>3-5 Mart 2017 tarihleri aras\u0131nda d\u00fczenlenen III. Mill\u00ee K\u00fclt\u00fcr \u015e\u00fbras\u0131\u2019n\u0131n \u015e\u00fbra Sonu\u00e7 Raporuna at\u0131fa bulunan Kartal, s\u00f6zlerine \u015f\u00f6yle devam etti:<\/p>\n<p>&#8220;Raporun K\u00fct\u00fcphanecilik ve Yay\u0131nc\u0131l\u0131k Komisyon Raporu \u015fu \u015fekilde ba\u015fl\u0131yor; &#8216;K\u00fct\u00fcphanecilik ve Yay\u0131nc\u0131l\u0131k Komisyonu tart\u0131\u015fmadan uzak m\u00fczakereci bir atmosferde T\u00fcrk yay\u0131nc\u0131l\u0131\u011f\u0131n\u0131n ve k\u00fct\u00fcphanecili\u011finin kar\u015f\u0131la\u015ft\u0131\u011f\u0131 sorunlar\u0131 tespit etmi\u015f ve bunlara dair \u00f6nerilerini sunmu\u015ftur.&#8217; Evet, \u015e\u00fbra ilgili sivil toplum \u00f6rg\u00fctleri \u00e7a\u011fr\u0131lmadan, farkl\u0131 d\u00fc\u015f\u00fcncelere ihtiya\u00e7 duymadan, tart\u0131\u015fmadan uzak ba\u015far\u0131yla ger\u00e7ekle\u015ftirilmi\u015ftir!<\/p>\n<p>III. Mill\u00ee K\u00fclt\u00fcr \u015e\u00fbra\u2019s\u0131n\u0131n ard\u0131ndan yakla\u015f\u0131k bir y\u0131l sonra 22 \u015eubat 2018 tarihinde d\u00fczenlenen K\u00fclt\u00fcr ve Turizm Bakanl\u0131\u011f\u0131 K\u00fclt\u00fcr Sanat \u00d6zel \u00d6d\u00fclleri t\u00f6reninde konu\u015fan Cumhurba\u015fkan\u0131 Say\u0131n Erdo\u011fan; \u201ce\u011fitim-\u00f6\u011fretim ve k\u00fclt\u00fcr konusunda niye nispeten geride kald\u0131\u011f\u0131m\u0131z konusunda hep hay\u0131flan\u0131yorum. Demek ki bir \u015feyleri eksik b\u0131rakm\u0131\u015f\u0131z.\u201d dedi. \u0130nsan, acaba e\u011fitim-\u00f6\u011fretim ve k\u00fclt\u00fcr konusunda da tart\u0131\u015fmadan uzak m\u00fczakereci bir yol izliyor olmam\u0131z\u0131n sonu\u00e7lar\u0131n\u0131 ya\u015f\u0131yor olabilir miyiz? Diye sormaktan kendini alam\u0131yor.T\u00fcrkiye Yay\u0131nc\u0131lar Birli\u011fi\u2019nin haz\u0131rlad\u0131\u011f\u0131 Haziran 2016 ile Haziran 2017 tarihleri aras\u0131na ait Yay\u0131mlama \u00d6zg\u00fcrl\u00fc\u011f\u00fc Raporu\u2019na g\u00f6re, kitaplarla ilgili ge\u00e7ti\u011fimiz y\u0131llardan al\u0131\u015f\u0131k oldu\u011fumuz, kitaplar\u0131n yasaklanmas\u0131, toplat\u0131lmas\u0131, sans\u00fcrlenmesi, su\u00e7 delili say\u0131lmas\u0131n\u0131n yan \u0131s\u0131ra yay\u0131nevlerine ve kitapevlerine sald\u0131r\u0131lar gibi manzaralar\u0131 yeniden ya\u015far olduk.<\/p>\n<p>\u00d6te yandan d\u00fcnyan\u0131n en b\u00fcy\u00fck internet ansiklopedisi Wikipedia\u2019n\u0131n kapat\u0131lmas\u0131 ve sosyal medya sans\u00fcrleri ile T\u00fcrkiye\u2019nin bilgi edinme \u00f6zg\u00fcrl\u00fc\u011f\u00fc alan\u0131nda ya\u015fad\u0131\u011f\u0131 sorunlardan bir an \u00f6nce kurtulmas\u0131 en b\u00fcy\u00fck temennimizdir&#8221;<\/p>\n<p>1137 halk k\u00fct\u00fcphanesinin 126 tanesi halen personel yoklu\u011fu ya da farkl\u0131 nedenler ile kapal\u0131 oldu\u011funu s\u00f6yleyen Kartal, &#8220;Bug\u00fcn T\u00fcrkiye\u2019nin 81 il ve 957 il\u00e7esinde 1137 halk k\u00fct\u00fcphanesi var. Bunlardan 126 tanesi halen personel yoklu\u011fu ya da farkl\u0131 nedenler ile kapal\u0131 durumdad\u0131r. 957 il\u00e7emizin maalesef 121\u2019inde k\u00fct\u00fcphane bulunmuyor. Bu 121 il\u00e7ede ya\u015fayan yakla\u015f\u0131k on bir milyon (10.925 890) vatanda\u015f\u0131m\u0131z k\u00fct\u00fcphane kavram\u0131ndan uzak ya\u015f\u0131yor. Yani on bir milyon ki\u015finin g\u00fcnl\u00fck ya\u015fam\u0131nda \u201chadi k\u00fct\u00fcphaneye gidelim\u201d diye bir s\u00f6z yok. Oysa k\u00fct\u00fcphanecilik mesle\u011finin g\u00f6rev alanlar\u0131ndan biri de, b\u00fcy\u00fck kentlerin d\u0131\u015f\u0131nda ya\u015fayan insanlara da k\u00fct\u00fcphane hizmetleri sunmakt\u0131r. Bu ba\u011flamda gezici k\u00fct\u00fcphane konusuna bir kez daha dikkat \u00e7ekmek istiyorum. \u00dclkemizin n\u00fcfus say\u0131s\u0131n\u0131 ve co\u011frafi geni\u015fli\u011fini g\u00f6z \u00f6n\u00fcne ald\u0131\u011f\u0131m\u0131zda, gezici k\u00fct\u00fcphane say\u0131s\u0131n\u0131n art\u0131r\u0131lmas\u0131 ve k\u00fct\u00fcphanesi olmayan yerlere gezici k\u00fct\u00fcphane ile hizmet g\u00f6t\u00fcr\u00fclmesi son derece \u00f6nem arz etmektedir&#8221; dedi.<\/p>\n<p>K\u00fct\u00fcphanecilerin istihdam sorununa da de\u011finen Kartal, &#8220;Tabii ki bu durumu T\u00fcrkiye&#8217;nin genel i\u015fsizlik sorunundan ba\u011f\u0131ms\u0131z de\u011ferlendirmek m\u00fcmk\u00fcn de\u011fildir. Ancak son zamanlarda \u00f6zellikle dikkatimi \u00e7eken bir konuyu sizinle payla\u015fmak istiyorum. Hem \u00f6zel k\u00fct\u00fcphaneler hem de kamu k\u00fct\u00fcphaneleri eleman ihtiya\u00e7lar\u0131 oldu\u011fu halde i\u015flerini yayg\u0131n bir \u015fekilde ihale ederek yapmaya \u00e7al\u0131\u015f\u0131yorlar. Bu durum istidam sorunu yaratman\u0131n yan\u0131 s\u0131ra, emek s\u00f6m\u00fcr\u00fcs\u00fcn\u00fc de beraberinde getirmektedir&#8221; dedi.<\/p>\n<p><a href=\"https:\/\/www.birgun.net\/\" target=\"_blank\" rel=\"noopener\">Kaynak<\/a><\/p>\n","protected":false},"excerpt":{"rendered":"<p>T\u00fcrk K\u00fct\u00fcphaneciler Derne\u011fi Genel Ba\u015fkan\u0131 Ali Fuat Kartal 54.K\u00fct\u00fcphane Haftas\u0131 a\u00e7\u0131l\u0131\u015f konu\u015fmas\u0131 yapt\u0131.\u00a0Kartal, h\u0131zl\u0131 bir k\u00fclt\u00fcrel de\u011fi\u015fimin ya\u015fand\u0131\u011f\u0131n\u0131n alt\u0131n\u0131 \u00e7izerken k\u00fclt\u00fcrde ya\u015fanan problemler kar\u015f\u0131s\u0131nda K\u00fclt\u00fcr Bakanl\u0131\u011f\u0131&#8217;n\u0131n \u00fczerine d\u00fc\u015fen g\u00f6revlerin ne \u00f6l\u00e7\u00fcde yap\u0131l\u0131p yap\u0131lmad\u0131\u011f\u0131n\u0131 hat\u0131rlatt\u0131 ve benzerlerinin e\u011fitimde de g\u00f6r\u00fcld\u00fc\u011f\u00fcn\u00fc ifade etti.<\/p>\n","protected":false},"author":1,"featured_media":23986,"comment_status":"open","ping_status":"open","sticky":false,"template":"","format":"standard","meta":{"footnotes":""},"categories":[1524,1474],"tags":[1461],"class_list":["post-23985","post","type-post","status-publish","format-standard","has-post-thumbnail","hentry","category-54-kutuphane-haftasi","category-ali-fuat-kartal","tag-kutuphane-haftasi"],"_links":{"self":[{"href":"https:\/\/www.bbyhaber.com\/bby\/wp-json\/wp\/v2\/posts\/23985"}],"collection":[{"href":"https:\/\/www.bbyhaber.com\/bby\/wp-json\/wp\/v2\/posts"}],"about":[{"href":"https:\/\/www.bbyhaber.com\/bby\/wp-json\/wp\/v2\/types\/post"}],"author":[{"embeddable":true,"href":"https:\/\/www.bbyhaber.com\/bby\/wp-json\/wp\/v2\/users\/1"}],"replies":[{"embeddable":true,"href":"https:\/\/www.bbyhaber.com\/bby\/wp-json\/wp\/v2\/comments?post=23985"}],"version-history":[{"count":4,"href":"https:\/\/www.bbyhaber.com\/bby\/wp-json\/wp\/v2\/posts\/23985\/revisions"}],"predecessor-version":[{"id":23990,"href":"https:\/\/www.bbyhaber.com\/bby\/wp-json\/wp\/v2\/posts\/23985\/revisions\/23990"}],"wp:featuredmedia":[{"embeddable":true,"href":"https:\/\/www.bbyhaber.com\/bby\/wp-json\/wp\/v2\/media\/23986"}],"wp:attachment":[{"href":"https:\/\/www.bbyhaber.com\/bby\/wp-json\/wp\/v2\/media?parent=23985"}],"wp:term":[{"taxonomy":"category","embeddable":true,"href":"https:\/\/www.bbyhaber.com\/bby\/wp-json\/wp\/v2\/categories?post=23985"},{"taxonomy":"post_tag","embeddable":true,"href":"https:\/\/www.bbyhaber.com\/bby\/wp-json\/wp\/v2\/tags?post=23985"}],"curies":[{"name":"wp","href":"https:\/\/api.w.org\/{rel}","templated":true}]}}