{"id":23952,"date":"2018-03-23T13:01:50","date_gmt":"2018-03-23T10:01:50","guid":{"rendered":"http:\/\/www.bbyhaber.com\/bby\/?p=23952"},"modified":"2018-03-23T13:01:50","modified_gmt":"2018-03-23T10:01:50","slug":"turk-kutuphaneciler-dernegi-54-kutuphane-haftasi-programi","status":"publish","type":"post","link":"https:\/\/www.bbyhaber.com\/bby\/2018\/03\/23\/turk-kutuphaneciler-dernegi-54-kutuphane-haftasi-programi","title":{"rendered":"T\u00fcrk K\u00fct\u00fcphaneciler Derne\u011fi 54. K\u00fct\u00fcphane Haftas\u0131 Program\u0131"},"content":{"rendered":"<p><a href=\"http:\/\/www.bbyhaber.com\/bby\/wp-content\/uploads\/2018\/03\/54.TKD-2a-compressor.jpg\"><img loading=\"lazy\" decoding=\"async\" class=\"alignleft size-medium wp-image-23954\" src=\"http:\/\/www.bbyhaber.com\/bby\/wp-content\/uploads\/2018\/03\/54.TKD-2a-compressor-212x300.jpg\" alt=\"\" width=\"212\" height=\"300\" srcset=\"https:\/\/www.bbyhaber.com\/bby\/wp-content\/uploads\/2018\/03\/54.TKD-2a-compressor-212x300.jpg 212w, https:\/\/www.bbyhaber.com\/bby\/wp-content\/uploads\/2018\/03\/54.TKD-2a-compressor-768x1086.jpg 768w, https:\/\/www.bbyhaber.com\/bby\/wp-content\/uploads\/2018\/03\/54.TKD-2a-compressor-724x1024.jpg 724w, https:\/\/www.bbyhaber.com\/bby\/wp-content\/uploads\/2018\/03\/54.TKD-2a-compressor.jpg 842w\" sizes=\"(max-width: 212px) 100vw, 212px\" \/><\/a>54. K\u00fct\u00fcphane Haftas\u0131 Program\u0131<br \/>\nTEMA: K\u00fclt\u00fcrel De\u011fi\u015fim ve K\u00fct\u00fcphaneler<br \/>\n26 Mart Pazartesi<br \/>\n10:30 A\u00e7\u0131l\u0131\u015f Konu\u015fmalar\u0131<br \/>\nNil\u00fcfer Saros (\u00dcNAK Ba\u015fkan\u0131)<br \/>\nAli Fuat Kartal (TKD Genel Ba\u015fkan\u0131)<br \/>\n11:00-12:00 A\u00e7\u0131l\u0131\u015f Konferans\u0131<br \/>\nTan\u0131l Bora (Yazar)<br \/>\n12:00 \u00d6d\u00fcl T\u00f6renleri<br \/>\n14:00 KONFERANS: K\u00fclt\u00fcrleraras\u0131 K\u00fct\u00fcphanecilik<br \/>\nGabriele Cesero\u011flu (K\u00f6ln \u015eehir K\u00fct\u00fcphanesi K\u00fclt\u00fcrleraras\u0131 K\u00fct\u00fcphanecilik Koordinat\u00f6r\u00fc)<br \/>\n14:30 PANEL: Yerel D\u00f6n\u00fc\u015f\u00fcm K\u00fcresel Eri\u015fim: Herkes i\u00e7in K\u00fct\u00fcphane (H\u0130K) Projesi<br \/>\nY\u00f6netici: Prof.Dr. Mehmet Emin K\u00fc\u00e7\u00fck (H\u0130K Projesi Program Direkt\u00f6r\u00fc)<br \/>\nPanelistler:<br \/>\nProf. Dr. Ahmet \u00c7elik, H\u0130K Tan\u0131t\u0131m \u00c7al\u0131\u015fmalar\u0131 ve Etkisi<br \/>\nDo\u00e7. Dr. G\u00fclten Al\u0131r, H\u0130K E\u011fitim \u00c7al\u0131\u015fmalar\u0131 ve Etkisi<br \/>\nY\u00fck. M\u00fch. \u00dclk\u00fc Esra K\u00f6ro\u011flu, H\u0130K Bilgi ve \u0130leti\u015fim Teknolojileri \u00c7al\u0131\u015fmalar\u0131 ve Etkisi<br \/>\nProf. Dr. Mehmet Emin K\u00fc\u00e7\u00fck, H\u0130K Sa\u011fl\u0131k Platformu \u00c7al\u0131\u015fmalar\u0131 ve Etkisi<br \/>\nDr. G\u00fcleda Do\u011fan ve Dr. Zehra Ta\u015fk\u0131n, H\u0130K Etki De\u011ferlendirme \u00c7al\u0131\u015fmalar\u0131 ve Elde Edilen Erken<br \/>\nSonu\u00e7lar<br \/>\n_____________________________________________________________________________<br \/>\n27 Mart Sal\u0131<br \/>\n14:00 PANEL: \u00dcniversite K\u00fct\u00fcphaneleri Z Ku\u015fa\u011f\u0131na Haz\u0131r M\u0131?<br \/>\nY\u00f6netici: Do\u00e7.Dr. \u0130rem Soydal (Hacettepe \u00dcni. BBY B\u00f6l.)<br \/>\nPanelistler:<br \/>\nDr. Nermin \u00c7akmak (Mimarlar Odas\u0131 K\u00fct\u00fcphane Md.)<br \/>\nDr. \u00d6mer Dalk\u0131ran (Kastamonu \u00dcni. BBY B\u00f6l\u00fcm\u00fc)<br \/>\nZeynep Aykut (Bilkent \u00dcniversitesi)<br \/>\n__________________________________________________<br \/>\n28 Mart \u00c7ar\u015famba<br \/>\n14:00 PANEL: Yeni Nesil K\u00fct\u00fcphane Kullan\u0131c\u0131lar\u0131 ve Yeni Okur Gereksinimleri<br \/>\nY\u00f6netici: Prof.Dr. Umut Al (Hacettepe \u00dcni. BBY B\u00f6l.)<\/p>\n","protected":false},"excerpt":{"rendered":"<p>54. K\u00fct\u00fcphane Haftas\u0131 Program\u0131 TEMA: K\u00fclt\u00fcrel De\u011fi\u015fim ve K\u00fct\u00fcphaneler 26 Mart Pazartesi 10:30 A\u00e7\u0131l\u0131\u015f Konu\u015fmalar\u0131 Nil\u00fcfer Saros (\u00dcNAK Ba\u015fkan\u0131) Ali Fuat Kartal (TKD Genel Ba\u015fkan\u0131) 11:00-12:00 A\u00e7\u0131l\u0131\u015f Konferans\u0131 Tan\u0131l Bora (Yazar) 12:00 \u00d6d\u00fcl T\u00f6renleri 14:00 KONFERANS: K\u00fclt\u00fcrleraras\u0131 K\u00fct\u00fcphanecilik Gabriele Cesero\u011flu (K\u00f6ln \u015eehir K\u00fct\u00fcphanesi K\u00fclt\u00fcrleraras\u0131 K\u00fct\u00fcphanecilik Koordinat\u00f6r\u00fc) 14:30 PANEL: Yerel D\u00f6n\u00fc\u015f\u00fcm K\u00fcresel Eri\u015fim: Herkes i\u00e7in K\u00fct\u00fcphane [&hellip;]<\/p>\n","protected":false},"author":129,"featured_media":23954,"comment_status":"open","ping_status":"open","sticky":false,"template":"","format":"standard","meta":{"footnotes":""},"categories":[],"tags":[1461],"class_list":["post-23952","post","type-post","status-publish","format-standard","has-post-thumbnail","hentry","tag-kutuphane-haftasi"],"_links":{"self":[{"href":"https:\/\/www.bbyhaber.com\/bby\/wp-json\/wp\/v2\/posts\/23952"}],"collection":[{"href":"https:\/\/www.bbyhaber.com\/bby\/wp-json\/wp\/v2\/posts"}],"about":[{"href":"https:\/\/www.bbyhaber.com\/bby\/wp-json\/wp\/v2\/types\/post"}],"author":[{"embeddable":true,"href":"https:\/\/www.bbyhaber.com\/bby\/wp-json\/wp\/v2\/users\/129"}],"replies":[{"embeddable":true,"href":"https:\/\/www.bbyhaber.com\/bby\/wp-json\/wp\/v2\/comments?post=23952"}],"version-history":[{"count":1,"href":"https:\/\/www.bbyhaber.com\/bby\/wp-json\/wp\/v2\/posts\/23952\/revisions"}],"predecessor-version":[{"id":23955,"href":"https:\/\/www.bbyhaber.com\/bby\/wp-json\/wp\/v2\/posts\/23952\/revisions\/23955"}],"wp:featuredmedia":[{"embeddable":true,"href":"https:\/\/www.bbyhaber.com\/bby\/wp-json\/wp\/v2\/media\/23954"}],"wp:attachment":[{"href":"https:\/\/www.bbyhaber.com\/bby\/wp-json\/wp\/v2\/media?parent=23952"}],"wp:term":[{"taxonomy":"category","embeddable":true,"href":"https:\/\/www.bbyhaber.com\/bby\/wp-json\/wp\/v2\/categories?post=23952"},{"taxonomy":"post_tag","embeddable":true,"href":"https:\/\/www.bbyhaber.com\/bby\/wp-json\/wp\/v2\/tags?post=23952"}],"curies":[{"name":"wp","href":"https:\/\/api.w.org\/{rel}","templated":true}]}}