{"id":23937,"date":"2018-03-22T17:08:09","date_gmt":"2018-03-22T14:08:09","guid":{"rendered":"http:\/\/www.bbyhaber.com\/bby\/?p=23937"},"modified":"2018-03-22T17:31:16","modified_gmt":"2018-03-22T14:31:16","slug":"dokuz-eylul-universitesi-kutuphanesinde-cep-sinemasi-acildi","status":"publish","type":"post","link":"https:\/\/www.bbyhaber.com\/bby\/2018\/03\/22\/dokuz-eylul-universitesi-kutuphanesinde-cep-sinemasi-acildi","title":{"rendered":"Dokuz Eyl\u00fcl \u00dcniversitesi k\u00fct\u00fcphanesinde cep sinemas\u0131 a\u00e7\u0131ld\u0131"},"content":{"rendered":"<p><a href=\"http:\/\/www.bbyhaber.com\/bby\/wp-content\/uploads\/2018\/03\/DEUHABER-1-750x430.jpg\"><img loading=\"lazy\" decoding=\"async\" class=\"alignleft size-full wp-image-23939\" src=\"http:\/\/www.bbyhaber.com\/bby\/wp-content\/uploads\/2018\/03\/DEUHABER-1-750x430.jpg\" alt=\"\" width=\"390\" height=\"180\" \/><\/a>Dokuz Eyl\u00fcl \u00dcniversitesi (DE\u00dc) T\u0131naztepe yerle\u015fkesinde bulunan Merkez K\u00fct\u00fcphane i\u00e7erisine, \u00f6\u011frencilerin ve akademisyenlerin faydalanabilece\u011fi bir cep sinemas\u0131 a\u00e7\u0131ld\u0131. A\u00e7\u0131l\u0131\u015fta konu\u015fan DE\u00dc Rekt\u00f6r Vekili Prof. Dr. Erdal \u00c7elik, \u201cDokuz Eyl\u00fcl \u00dcniversitesi, ge\u00e7mi\u015finden ald\u0131\u011f\u0131 k\u00f6kl\u00fc miras\u0131 ile tam 36 y\u0131ld\u0131r, hayat\u0131n her alan\u0131nda ilkleri ve hizmetleri \u00fcreten \u00fclkemizin en b\u00fcy\u00fck y\u00fcksek\u00f6\u011fretim markas\u0131d\u0131r. Bizler de bu b\u00fcy\u00fck sorumlulu\u011fun bilinciyle yeni bir projeyi daha hayata ge\u00e7irmenin mutlulu\u011funu ya\u015f\u0131yoruz\u201d dedi.<!--more--><\/p>\n<p>Akademik e\u011fitimin ve bilimsel \u00e7al\u0131\u015fmalar\u0131n yan\u0131 s\u0131ra \u00f6\u011frencilere sosyal alanlarda da yenilikler haz\u0131rlayan Dokuz Eyl\u00fcl \u00dcniversitesi y\u00f6netimi, bir ilke daha imza att\u0131. Merkez k\u00fct\u00fcphane i\u00e7erisine, g\u00fcncel filmlerin izlenebildi\u011fi 25 ki\u015filik bir cep sinemas\u0131 a\u00e7\u0131ld\u0131. \u00d6\u011frenciler, cep sinemas\u0131n\u0131 \u00fcniversitenin internet sayfas\u0131ndan randevu olu\u015fturarak, ister grup halinde isterlerse bireysel olarak kullanabilecekler. \u00dcniversitelerin, sadece e\u011fitim veren, bilimsel ara\u015ft\u0131rmalar yapan ya da meslek kazand\u0131ran kurumlar olmad\u0131\u011f\u0131n\u0131 kaydeden DE\u00dc Rekt\u00f6r Vekili Prof. Dr. Erdal \u00c7elik, birey ve toplum hayat\u0131n\u0131 zenginle\u015ftiren projelere imza att\u0131klar\u0131n\u0131 s\u00f6yledi. \u00c7elik, \u201c\u00dcniversitemiz, k\u00fclt\u00fcrden sanata, spordan sosyal faaliyetlere kadar bir\u00e7ok alanda hizmet \u00fcreten, sosyal hayat\u0131n \u00f6nc\u00fcs\u00fc olan bir e\u011fitim kurumudur. Ge\u00e7mi\u015finden ald\u0131\u011f\u0131 k\u00f6kl\u00fc miras\u0131 ile tam 36 y\u0131ld\u0131r, hayat\u0131n her alan\u0131nda ilkleri ve hizmetleri \u00fcreten, \u00fclkemizin en b\u00fcy\u00fck y\u00fcksek\u00f6\u011fretim markas\u0131d\u0131r. Bizler de bu b\u00fcy\u00fck sorumlulu\u011fun bilinciyle yeni bir projeyi daha hayata ge\u00e7irmenin mutlulu\u011funu ya\u015f\u0131yoruz\u201d dedi.<\/p>\n<p><strong>\u00d6NEM VER\u0130YORUZ <\/strong><\/p>\n<p>Cep Sinemas\u0131n\u0131n, DE\u00dc\u2019n\u00fcn \u00f6\u011frencilerine y\u00f6nelik \u00f6zg\u00fcn hizmetlerden bir tanesi oldu\u011funu anlatan Prof. Dr. \u00c7elik, \u201cBa\u015fta \u00f6\u011frencilerimiz olmak \u00fczere akademik ve idari personelimizin keyifle zaman ge\u00e7irmesine; g\u00fcndemi takip etmesine ve sosyal \u00e7evrelerini geni\u015fletmesine katk\u0131 sa\u011flayacak bu giri\u015fim, ger\u00e7ekte Dokuz Eyl\u00fcl\u2019\u00fcn k\u00fclt\u00fcr sanat faaliyetlerine ne kadar \u00f6nem verdi\u011finin de bir g\u00f6stergesidir. Bu giri\u015fimin hayat bulmas\u0131nda eme\u011fi ge\u00e7en arkada\u015flar\u0131m\u0131za \u00e7ok te\u015fekk\u00fcr ediyoruz. Onlar\u0131n \u00e7abalar\u0131 bizleri daha \u00f6zg\u00fcn ve farkl\u0131 projeler yapmak i\u00e7in hem motive ediyor hem de bizleri daha da g\u00fc\u00e7lendiriyor. Sonu\u00e7ta hepimiz bu ailenin bir ferdi olarak en iyisini yapmaya ve birlikte ya\u015famaya gayret ediyoruz.\u00a0 Bunun i\u00e7in de son derece gururluyuz\u201d diye konu\u015ftu.<\/p>\n<p><a href=\"http:\/\/haber.deu.edu.tr\" target=\"_blank\" rel=\"noopener\">Kaynak<\/a><\/p>\n<p><a href=\"http:\/\/www.bbyhaber.com\/bby\/wp-content\/uploads\/2018\/03\/DEUHABER-5-750x430.jpg\"><img loading=\"lazy\" decoding=\"async\" class=\"alignleft size-full wp-image-23938\" src=\"http:\/\/www.bbyhaber.com\/bby\/wp-content\/uploads\/2018\/03\/DEUHABER-5-750x430.jpg\" alt=\"\" width=\"750\" height=\"430\" srcset=\"https:\/\/www.bbyhaber.com\/bby\/wp-content\/uploads\/2018\/03\/DEUHABER-5-750x430.jpg 750w, https:\/\/www.bbyhaber.com\/bby\/wp-content\/uploads\/2018\/03\/DEUHABER-5-750x430-300x172.jpg 300w\" sizes=\"(max-width: 750px) 100vw, 750px\" \/><\/a><\/p>\n","protected":false},"excerpt":{"rendered":"<p>Dokuz Eyl\u00fcl \u00dcniversitesi (DE\u00dc) T\u0131naztepe yerle\u015fkesinde bulunan Merkez K\u00fct\u00fcphane i\u00e7erisine, \u00f6\u011frencilerin ve akademisyenlerin faydalanabilece\u011fi bir cep sinemas\u0131 a\u00e7\u0131ld\u0131. A\u00e7\u0131l\u0131\u015fta konu\u015fan DE\u00dc Rekt\u00f6r Vekili Prof. Dr. Erdal \u00c7elik, \u201cDokuz Eyl\u00fcl \u00dcniversitesi, ge\u00e7mi\u015finden ald\u0131\u011f\u0131 k\u00f6kl\u00fc miras\u0131 ile tam 36 y\u0131ld\u0131r, hayat\u0131n her alan\u0131nda ilkleri ve hizmetleri \u00fcreten \u00fclkemizin en b\u00fcy\u00fck y\u00fcksek\u00f6\u011fretim markas\u0131d\u0131r. Bizler de bu b\u00fcy\u00fck sorumlulu\u011fun [&hellip;]<\/p>\n","protected":false},"author":1,"featured_media":23939,"comment_status":"open","ping_status":"open","sticky":false,"template":"","format":"standard","meta":{"footnotes":""},"categories":[],"tags":[1437],"class_list":["post-23937","post","type-post","status-publish","format-standard","has-post-thumbnail","hentry","tag-univ-arastirma-kutuphaneleri"],"_links":{"self":[{"href":"https:\/\/www.bbyhaber.com\/bby\/wp-json\/wp\/v2\/posts\/23937"}],"collection":[{"href":"https:\/\/www.bbyhaber.com\/bby\/wp-json\/wp\/v2\/posts"}],"about":[{"href":"https:\/\/www.bbyhaber.com\/bby\/wp-json\/wp\/v2\/types\/post"}],"author":[{"embeddable":true,"href":"https:\/\/www.bbyhaber.com\/bby\/wp-json\/wp\/v2\/users\/1"}],"replies":[{"embeddable":true,"href":"https:\/\/www.bbyhaber.com\/bby\/wp-json\/wp\/v2\/comments?post=23937"}],"version-history":[{"count":3,"href":"https:\/\/www.bbyhaber.com\/bby\/wp-json\/wp\/v2\/posts\/23937\/revisions"}],"predecessor-version":[{"id":23942,"href":"https:\/\/www.bbyhaber.com\/bby\/wp-json\/wp\/v2\/posts\/23937\/revisions\/23942"}],"wp:featuredmedia":[{"embeddable":true,"href":"https:\/\/www.bbyhaber.com\/bby\/wp-json\/wp\/v2\/media\/23939"}],"wp:attachment":[{"href":"https:\/\/www.bbyhaber.com\/bby\/wp-json\/wp\/v2\/media?parent=23937"}],"wp:term":[{"taxonomy":"category","embeddable":true,"href":"https:\/\/www.bbyhaber.com\/bby\/wp-json\/wp\/v2\/categories?post=23937"},{"taxonomy":"post_tag","embeddable":true,"href":"https:\/\/www.bbyhaber.com\/bby\/wp-json\/wp\/v2\/tags?post=23937"}],"curies":[{"name":"wp","href":"https:\/\/api.w.org\/{rel}","templated":true}]}}