{"id":23906,"date":"2018-03-13T12:56:14","date_gmt":"2018-03-13T09:56:14","guid":{"rendered":"http:\/\/www.bbyhaber.com\/bby\/?p=23906"},"modified":"2018-03-13T12:56:28","modified_gmt":"2018-03-13T09:56:28","slug":"81-ilde-kitap-okuyoruz-etkinligine-ankara-valiligi-onay-vermedi","status":"publish","type":"post","link":"https:\/\/www.bbyhaber.com\/bby\/2018\/03\/13\/81-ilde-kitap-okuyoruz-etkinligine-ankara-valiligi-onay-vermedi","title":{"rendered":"81 \u0130lde Kitap Okuyoruz etkinli\u011fine Ankara Valili\u011fi onay vermedi!"},"content":{"rendered":"<p style=\"font-weight: 400;\"><a href=\"http:\/\/www.bbyhaber.com\/bby\/wp-content\/uploads\/2018\/03\/okuma-etkinligi-valilik-engeli.jpg\"><img loading=\"lazy\" decoding=\"async\" class=\"alignleft size-full wp-image-23907\" src=\"http:\/\/www.bbyhaber.com\/bby\/wp-content\/uploads\/2018\/03\/okuma-etkinligi-valilik-engeli.jpg\" alt=\"\" width=\"390\" height=\"180\" \/><\/a>6 y\u0131ld\u0131r K\u00fct\u00fcphane Haftas\u0131&#8217;nda \u015fehir merkezlerinde kitap okuyoruz etkinli\u011fi d\u00fczenlenmekte ve t\u00fcm halk ayn\u0131 anda bu etkinli\u011fe kat\u0131l\u0131m g\u00f6stermektedir. Bu y\u0131l 7.si d\u00fczenlenecek olan <strong>81\u00a0\u0130lde Kitap Okuyoruz <\/strong>etkinli\u011finin Ankara organizasyonuna Ankara Valili\u011fi taraf\u0131ndan onay verilmedi\u011fi bildirildi. Konuyla ilgili TKD Ba\u015fkan\u0131 Ali Fuat KARTAL;\u00a0\u00a0<!--more--><\/p>\n<p style=\"font-weight: 400;\">&#8220;Bildi\u011finiz gibi T\u00fcrk K\u00fct\u00fcphaneciler Derne\u011fi olarak, halk\u0131m\u0131z\u0131n kitap ve k\u00fct\u00fcphaneye ilgisini artt\u0131rmak, okuma al\u0131\u015fkanl\u0131\u011f\u0131 ve okuma k\u00fclt\u00fcr\u00fc konusunda fark\u0131ndal\u0131k yaratmak amac\u0131yla, 6 y\u0131ld\u0131r K\u00fct\u00fcphane Haftalar\u0131nda halk\u0131m\u0131zla birlikte, \u015fehir merkezlerinde kitap okuyoruz. 2012 y\u0131l\u0131nda ba\u015flatt\u0131\u011f\u0131m\u0131z ve geleneksel olarak her y\u0131l k\u00fct\u00fcphane haftas\u0131 kapsam\u0131nda tekrarlad\u0131\u011f\u0131m\u0131z\u00a0<strong>\u201c81\u00a0\u0130lde Kitap Okuyoruz\u201d<\/strong>\u00a0okuma etkinli\u011finin bu sene 7.cisini yap\u0131lacakt\u0131r. Ancak etkinli\u011fin yap\u0131labilmesi i\u00e7in Valiliklerin izini gerekmektedir. Bu sene t\u00fcm yurt genelinde 28 Mart 2018 \u00c7ar\u015famba g\u00fcn\u00fc 12.30-13.00 saatleri aras\u0131nda yap\u0131lacak olan etkinlik, Ankara\u2019da Abdi \u0130pek\u00e7i Park\u0131nda yap\u0131lacakt\u0131. Ancak Ankara Valili\u011fi g\u00fcvenlik gerek\u00e7esiyle etkinli\u011fin yap\u0131lmas\u0131na izin vermemi\u015ftir. Bu nedenle bu sene\u00a0<strong>Ankara\u2019da okuma etkinli\u011fi yap\u0131lamayacakt\u0131r.<\/strong>&#8221; bilgisini payla\u015ft\u0131.<\/p>\n","protected":false},"excerpt":{"rendered":"<p>6 y\u0131ld\u0131r K\u00fct\u00fcphane Haftas\u0131&#8217;nda \u015fehir merkezlerinde kitap okuyoruz etkinli\u011fi d\u00fczenlenmekte ve t\u00fcm halk ayn\u0131 anda bu etkinli\u011fe kat\u0131l\u0131m g\u00f6stermektedir. Bu y\u0131l 7.si d\u00fczenlenecek olan 81\u00a0\u0130lde Kitap Okuyoruz etkinli\u011finin Ankara organizasyonuna Ankara Valili\u011fi taraf\u0131ndan onay verilmedi\u011fi bildirildi. Konuyla ilgili TKD Ba\u015fkan\u0131 Ali Fuat KARTAL;\u00a0\u00a0<\/p>\n","protected":false},"author":1,"featured_media":23907,"comment_status":"open","ping_status":"open","sticky":false,"template":"","format":"standard","meta":{"footnotes":""},"categories":[1524,1496],"tags":[1461],"class_list":["post-23906","post","type-post","status-publish","format-standard","has-post-thumbnail","hentry","category-54-kutuphane-haftasi","category-kitap-okuma-etkinligi","tag-kutuphane-haftasi"],"_links":{"self":[{"href":"https:\/\/www.bbyhaber.com\/bby\/wp-json\/wp\/v2\/posts\/23906"}],"collection":[{"href":"https:\/\/www.bbyhaber.com\/bby\/wp-json\/wp\/v2\/posts"}],"about":[{"href":"https:\/\/www.bbyhaber.com\/bby\/wp-json\/wp\/v2\/types\/post"}],"author":[{"embeddable":true,"href":"https:\/\/www.bbyhaber.com\/bby\/wp-json\/wp\/v2\/users\/1"}],"replies":[{"embeddable":true,"href":"https:\/\/www.bbyhaber.com\/bby\/wp-json\/wp\/v2\/comments?post=23906"}],"version-history":[{"count":2,"href":"https:\/\/www.bbyhaber.com\/bby\/wp-json\/wp\/v2\/posts\/23906\/revisions"}],"predecessor-version":[{"id":23909,"href":"https:\/\/www.bbyhaber.com\/bby\/wp-json\/wp\/v2\/posts\/23906\/revisions\/23909"}],"wp:featuredmedia":[{"embeddable":true,"href":"https:\/\/www.bbyhaber.com\/bby\/wp-json\/wp\/v2\/media\/23907"}],"wp:attachment":[{"href":"https:\/\/www.bbyhaber.com\/bby\/wp-json\/wp\/v2\/media?parent=23906"}],"wp:term":[{"taxonomy":"category","embeddable":true,"href":"https:\/\/www.bbyhaber.com\/bby\/wp-json\/wp\/v2\/categories?post=23906"},{"taxonomy":"post_tag","embeddable":true,"href":"https:\/\/www.bbyhaber.com\/bby\/wp-json\/wp\/v2\/tags?post=23906"}],"curies":[{"name":"wp","href":"https:\/\/api.w.org\/{rel}","templated":true}]}}