{"id":2385,"date":"2012-02-01T17:23:09","date_gmt":"2012-02-01T17:23:09","guid":{"rendered":"http:\/\/www.bbyhaber.com\/bby\/?p=2385"},"modified":"2013-01-14T13:15:54","modified_gmt":"2013-01-14T11:15:54","slug":"amasya-beyazit-yazma-eser-kutuphanesi","status":"publish","type":"post","link":"https:\/\/www.bbyhaber.com\/bby\/2012\/02\/01\/amasya-beyazit-yazma-eser-kutuphanesi","title":{"rendered":"Amasya Beyazit Yazma Eser K\u00fct\u00fcphanesi"},"content":{"rendered":"<p style=\"text-align: justify;\">Amasya Beyazit Yazma Eser K\u00fct\u00fcphanesi M\u00fcd\u00fcr\u00fc Yunis Kahraman, &#8220;Amasya&#8217;n\u0131n, \u00f6zellikle k\u00fclt\u00fcrturizmine \u00f6nemli katk\u0131 sa\u011flayaca\u011f\u0131z&#8221; dedi. Kahraman, AA muhabirine yapt\u0131\u011f\u0131 a\u00e7\u0131klamada, Amasya&#8217;n\u0131n yazma ve basma eserler bak\u0131mdan iyi bir yerde oldu\u011funu kaydetti. K\u00fclt\u00fcr ve Turizm Bakanl\u0131\u011f\u0131 b\u00fcnyesinde T\u00fcrkiye Yazma Eserler Kurumu Ba\u015fkanl\u0131\u011f\u0131 kuruldu\u011funu an\u0131msatan Kahraman bu kapsamda \u0130stanbul, Ankara ve Konya olmak \u00fczere \u00fc\u00e7 b\u00f6lge m\u00fcd\u00fcrl\u00fck olu\u015fturuldu\u011funu ve bu b\u00f6lgelere 15 k\u00fct\u00fcphane ba\u011fland\u0131\u011f\u0131n\u0131, Amasya&#8217;n\u0131n da bu 15 k\u00fct\u00fcphaneden biri oldu\u011funu s\u00f6yledi.<!--more--><\/p>\n<p style=\"text-align: justify;\">Yurt i\u00e7i ve yurt d\u0131\u015f\u0131ndaki eserlerin ba\u011f\u0131\u015f ve sat\u0131n alma yolu ile k\u00fct\u00fcphaneye kazand\u0131r\u0131lmas\u0131 i\u00e7in \u00e7e\u015fitli \u00e7al\u0131\u015fmalar yapacaklar\u0131n\u0131 ifade eden Kahraman, &#8220;Kom\u015fu illerden eserler temin ederek b\u00f6lgemizdeki zenginlikleri k\u00fct\u00fcphanemizde sunaca\u011f\u0131z. Amasya&#8217;n\u0131n \u00f6zellikle k\u00fclt\u00fcr turizmine \u00f6nemli katk\u0131 sa\u011flayaca\u011f\u0131z. \u00c7al\u0131nan ve \u00e7e\u015fitli yollarla yurt d\u0131\u015f\u0131na ka\u00e7\u0131r\u0131larak m\u00fczayedelerde sat\u0131lmak istenen eserleri takip edece\u011fiz&#8221; \u015feklinde konu\u015ftu.<\/p>\n<p style=\"text-align: justify;\">Amasya Beyazit \u0130l Halk K\u00fct\u00fcphanesi b\u00fcnyesinde olu\u015fturulan Amasya Beyazit Yazma Eser K\u00fct\u00fcphanesi&#8217;nde 2010 verilerine g\u00f6re, 2 bin 492 el yazmas\u0131, 3 bin 992 ise basma eser bulundu\u011funu kaydeden Kahraman, k\u0131sa s\u00fcre \u00f6nce g\u00f6reve ba\u015flad\u0131\u011f\u0131n\u0131 ve s\u00f6z konusu eserlerin devir ve say\u0131m i\u015flemlerinin hala s\u00fcrd\u00fc\u011f\u00fcn\u00fc belirtti.<\/p>\n<p style=\"text-align: justify;\">Tokat \u0130l K\u00fclt\u00fcr ve Turizm M\u00fcd\u00fcr Yard\u0131mc\u0131l\u0131\u011f\u0131 g\u00f6revini s\u00fcrd\u00fcr\u00fcrken Amasya Beyazit Yazma Eser K\u00fct\u00fcphane M\u00fcd\u00fcr\u00fc olarak atand\u0131\u011f\u0131n\u0131 hat\u0131rlatan Kahraman, kentte g\u00fczel hizmetler hayata ge\u00e7irmeyi istedi\u011fini de s\u00f6zlerine ekledi.<\/p>\n<p style=\"text-align: justify;\">Kaynak: http:\/\/www.sondakika.com<\/p>\n","protected":false},"excerpt":{"rendered":"<p>Amasya Beyazit Yazma Eser K\u00fct\u00fcphanesi M\u00fcd\u00fcr\u00fc Yunis Kahraman, &#8220;Amasya&#8217;n\u0131n, \u00f6zellikle k\u00fclt\u00fcrturizmine \u00f6nemli katk\u0131 sa\u011flayaca\u011f\u0131z&#8221; dedi. Kahraman, AA muhabirine yapt\u0131\u011f\u0131 a\u00e7\u0131klamada, Amasya&#8217;n\u0131n yazma ve basma eserler bak\u0131mdan iyi bir yerde oldu\u011funu kaydetti. K\u00fclt\u00fcr ve Turizm Bakanl\u0131\u011f\u0131 b\u00fcnyesinde T\u00fcrkiye Yazma Eserler Kurumu Ba\u015fkanl\u0131\u011f\u0131 kuruldu\u011funu an\u0131msatan Kahraman bu kapsamda \u0130stanbul, Ankara ve Konya olmak \u00fczere \u00fc\u00e7 b\u00f6lge m\u00fcd\u00fcrl\u00fck [&hellip;]<\/p>\n","protected":false},"author":1,"featured_media":0,"comment_status":"open","ping_status":"open","sticky":false,"template":"","format":"standard","meta":{"footnotes":""},"categories":[1500,1509],"tags":[1096,438,1441],"class_list":["post-2385","post","type-post","status-publish","format-standard","hentry","category-nadir-eserler","category-yazma-eserler","tag-arsivcilik","tag-el-yazmalari","tag-yazma-eser-kutuphaneleri"],"_links":{"self":[{"href":"https:\/\/www.bbyhaber.com\/bby\/wp-json\/wp\/v2\/posts\/2385"}],"collection":[{"href":"https:\/\/www.bbyhaber.com\/bby\/wp-json\/wp\/v2\/posts"}],"about":[{"href":"https:\/\/www.bbyhaber.com\/bby\/wp-json\/wp\/v2\/types\/post"}],"author":[{"embeddable":true,"href":"https:\/\/www.bbyhaber.com\/bby\/wp-json\/wp\/v2\/users\/1"}],"replies":[{"embeddable":true,"href":"https:\/\/www.bbyhaber.com\/bby\/wp-json\/wp\/v2\/comments?post=2385"}],"version-history":[{"count":0,"href":"https:\/\/www.bbyhaber.com\/bby\/wp-json\/wp\/v2\/posts\/2385\/revisions"}],"wp:attachment":[{"href":"https:\/\/www.bbyhaber.com\/bby\/wp-json\/wp\/v2\/media?parent=2385"}],"wp:term":[{"taxonomy":"category","embeddable":true,"href":"https:\/\/www.bbyhaber.com\/bby\/wp-json\/wp\/v2\/categories?post=2385"},{"taxonomy":"post_tag","embeddable":true,"href":"https:\/\/www.bbyhaber.com\/bby\/wp-json\/wp\/v2\/tags?post=2385"}],"curies":[{"name":"wp","href":"https:\/\/api.w.org\/{rel}","templated":true}]}}