{"id":2382,"date":"2012-02-01T17:15:54","date_gmt":"2012-02-01T17:15:54","guid":{"rendered":"http:\/\/www.bbyhaber.com\/bby\/?p=2382"},"modified":"2012-09-07T13:03:07","modified_gmt":"2012-09-07T10:03:07","slug":"kultursuzlestirilen-cahillesen-turkiye","status":"publish","type":"post","link":"https:\/\/www.bbyhaber.com\/bby\/2012\/02\/01\/kultursuzlestirilen-cahillesen-turkiye","title":{"rendered":"K\u00fclt\u00fcrs\u00fczle\u015ftirilen, cahille\u015fen T\u00fcrkiye"},"content":{"rendered":"<p style=\"text-align: justify;\">T\u00fcrkiye; dedikodular, yalanlar, f\u0131s\u0131lt\u0131lar, hurafeler, dogmalar, saplant\u0131l\u0131 d\u00fc\u015f\u00fcnceler, fikirler anaforuna kap\u0131lm\u0131\u015f durumda. Tv\u2019lerde s\u0131r\u0131tan belli tip siyaset\u00e7i, belli tip gazeteci, belli tip akademisyen konu\u015fuyor, konu\u015fturuluyor. Ekranlar ve gazete k\u00f6\u015feleri ve sayfalar\u0131 baz\u0131 ucubelerle dolu. Ger\u00e7ek d\u0131\u015f\u0131 k\u0131r\u0131nt\u0131 bilgilerle; her g\u00fcn kin kusuyorlar, s\u00f6yledikleri \u00e7eli\u015fkili ama ba\u011fl\u0131 olduklar\u0131 merkezlerin s\u00f6zc\u00fcl\u00fc\u011f\u00fcn\u00fc yap\u0131yorlar.<!--more--><\/p>\n<p style=\"text-align: justify;\">T\u00fcrk halk\u0131 ortalama 10 y\u0131lda bir kitap okuyor. Ge\u00e7en y\u0131lki rakamlara g\u00f6re; T\u00fcrkiye de toplam 45 \u00e7ocuk k\u00fct\u00fcphanesi, 14 yazma eser k\u00fct\u00fcphanesi ve 55 gezici k\u00fct\u00fcphane olmak \u00fczere toplam 1152 k\u00fct\u00fcphane olmas\u0131na kar\u015f\u0131l\u0131k Almanya da 10.531, \u0130ngiltere de 4.620, \u0130spanya da 5.209 k\u00fct\u00fcphane bulunuyor. T\u00fcrkiye\u2019deki k\u00fct\u00fcphanelerin 52 si \u00e7e\u015fitli nedenlerle kapal\u0131.<\/p>\n<p style=\"text-align: justify;\">T\u00fcrkiye\u2019deki k\u00fct\u00fcphanelerde 13 milyon kitap olmas\u0131na kar\u015f\u0131l\u0131k, Bulgaristan da 46 milyon, Rusya da 739 milyon, Almanya daki k\u00fct\u00fcphanelerde 104 milyon kitap mevcut.<\/p>\n<p style=\"text-align: justify;\">T\u00fcrkiye de k\u00fct\u00fcphanelere kay\u0131tl\u0131 \u00fcye say\u0131s\u0131 493 bin 500 iken, \u0130ran da 7 milyon, Fransa da 16 milyon, \u0130ngiltere de 35 milyon k\u00fct\u00fcphane \u00fcyesi bulunuyor.<\/p>\n<p style=\"text-align: justify;\">Almanya da 7 bin 500 ki\u015fiye 1 k\u00fct\u00fcphane d\u00fc\u015ferken, T\u00fcrkiye de 68 bin 500 ki\u015fiye 1 halk k\u00fct\u00fcphanesi d\u00fc\u015fmektedir. Almanya da halk k\u00fct\u00fcphanelerinde \u00e7al\u0131\u015fan k\u00fct\u00fcphaneci say\u0131s\u0131 8 bin 337, Fransa da 7 bin 88, \u0130ngiltere de 6 bin 978, \u0130spanya da 3 bin 794, T\u00fcrkiye de sadece 333 ki\u015fidir.<\/p>\n<p style=\"text-align: justify;\">Japonya da toplumun y\u00fczde 14 \u00fc, Amerika`da y\u00fczde 12 si, \u0130ngiltere ve Fransa da y\u00fczde 21 i d\u00fczenli kitap okurken, T\u00fcrkiye de yaln\u0131zca binde 1 ki\u015fi kitap okuyor.<\/p>\n<p style=\"text-align: justify;\">Bir Japon y\u0131lda ortalama 25, bir \u0130svi\u00e7reli y\u0131lda ortalama 10, bir Frans\u0131z y\u0131lda ortalama 7, bir T\u00fcrk ise 10 y\u0131lda ancak 1 kitap okuyor.<\/p>\n<p style=\"text-align: justify;\">T\u00fcrkiye kitap okuma konusunda \u00e7o\u011fu Afrika \u00fclkelerinin gerisinde kalm\u0131\u015f durumda. Birle\u015fmi\u015f Milletler \u0130nsani Geli\u015fim Raporu na g\u00f6re T\u00fcrkiye\u2019nin okuma al\u0131\u015fkanl\u0131\u011f\u0131nda Uganda, Tanzanya gibi \u00fclkelerin de bulundu\u011fu 173 \u00fclke aras\u0131nda 86 nc\u0131 s\u0131rada yer al\u0131yor.<\/p>\n<p style=\"text-align: justify;\">Bir y\u0131lda, ders kitaplar\u0131 hari\u00e7 Amerika&#8217;da 72 bin, Almanya&#8217;da 65 bin, Brezilya&#8217;da 13 bin, T\u00fcrkiye&#8217;de ise 6 bin 31 kitap yay\u0131mlan\u0131yor.<\/p>\n<p style=\"text-align: justify;\">AB \u00fclkelerinde y\u0131ll\u0131k kitap harcamas\u0131 500 dolarken T\u00fcrkiye&#8217;de 2 dolar.<\/p>\n<p style=\"text-align: justify;\">Rapora g\u00f6re; \u00f6\u011frencilerin ders kitaplar\u0131ndan ba\u015fka kitap okumad\u0131klar\u0131, hatta ders kitab\u0131 bile okumad\u0131klar\u0131 belirtiliyor. Gen\u00e7lik kitap okumuyor ama ne kadar \u015fa\u015f\u0131rt\u0131c\u0131d\u0131r ki her konuda iddias\u0131 ve bilgisi var.<\/p>\n<p style=\"text-align: justify;\">Halk; televizyon seyretmeyi, birka\u00e7 sark\u0131c\u0131n\u0131n \u00f6zel hayat\u0131n\u0131, dedikodular\u0131n\u0131 \u00f6\u011frenmeyi o kadar abartm\u0131\u015f ki, de\u011fil kitap okumay\u0131, ciddi televizyon programlar\u0131n\u0131 bile izlemiyor. Futbolcular\u0131n k\u00fcnyesini, sevgililerini ezbere bilen ama gazeteleri, kitaplar\u0131 yalan makinesi diye ifade eden halk\u0131m\u0131z var. \u00c7ocuklar\u0131n ve gen\u00e7lerin kitap okumamas\u0131n\u0131n en \u00f6nemli nedenini ailede kitap okuma gelene\u011finin olu\u015fmamas\u0131. \u0130\u015fte bunun i\u00e7in cahillerin pe\u015finde gidiliyor.<\/p>\n<p style=\"text-align: justify;\">Okumad\u0131\u011f\u0131 i\u00e7in; d\u00fcr\u00fcst ve yetenekli politikac\u0131lar\u0131, donan\u0131ml\u0131 ve liyakatl\u0131 y\u00f6neticileri se\u00e7emiyor.<\/p>\n<p style=\"text-align: justify;\">Okumad\u0131\u011f\u0131 i\u00e7in; hakk\u0131m\u0131z\u0131 aram\u0131yor, yanl\u0131\u015fl\u0131klara kar\u015f\u0131 hesap sormaya, sorgulamaya yetecek bilgi ve cesareti kendimizde bulam\u0131yor her \u015feyi kaba kuvvetle halletmeye \u00e7al\u0131\u015f\u0131yor. Okumad\u0131\u011f\u0131 i\u00e7in; trafikte ya\u015fanan kavgalar, kazalar ve can kay\u0131plar\u0131 eksik olmuyor.<\/p>\n<p style=\"text-align: justify;\">Okumad\u0131\u011f\u0131 i\u00e7in yolsuzluklara, haks\u0131zl\u0131klara sessiz kal\u0131yor, g\u00f6rmezden geliyor ve kimi zaman hak veriyor.<\/p>\n<p style=\"text-align: justify;\">Okumad\u0131\u011f\u0131 i\u00e7in; demokrasiyi, insan haklar\u0131n\u0131, \u00f6zg\u00fcrl\u00fc\u011f\u00fc, \u015feffafl\u0131\u011f\u0131, sayg\u0131y\u0131, erdemi ve insan olmay\u0131 yeterince ba\u015faram\u0131yor.<\/p>\n<p style=\"text-align: justify;\">Okumad\u0131\u011f\u0131 i\u00e7in; hurafelere, dogmalara, Arap hikayelerine, bat\u0131n\u0131n insanl\u0131k d\u0131\u015f\u0131 hayallerine daha fazla inan\u0131yor.<\/p>\n<p style=\"text-align: justify;\">G\u00fcn\u00fcn S\u00f6z\u00fc: Okumayan insan, \u00fcretken d\u00fc\u015f\u00fcnemez, bilgisini uygulayamaz.<\/p>\n<p style=\"text-align: justify;\">Nurullah AYDIN<\/p>\n<p style=\"text-align: justify;\">Kaynak: http:\/\/www.trakyanethaber.com\/<\/p>\n","protected":false},"excerpt":{"rendered":"<p>T\u00fcrkiye; dedikodular, yalanlar, f\u0131s\u0131lt\u0131lar, hurafeler, dogmalar, saplant\u0131l\u0131 d\u00fc\u015f\u00fcnceler, fikirler anaforuna kap\u0131lm\u0131\u015f durumda. Tv\u2019lerde s\u0131r\u0131tan belli tip siyaset\u00e7i, belli tip gazeteci, belli tip akademisyen konu\u015fuyor, konu\u015fturuluyor. Ekranlar ve gazete k\u00f6\u015feleri ve sayfalar\u0131 baz\u0131 ucubelerle dolu. Ger\u00e7ek d\u0131\u015f\u0131 k\u0131r\u0131nt\u0131 bilgilerle; her g\u00fcn kin kusuyorlar, s\u00f6yledikleri \u00e7eli\u015fkili ama ba\u011fl\u0131 olduklar\u0131 merkezlerin s\u00f6zc\u00fcl\u00fc\u011f\u00fcn\u00fc yap\u0131yorlar.<\/p>\n","protected":false},"author":1,"featured_media":0,"comment_status":"open","ping_status":"open","sticky":false,"template":"","format":"standard","meta":{"footnotes":""},"categories":[1],"tags":[],"class_list":["post-2382","post","type-post","status-publish","format-standard","hentry","category-genel"],"_links":{"self":[{"href":"https:\/\/www.bbyhaber.com\/bby\/wp-json\/wp\/v2\/posts\/2382"}],"collection":[{"href":"https:\/\/www.bbyhaber.com\/bby\/wp-json\/wp\/v2\/posts"}],"about":[{"href":"https:\/\/www.bbyhaber.com\/bby\/wp-json\/wp\/v2\/types\/post"}],"author":[{"embeddable":true,"href":"https:\/\/www.bbyhaber.com\/bby\/wp-json\/wp\/v2\/users\/1"}],"replies":[{"embeddable":true,"href":"https:\/\/www.bbyhaber.com\/bby\/wp-json\/wp\/v2\/comments?post=2382"}],"version-history":[{"count":0,"href":"https:\/\/www.bbyhaber.com\/bby\/wp-json\/wp\/v2\/posts\/2382\/revisions"}],"wp:attachment":[{"href":"https:\/\/www.bbyhaber.com\/bby\/wp-json\/wp\/v2\/media?parent=2382"}],"wp:term":[{"taxonomy":"category","embeddable":true,"href":"https:\/\/www.bbyhaber.com\/bby\/wp-json\/wp\/v2\/categories?post=2382"},{"taxonomy":"post_tag","embeddable":true,"href":"https:\/\/www.bbyhaber.com\/bby\/wp-json\/wp\/v2\/tags?post=2382"}],"curies":[{"name":"wp","href":"https:\/\/api.w.org\/{rel}","templated":true}]}}