{"id":23815,"date":"2018-03-01T11:48:47","date_gmt":"2018-03-01T08:48:47","guid":{"rendered":"http:\/\/www.bbyhaber.com\/bby\/?p=23815"},"modified":"2018-03-01T11:49:11","modified_gmt":"2018-03-01T08:49:11","slug":"kutuphaneciyim-muhendislik-bitirsem-zam-ve-tazminatim-degisir-mi","status":"publish","type":"post","link":"https:\/\/www.bbyhaber.com\/bby\/2018\/03\/01\/kutuphaneciyim-muhendislik-bitirsem-zam-ve-tazminatim-degisir-mi","title":{"rendered":"K\u00fct\u00fcphaneciyim, m\u00fchendislik bitirsem zam ve tazminat\u0131m de\u011fi\u015fir mi?"},"content":{"rendered":"<p><strong><a href=\"http:\/\/www.bbyhaber.com\/bby\/wp-content\/uploads\/2018\/03\/paralar.jpg\"><img loading=\"lazy\" decoding=\"async\" class=\"alignleft size-full wp-image-23816\" src=\"http:\/\/www.bbyhaber.com\/bby\/wp-content\/uploads\/2018\/03\/paralar.jpg\" alt=\"\" width=\"390\" height=\"180\" \/><\/a>Soru<\/strong><br \/>\n\u00dcniversitede THS&#8217;de k\u00fct\u00fcphaneci olarak \u00e7al\u0131\u015fan ki\u015fi \u00e7evre m\u00fchendisli\u011fini bitirmesi durumunda m\u00fchendis i\u00e7in belirlenmi\u015f olan zam ve tazminatlara g\u00f6re i\u015flem yap\u0131lmas\u0131 gerekir mi?<!--more--><\/p>\n<p><strong>Cevap<\/strong><br \/>\n57 say\u0131l\u0131 Kanunun 152. maddesinde zam ve tazminatlar d\u00fczenlenmi\u015ftir. Buna uygun olarak zam ve tazminat kararnamesi \u00e7\u0131kar\u0131lmaktad\u0131r.<\/p>\n<p>Devlet Memurlar\u0131na \u00d6denecek Zam ve Tazminatlara \u0130li\u015fkin Karar\u0131n 4\/e maddesi:<\/p>\n<p>&#8220;Kurumlar\u0131n teknik ve sa\u011fl\u0131k hizmetleri s\u0131n\u0131flar\u0131na ait kadrolar\u0131nda bulunanlardan, bulunduklar\u0131 hizmet s\u0131n\u0131flar\u0131na atan\u0131labilecek mesleki bir \u00fcst \u00f6\u011frenimi bitirenlere, cetvellerde ayr\u0131ca belirtilen istisnai durumlar hari\u00e7 olmak \u00fczere, kariyerleri (mesleki \u00fcst \u00f6\u011frenimleri) esas al\u0131narak zam ve tazminat \u00f6denir. Kadrolar\u0131 teknik ve sa\u011fl\u0131k hizmetleri s\u0131n\u0131flar\u0131nda bulunanlardan, bulunduklar\u0131 hizmet s\u0131n\u0131flar\u0131ndan bir kadroya atan\u0131lamayacak herhangi bir \u00fcst \u00f6\u011frenimi bitirenlere ise bitirdikleri \u00fcst \u00f6\u011frenimden dolay\u0131 zam ve tazminat \u00f6denmez.&#8221;<\/p>\n<p><strong>K\u00fct\u00fcphaneci ve m\u00fchendis kadrolar\u0131 teknik hizmetler s\u0131n\u0131f\u0131nda yer almaktad\u0131r. Ancak her ikisi de lisans \u00f6\u011frenimi gerektirdi\u011finden ortada \u00fcst \u00f6\u011frenim bulunmuyor. Bu nedenle m\u00fchendis kadrosunun tazminatlar\u0131ndan yararlanamayaca\u011f\u0131n\u0131z\u0131 d\u00fc\u015f\u00fcn\u00fcyoruz<\/strong>.<\/p>\n<p><a href=\"https:\/\/sorucevap.memurlar.net\" target=\"_blank\" rel=\"noopener\">Kaynak<\/a><\/p>\n","protected":false},"excerpt":{"rendered":"<p>Soru \u00dcniversitede THS&#8217;de k\u00fct\u00fcphaneci olarak \u00e7al\u0131\u015fan ki\u015fi \u00e7evre m\u00fchendisli\u011fini bitirmesi durumunda m\u00fchendis i\u00e7in belirlenmi\u015f olan zam ve tazminatlara g\u00f6re i\u015flem yap\u0131lmas\u0131 gerekir mi?<\/p>\n","protected":false},"author":1,"featured_media":23816,"comment_status":"open","ping_status":"open","sticky":false,"template":"","format":"standard","meta":{"footnotes":""},"categories":[],"tags":[1398,51,50],"class_list":["post-23815","post","type-post","status-publish","format-standard","has-post-thumbnail","hentry","tag-bby-ozluk-haklari","tag-teknik-kadro-kutuphaneci","tag-ths-kutuphaneci"],"_links":{"self":[{"href":"https:\/\/www.bbyhaber.com\/bby\/wp-json\/wp\/v2\/posts\/23815"}],"collection":[{"href":"https:\/\/www.bbyhaber.com\/bby\/wp-json\/wp\/v2\/posts"}],"about":[{"href":"https:\/\/www.bbyhaber.com\/bby\/wp-json\/wp\/v2\/types\/post"}],"author":[{"embeddable":true,"href":"https:\/\/www.bbyhaber.com\/bby\/wp-json\/wp\/v2\/users\/1"}],"replies":[{"embeddable":true,"href":"https:\/\/www.bbyhaber.com\/bby\/wp-json\/wp\/v2\/comments?post=23815"}],"version-history":[{"count":2,"href":"https:\/\/www.bbyhaber.com\/bby\/wp-json\/wp\/v2\/posts\/23815\/revisions"}],"predecessor-version":[{"id":23818,"href":"https:\/\/www.bbyhaber.com\/bby\/wp-json\/wp\/v2\/posts\/23815\/revisions\/23818"}],"wp:featuredmedia":[{"embeddable":true,"href":"https:\/\/www.bbyhaber.com\/bby\/wp-json\/wp\/v2\/media\/23816"}],"wp:attachment":[{"href":"https:\/\/www.bbyhaber.com\/bby\/wp-json\/wp\/v2\/media?parent=23815"}],"wp:term":[{"taxonomy":"category","embeddable":true,"href":"https:\/\/www.bbyhaber.com\/bby\/wp-json\/wp\/v2\/categories?post=23815"},{"taxonomy":"post_tag","embeddable":true,"href":"https:\/\/www.bbyhaber.com\/bby\/wp-json\/wp\/v2\/tags?post=23815"}],"curies":[{"name":"wp","href":"https:\/\/api.w.org\/{rel}","templated":true}]}}