{"id":23802,"date":"2018-02-28T22:19:11","date_gmt":"2018-02-28T19:19:11","guid":{"rendered":"http:\/\/www.bbyhaber.com\/bby\/?p=23802"},"modified":"2018-03-16T17:19:04","modified_gmt":"2018-03-16T14:19:04","slug":"ysk-lise-mezunu-arsiv-memuru-aliyor","status":"publish","type":"post","link":"https:\/\/www.bbyhaber.com\/bby\/2018\/02\/28\/ysk-lise-mezunu-arsiv-memuru-aliyor","title":{"rendered":"YSK Lise mezunu Ar\u015fiv Memuru al\u0131yor!"},"content":{"rendered":"<p><a href=\"http:\/\/www.bbyhaber.com\/bby\/wp-content\/uploads\/2017\/12\/ysk.jpg\"><img loading=\"lazy\" decoding=\"async\" class=\"alignleft wp-image-23190 size-full\" src=\"http:\/\/www.bbyhaber.com\/bby\/wp-content\/uploads\/2017\/12\/ysk.jpg\" alt=\"\" width=\"390\" height=\"180\" \/><\/a>Daha \u00f6nce YSK&#8217;n\u0131n ar\u015fiv memuru alaca\u011f\u0131na dair haberi <a href=\"http:\/\/www.bbyhaber.com\/bby\/2017\/12\/07\/yuksek-secim-kurulu-3-arsiv-memuru-kadrosu-acacak\" target=\"_blank\" rel=\"noopener\"><strong>\u015furada<\/strong><\/a> yay\u0131nlam\u0131\u015f ve &#8220;<strong>3 Ar\u015fiv Memuru kadrosu yine her zaman oldu\u011fu gibi Bilgi ve Belge Y\u00f6netimi mezunlar\u0131n\u0131n hakk\u0131d\u0131r ve bu kadrolar\u0131n da alan\u0131m\u0131za a\u00e7\u0131lmas\u0131 y\u00f6n\u00fcnde \u00e7al\u0131\u015fmalar yap\u0131lmal\u0131d\u0131r!<\/strong>&#8221; ifadesi ile haber i\u00e7eri\u011finde vurgu yapm\u0131\u015ft\u0131k ve malesef vurgu yapt\u0131\u011f\u0131m\u0131z o ibare ilgili kurumun hi\u00e7 umrunda bile olmam\u0131\u015ft\u0131r.\u00a0 A\u015fa\u011f\u0131daki ilan<strong> L\u0130SE MEZUNLARINA<\/strong> a\u00e7\u0131lm\u0131\u015ft\u0131r!!!<br \/>\n<!--more--><br \/>\n<span style=\"color: #ff0000;\"><strong>ARANAN \u015eARTLAR:<\/strong><\/span><\/p>\n<p style=\"text-align: left;\">YSK al\u0131ma \u00e7\u0131kt\u0131\u011f\u0131 ilanda &#8220;Zab\u0131t katibi, veri haz\u0131rlama ve kontrol i\u015fletmeni, [highlight color=&#8221;red&#8221;]Ar\u015fiv Memuru [\/highlight], santral memuru, \u015fof\u00f6r, da\u011f\u0131t\u0131c\u0131, bek\u00e7i ve hizmetli kadrolar\u0131na atanabilmek i\u00e7in; en az lise veya dengi okul mezunu olmak.&#8221; \u015fart\u0131n\u0131 getirdi.<\/p>\n<p>Y\u00fcksek Se\u00e7im Kurulu Merkez ve Ta\u015fra Te\u015fkilat\u0131na, 30\/11\/2017 tarihli ve 7062 say\u0131l\u0131 Y\u00fcksek Se\u00e7im Kurulunun Te\u015fkilat ve G\u00f6revleri Hakk\u0131nda Kanun ile 18\/02\/2018 tarihli ve 30336 say\u0131l\u0131 Resmi Gazetede yay\u0131mlanarak y\u00fcr\u00fcrl\u00fc\u011fe giren, Y\u00fcksek Se\u00e7im Kurulu Memur S\u0131nav, Atama, Yer De\u011fi\u015ftirme ve Nakil Y\u00f6netmeli\u011fi kapsam\u0131nda ekli listede say\u0131s\u0131, yeri ve unvan\u0131 belirtilen yerlere personel al\u0131nacakt\u0131r.<\/p>\n<p><b>Ba\u015fvuru Tarihi:<\/b>\u00a0Ba\u015fvurular 07\/03\/2018 tarihinde saat 09.00\u2019da ba\u015flay\u0131p, 16\/03\/2018 tarihinde mesai bitimi itibariyle (saat 17.00\u2019de) sona erecektir.<\/p>\n<p><b>Ba\u015fvuru \u015eekli:<\/b>\u00a0Ba\u015fvurular Y\u00fcksek Se\u00e7im Kurulu Ba\u015fkanl\u0131\u011f\u0131n\u0131n kurumsal internet sitesinde (<a href=\"http:\/\/www.ysk.gov.tr\/\" target=\"_blank\" rel=\"noopener\">www.ysk.gov.tr<\/a>) yer alan m\u00fcracaat formunun elektronik ortamda doldurulmas\u0131 suretiyle yap\u0131lacakt\u0131r.<\/p>\n<p>\u0130lan metni i\u00e7in\u00a0<a href=\"http:\/\/www.ysk.gov.tr\/doc\/dosyalar\/docs\/Bildiriler\/2018\/2018-AciktanAtama_ilani.pdf\" target=\"_blank\" rel=\"noopener\">t\u0131klay\u0131n\u0131z<\/a><\/p>\n","protected":false},"excerpt":{"rendered":"<p>Daha \u00f6nce YSK&#8217;n\u0131n ar\u015fiv memuru alaca\u011f\u0131na dair haberi \u015furada yay\u0131nlam\u0131\u015f ve &#8220;3 Ar\u015fiv Memuru kadrosu yine her zaman oldu\u011fu gibi Bilgi ve Belge Y\u00f6netimi mezunlar\u0131n\u0131n hakk\u0131d\u0131r ve bu kadrolar\u0131n da alan\u0131m\u0131za a\u00e7\u0131lmas\u0131 y\u00f6n\u00fcnde \u00e7al\u0131\u015fmalar yap\u0131lmal\u0131d\u0131r!&#8221; ifadesi ile haber i\u00e7eri\u011finde vurgu yapm\u0131\u015ft\u0131k ve malesef vurgu yapt\u0131\u011f\u0131m\u0131z o ibare ilgili kurumun hi\u00e7 umrunda bile olmam\u0131\u015ft\u0131r.\u00a0 A\u015fa\u011f\u0131daki ilan [&hellip;]<\/p>\n","protected":false},"author":1,"featured_media":23190,"comment_status":"open","ping_status":"open","sticky":false,"template":"","format":"standard","meta":{"footnotes":""},"categories":[],"tags":[1398],"class_list":["post-23802","post","type-post","status-publish","format-standard","has-post-thumbnail","hentry","tag-bby-ozluk-haklari"],"_links":{"self":[{"href":"https:\/\/www.bbyhaber.com\/bby\/wp-json\/wp\/v2\/posts\/23802"}],"collection":[{"href":"https:\/\/www.bbyhaber.com\/bby\/wp-json\/wp\/v2\/posts"}],"about":[{"href":"https:\/\/www.bbyhaber.com\/bby\/wp-json\/wp\/v2\/types\/post"}],"author":[{"embeddable":true,"href":"https:\/\/www.bbyhaber.com\/bby\/wp-json\/wp\/v2\/users\/1"}],"replies":[{"embeddable":true,"href":"https:\/\/www.bbyhaber.com\/bby\/wp-json\/wp\/v2\/comments?post=23802"}],"version-history":[{"count":10,"href":"https:\/\/www.bbyhaber.com\/bby\/wp-json\/wp\/v2\/posts\/23802\/revisions"}],"predecessor-version":[{"id":23814,"href":"https:\/\/www.bbyhaber.com\/bby\/wp-json\/wp\/v2\/posts\/23802\/revisions\/23814"}],"wp:featuredmedia":[{"embeddable":true,"href":"https:\/\/www.bbyhaber.com\/bby\/wp-json\/wp\/v2\/media\/23190"}],"wp:attachment":[{"href":"https:\/\/www.bbyhaber.com\/bby\/wp-json\/wp\/v2\/media?parent=23802"}],"wp:term":[{"taxonomy":"category","embeddable":true,"href":"https:\/\/www.bbyhaber.com\/bby\/wp-json\/wp\/v2\/categories?post=23802"},{"taxonomy":"post_tag","embeddable":true,"href":"https:\/\/www.bbyhaber.com\/bby\/wp-json\/wp\/v2\/tags?post=23802"}],"curies":[{"name":"wp","href":"https:\/\/api.w.org\/{rel}","templated":true}]}}