{"id":23776,"date":"2018-02-26T10:43:47","date_gmt":"2018-02-26T07:43:47","guid":{"rendered":"http:\/\/www.bbyhaber.com\/bby\/?p=23776"},"modified":"2018-02-26T13:32:25","modified_gmt":"2018-02-26T10:32:25","slug":"bir-asirdir-hizmet-veren-kutuphane","status":"publish","type":"post","link":"https:\/\/www.bbyhaber.com\/bby\/2018\/02\/26\/bir-asirdir-hizmet-veren-kutuphane","title":{"rendered":"Bir as\u0131rd\u0131r hizmet veren k\u00fct\u00fcphane"},"content":{"rendered":"<p><a href=\"http:\/\/www.bbyhaber.com\/bby\/wp-content\/uploads\/2018\/02\/istanbul-univ-kutuphane.jpg\"><img loading=\"lazy\" decoding=\"async\" class=\"alignleft size-full wp-image-23777\" src=\"http:\/\/www.bbyhaber.com\/bby\/wp-content\/uploads\/2018\/02\/istanbul-univ-kutuphane.jpg\" alt=\"\" width=\"390\" height=\"180\" \/><\/a>B\u00fcnyesinde bir milyonu a\u015fan yay\u0131n bulunan ve kanun kapsam\u0131na al\u0131narak sadece \u00fcniversite k\u00fct\u00fcphanesi olmaktan \u00e7\u0131k\u0131p ulusal k\u00fct\u00fcphane niteli\u011fi kazanan <strong>\u0130stanbul \u00dcniversitesi (\u0130\u00dc) Merkez K\u00fct\u00fcphanesi<\/strong>, yakla\u015f\u0131k bir as\u0131rd\u0131r hizmet veriyor.<!--more--><\/p>\n<p class=\"selectionShareable\">Hizmete 30 Kas\u0131m 1924&#8217;te a\u00e7\u0131lan ve 1934 y\u0131l\u0131nda &#8220;Basma Yaz\u0131 ve Resimleri Derleme Kanunu&#8221; kapsam\u0131na al\u0131nan \u0130\u00dc Merkez K\u00fct\u00fcphanesi, b\u00f6ylelikle sadece \u00fcniversite k\u00fct\u00fcphanesi olmaktan \u00e7\u0131k\u0131p ayn\u0131 zamanda ulusal nitelik kazand\u0131. \u0130\u00dc K\u00fct\u00fcphane ve Dok\u00fcmantasyon Daire Ba\u015fkanl\u0131\u011f\u0131, Merkez ve Nadir Eserler olmak \u00fczere iki ayr\u0131 binada okuyucular\u0131 a\u011f\u0131rl\u0131yor. Ayr\u0131ca, engelli ara\u015ft\u0131rmac\u0131lar i\u00e7in Merkez K\u00fct\u00fcphane b\u00fcnyesinde Engelsiz Bilgi Merkezi yer al\u0131yor.<\/p>\n<h3>&#8220;Her g\u00f6r\u00fc\u015f, inan\u00e7 ve dilden farkl\u0131 t\u00fcr yay\u0131nlar var&#8221;<\/h3>\n<p class=\"selectionShareable\">\u0130\u00dc K\u00fct\u00fcphane ve Dok\u00fcmantasyon Daire Ba\u015fkan\u0131 Dr. Pervin Bezirci, AA muhabirine yapt\u0131\u011f\u0131 a\u00e7\u0131klamada, \u0130\u00dc Merkez K\u00fct\u00fcphanesi\u2019nin kanun kapsam\u0131ndaki 6 derleme k\u00fct\u00fcphanesi aras\u0131nda tek \u00fcniversite k\u00fct\u00fcphanesi oldu\u011funu s\u00f6yledi.<\/p>\n<p class=\"selectionShareable\">Bu kapsamda y\u0131lda yakla\u015f\u0131k 120 bin yay\u0131n\u0131n derlendi\u011fini aktaran Bezirci, \u015fu bilgileri verdi:<\/p>\n<p class=\"selectionShareable\">&#8220;Bu \u015fu demekti; T\u00fcrkiye&#8217;de yay\u0131mlanan her yay\u0131n\u0131n bir n\u00fcshas\u0131 k\u00fct\u00fcphanemize gelmektedir. Y\u0131lda yakla\u015f\u0131k 120 bin yay\u0131n derlenmektedir. Bunlar aras\u0131nda kitap, dergi, gazete ve di\u011fer materyaller yer almaktad\u0131r. Bu 120 bin say\u0131 i\u00e7erisinde her g\u00f6r\u00fc\u015f, inan\u00e7 ve dilden farkl\u0131 t\u00fcr yay\u0131nlar yer almaktad\u0131r. Kanun kapsam\u0131nda, derleme k\u00fct\u00fcphanelerine g\u00f6nderilen her yay\u0131n, k\u00fct\u00fcphanemizde derlenmektedir. Her konuda; siyasi, tarihi, k\u00fclt\u00fcrel, sanatsal vesaire de\u011ferli koleksiyona sahip, 1 milyonu ge\u00e7kin yay\u0131n kapasitesine sahip T\u00fcrkiye&#8217;nin en b\u00fcy\u00fck k\u00fct\u00fcphanelerinden biridir. Bu a\u00e7\u0131dan, sadece \u00fcniversite \u00f6\u011frencilerine ve akademisyenlere de\u011fil, d\u0131\u015f kullan\u0131c\u0131 dedi\u011fimiz farkl\u0131 kesimlerden kullan\u0131c\u0131lara da hitap eden bir k\u00fct\u00fcphane. Konumu itibar\u0131yla da \u00e7ok say\u0131da kullan\u0131c\u0131s\u0131 bulunmaktad\u0131r.&#8221;<\/p>\n<p class=\"selectionShareable\">Bezirci, \u0130\u00dc Merkez K\u00fct\u00fcphanesi&#8217;nin, bilimsel ve akademik \u00e7al\u0131\u015fmalara katk\u0131 sa\u011flayan \u00e7ok \u00e7e\u015fitli meslek gruplar\u0131na hizmet verdi\u011fini vurgulad\u0131.<\/p>\n<p class=\"selectionShareable\">K\u00fct\u00fcphanede uluslararas\u0131 nitelikte Entegre K\u00fct\u00fcphane Otomasyon Sistemi&#8217;nin 2012 y\u0131l\u0131ndan itibaren kullan\u0131ld\u0131\u011f\u0131n\u0131 aktaran Bezirci, bu sayede K\u00fct\u00fcphane ve Dok\u00fcmantasyon Daire Ba\u015fkanl\u0131\u011f\u0131 kapsam\u0131ndaki 35 ba\u011fl\u0131 \u015fube diye adland\u0131r\u0131lan fak\u00fclte ve enstit\u00fc k\u00fct\u00fcphaneleri dahil, t\u00fcm k\u00fct\u00fcphanelerin verilerine tek t\u0131kla 7\/24 otomasyon ortam\u0131ndan eri\u015filebildi\u011fini kaydetti.<\/p>\n<h3>&#8220;Eserler dijital ortama aktar\u0131l\u0131yor&#8221;<\/h3>\n<p class=\"selectionShareable\">K\u00fct\u00fcphane b\u00fcnyesindeki eserleri dijitalle\u015ftirme projelerinin devam etti\u011fini dile getiren Bezirci, \u00e7o\u011fu eserin dijital ortama aktar\u0131ld\u0131\u011f\u0131n\u0131 bildirdi.<\/p>\n<p class=\"selectionShareable\">Merkez K\u00fct\u00fcphane b\u00fcnyesinde, &#8220;Gazeteden Tarihe Bak\u0131\u015f Projesi&#8221;nin 3 y\u0131ld\u0131r y\u00fcr\u00fct\u00fcld\u00fc\u011f\u00fcn\u00fc, bu kapsamda koleksiyonda bulunan \u00e7ok say\u0131da yerel ve ulusal gazeteyi dijital ortama aktarma \u00e7al\u0131\u015fmalar\u0131n\u0131n s\u00fcrd\u00fc\u011f\u00fcn\u00fc anlatan Bezirci, \u015f\u00f6yle devam etti:<\/p>\n<p class=\"selectionShareable\">&#8220;Dijitalle\u015ftirme projesi sonras\u0131 olu\u015fturulan metinler, otomasyon \u00fczerinden kullan\u0131c\u0131ya \u00fccretsiz sunulmaktad\u0131r. \u00dcniversite yay\u0131nlar\u0131n\u0131 ve g\u00fcn \u0131\u015f\u0131\u011f\u0131na \u00e7\u0131kmayan tezleri de dijitalle\u015ftirme \u00e7al\u0131\u015fmalar\u0131 devam etmektedir.<\/p>\n<p class=\"selectionShareable\">Nadir Eserler K\u00fct\u00fcphanesi&#8217;nde y\u00fcr\u00fct\u00fclen projeler var. \u00d6rne\u011fin, dijital ortama aktar\u0131lan Abd\u00fclhamid d\u00f6nemine ait harita ve planlara otomasyon \u00fczerinden eri\u015filebilmektedir. &#8216;Atat\u00fcrk\u2019le Okumak Projesi&#8217; ve &#8216;Cihan H\u00fck\u00fcmdar\u0131 Projesi&#8217; ile \u00e7ok de\u011ferli eserler dijital ortama ta\u015f\u0131nm\u0131\u015ft\u0131r. &#8216;Zamana Direnen Eserler ve \u0130stanbul \u00dcniversitesi Yazma Eserler Projesi&#8217; kapsam\u0131nda eserlerin y\u00fczde 20&#8217;si dijital ortama aktar\u0131ld\u0131 ve aktar\u0131m hala devam etmektedir.&#8221;<\/p>\n<h3>Bilgiye &#8220;engelsiz eri\u015fim&#8221; i\u00e7in Engelsiz Bilgi Merkezi<\/h3>\n<p class=\"selectionShareable\">Bezirci, Merkez K\u00fct\u00fcphane b\u00fcnyesinde 2012 y\u0131l\u0131ndan itibaren \u00f6nemli bir hizmet veren di\u011fer bir birimin de Engelsiz Bilgi Merkezi oldu\u011funu s\u00f6yledi.<\/p>\n<p class=\"selectionShareable\">Bu merkezin sadece \u00fcniversite \u00f6\u011frencilerinin ve akademisyenlerin de\u011fil, T\u00fcrkiye&#8217;deki b\u00fct\u00fcn engelli bireylerin bilgiye eri\u015fimine katk\u0131 sa\u011flad\u0131\u011f\u0131n\u0131 belirten Bezirci, &#8220;Merkez, Braille alfabesi i\u00e7in kullan\u0131lmak \u00fczere kabartma yaz\u0131c\u0131, iki taray\u0131c\u0131, taray\u0131c\u0131 olarak kullan\u0131lan fotokopi makinesi, \u00fc\u00e7 boyutlu \u015fekil-grafik kabartma cihaz\u0131, metin b\u00fcy\u00fct\u00fcc\u00fc ekran ve engellilerin kullan\u0131m\u0131na \u00f6zel 12 bilgisayar donan\u0131m\u0131na sahip. Profesyonel sesli kitap olu\u015fturma kabinlerinde, g\u00f6n\u00fcll\u00fc okuyucular\u0131n yard\u0131m\u0131yla sesli kitap ar\u015fivi s\u00fcrekli geli\u015ftirilmektedir. \u0130ki okuma kabininde, 65 g\u00f6n\u00fcll\u00fc taraf\u0131ndan toplam bin 200 saat kitap seslendirme \u00e7al\u0131\u015fmas\u0131 yap\u0131lm\u0131\u015ft\u0131r.&#8221; diye konu\u015ftu.<\/p>\n<h3>\u0130\u00e7inde tarih bar\u0131nd\u0131ran Nadir Eserler K\u00fct\u00fcphanesi<\/h3>\n<p class=\"selectionShareable\">\u0130\u00dc K\u00fct\u00fcphane ve Dok\u00fcmantasyon Daire Ba\u015fkan\u0131 Bezirci, Nadir Eserler K\u00fct\u00fcphanesi&#8217;nin T\u00fcrk toplumunun tarihi, siyasi, k\u00fclt\u00fcrel ve sosyal hayat\u0131na \u0131\u015f\u0131k tutacak nitelikte se\u00e7kin ve \u00e7ok de\u011ferli yazma ve nadir eser \u00f6rneklerini b\u00fcnyesinde bar\u0131nd\u0131rd\u0131\u011f\u0131n\u0131 dile getirdi.<\/p>\n<p class=\"selectionShareable\">Bezirci, Sultan 2. Abd\u00fclhamid&#8217;in Y\u0131ld\u0131z Saray\u0131&#8217;nda kurdu\u011fu zengin k\u00fct\u00fcphanesinin, 1924 y\u0131l\u0131nda Dar\u00fclf\u00fcnun Emini (\u00fcniversite rekt\u00f6r\u00fc) Prof. Dr. \u0130smail Hakk\u0131 Baltac\u0131o\u011flu&#8217;nun te\u015febb\u00fcs\u00fc ve Atat\u00fcrk&#8217;\u00fcn emriyle \u0130stanbul \u00dcniversitesi K\u00fct\u00fcphanesi&#8217;ne devredildi\u011fini belirterek, \u015fu bilgileri payla\u015ft\u0131:<\/p>\n<p class=\"selectionShareable\">&#8220;Nadir Eserler K\u00fct\u00fcphanesi Koleksiyonu, 93 bin 71 cilt T\u00fcrk\u00e7e, Arap\u00e7a, Fars\u00e7a, Latince ve di\u011fer dillerdeki basma ve yazma kitap, dergi, harita ve notalardan olu\u015fmaktad\u0131r. Koleksiyonda, Y\u0131ld\u0131z Saray K\u00fct\u00fcphanesi, R\u0131za Pa\u015fa, Halis Efendi, Mollazade \u0130brahim Bey, Hakk\u0131 Pa\u015fa, \u015eevki Pa\u015fa ve \u0130bn&#8217;\u00fcl Emin Mahmud Kemal \u0130nal&#8217;\u0131n eserleri de bulunmaktad\u0131r. Mustafa Kemal Atat\u00fcrk\u2019\u00fcn, k\u00fct\u00fcphaneden \u00f6d\u00fcn\u00e7 alarak okudu\u011fu kitaplar da \u00f6zel bir b\u00f6l\u00fcmde sergilenmektedir. Bu \u00f6nemli eserlerin nesilden nesle aktar\u0131lmas\u0131 i\u00e7in \u00e7e\u015fitli dijitalle\u015ftirme projeleri y\u00fcr\u00fct\u00fclmektedir. \u015eu ana kadar bu \u00f6nemli eserlerin yakla\u015f\u0131k y\u00fczde 20&#8217;si dijital ortama aktar\u0131lm\u0131\u015f durumda.&#8221;<\/p>\n<p class=\"selectionShareable\">Nadir Eserler K\u00fct\u00fcphanesi&#8217;nin randevu sistemi ile ziyaret\u00e7i kabul etti\u011fini aktaran Bezirci, &#8220;Ayr\u0131ca, 19. y\u00fczy\u0131la ait d\u00fcnyan\u0131n en b\u00fcy\u00fck g\u00f6rsel ar\u015fivi olarak tan\u0131mlanabilecek Sultan 2. Abd\u00fclhamid d\u00f6neminde \u00e7ekilen foto\u011fraflardan olu\u015fan Y\u0131ld\u0131z Foto\u011fraf Koleksiyonu da \u0130\u00dc Nadir Eserler K\u00fct\u00fcphanesi&#8217;nde \u00f6zenli ko\u015fullarda muhafaza edilerek hizmete sunulmaktad\u0131r. Koleksiyon, 911 foto\u011fraf alb\u00fcm\u00fc ve bunlar\u0131n i\u00e7inde yer alan 36 bin 585 foto\u011fraftan olu\u015fmaktad\u0131r. Bu foto\u011fraflar, sadece \u0130stanbul ya da Osmanl\u0131 topraklar\u0131n\u0131n de\u011fil, neredeyse t\u00fcm d\u00fcnyan\u0131n eski bir tapusu niteli\u011findedir. Sadece mimari a\u00e7\u0131dan de\u011fil, d\u00f6neme ait sosyal dokuyu yans\u0131tmas\u0131 bak\u0131m\u0131ndan da birer hazine niteli\u011findedir. Bu eserlerin elektronik ortamda eri\u015filebilirli\u011fi i\u00e7in Cumhurba\u015fkanl\u0131\u011f\u0131m\u0131z himayeleri ve i\u015f birli\u011fiyle bir proje ba\u015flat\u0131lm\u0131\u015f bulunmaktad\u0131r. Nadir Eserler K\u00fct\u00fcphanemizde bulunan yazma ve nadir matbu nadir eserlerimiz iklimlendirilmi\u015f ortamlarda muhafaza edilmektedir.&#8221; ifadelerini kulland\u0131.<\/p>\n<p><a href=\"http:\/\/aa.com.tr\/\" target=\"_blank\" rel=\"noopener\">Kaynak<\/a><\/p>\n","protected":false},"excerpt":{"rendered":"<p>B\u00fcnyesinde bir milyonu a\u015fan yay\u0131n bulunan ve kanun kapsam\u0131na al\u0131narak sadece \u00fcniversite k\u00fct\u00fcphanesi olmaktan \u00e7\u0131k\u0131p ulusal k\u00fct\u00fcphane niteli\u011fi kazanan \u0130stanbul \u00dcniversitesi (\u0130\u00dc) Merkez K\u00fct\u00fcphanesi, yakla\u015f\u0131k bir as\u0131rd\u0131r hizmet veriyor.<\/p>\n","protected":false},"author":1,"featured_media":23777,"comment_status":"open","ping_status":"open","sticky":false,"template":"","format":"standard","meta":{"footnotes":""},"categories":[],"tags":[1437],"class_list":["post-23776","post","type-post","status-publish","format-standard","has-post-thumbnail","hentry","tag-univ-arastirma-kutuphaneleri"],"_links":{"self":[{"href":"https:\/\/www.bbyhaber.com\/bby\/wp-json\/wp\/v2\/posts\/23776"}],"collection":[{"href":"https:\/\/www.bbyhaber.com\/bby\/wp-json\/wp\/v2\/posts"}],"about":[{"href":"https:\/\/www.bbyhaber.com\/bby\/wp-json\/wp\/v2\/types\/post"}],"author":[{"embeddable":true,"href":"https:\/\/www.bbyhaber.com\/bby\/wp-json\/wp\/v2\/users\/1"}],"replies":[{"embeddable":true,"href":"https:\/\/www.bbyhaber.com\/bby\/wp-json\/wp\/v2\/comments?post=23776"}],"version-history":[{"count":2,"href":"https:\/\/www.bbyhaber.com\/bby\/wp-json\/wp\/v2\/posts\/23776\/revisions"}],"predecessor-version":[{"id":23779,"href":"https:\/\/www.bbyhaber.com\/bby\/wp-json\/wp\/v2\/posts\/23776\/revisions\/23779"}],"wp:featuredmedia":[{"embeddable":true,"href":"https:\/\/www.bbyhaber.com\/bby\/wp-json\/wp\/v2\/media\/23777"}],"wp:attachment":[{"href":"https:\/\/www.bbyhaber.com\/bby\/wp-json\/wp\/v2\/media?parent=23776"}],"wp:term":[{"taxonomy":"category","embeddable":true,"href":"https:\/\/www.bbyhaber.com\/bby\/wp-json\/wp\/v2\/categories?post=23776"},{"taxonomy":"post_tag","embeddable":true,"href":"https:\/\/www.bbyhaber.com\/bby\/wp-json\/wp\/v2\/tags?post=23776"}],"curies":[{"name":"wp","href":"https:\/\/api.w.org\/{rel}","templated":true}]}}