{"id":23755,"date":"2018-02-25T11:01:20","date_gmt":"2018-02-25T08:01:20","guid":{"rendered":"http:\/\/www.bbyhaber.com\/bby\/?p=23755"},"modified":"2018-02-26T10:51:47","modified_gmt":"2018-02-26T07:51:47","slug":"ucak-ve-trenin-ardindan-simdi-de-gemi-kutuphane","status":"publish","type":"post","link":"https:\/\/www.bbyhaber.com\/bby\/2018\/02\/25\/ucak-ve-trenin-ardindan-simdi-de-gemi-kutuphane","title":{"rendered":"U\u00e7ak ve trenin ard\u0131ndan \u015fimdi de gemi k\u00fct\u00fcphane"},"content":{"rendered":"<p><a href=\"http:\/\/www.bbyhaber.com\/bby\/wp-content\/uploads\/2018\/02\/thumbs_b_c_0ea63f20cb7568fc0b9ffb2d6ded7dd8.jpg\"><img loading=\"lazy\" decoding=\"async\" class=\"alignleft wp-image-23758 size-medium\" src=\"http:\/\/www.bbyhaber.com\/bby\/wp-content\/uploads\/2018\/02\/thumbs_b_c_0ea63f20cb7568fc0b9ffb2d6ded7dd8-300x169.jpg\" alt=\"\" width=\"300\" height=\"169\" srcset=\"https:\/\/www.bbyhaber.com\/bby\/wp-content\/uploads\/2018\/02\/thumbs_b_c_0ea63f20cb7568fc0b9ffb2d6ded7dd8-300x169.jpg 300w, https:\/\/www.bbyhaber.com\/bby\/wp-content\/uploads\/2018\/02\/thumbs_b_c_0ea63f20cb7568fc0b9ffb2d6ded7dd8-768x432.jpg 768w, https:\/\/www.bbyhaber.com\/bby\/wp-content\/uploads\/2018\/02\/thumbs_b_c_0ea63f20cb7568fc0b9ffb2d6ded7dd8.jpg 864w\" sizes=\"(max-width: 300px) 100vw, 300px\" \/><\/a>\u00c7ank\u0131r\u0131&#8217;da u\u00e7ak kokpitinde veya tren vagonunda kitap okuma f\u0131rsat\u0131 bulan \u00e7ocuklar art\u0131k gemide de kitap okuyabilecek.\u00a0<strong>\u00c7ank\u0131r\u0131 Belediyesi<\/strong>nce<strong>\u00a0\u00e7ocuklar<\/strong>a okuma al\u0131\u015fkanl\u0131\u011f\u0131 kazand\u0131rmak amac\u0131yla u\u00e7ak ve trenin k\u00fct\u00fcphaneye d\u00f6n\u00fc\u015ft\u00fcr\u00fclmesinin ard\u0131ndan denizi olmayan kente\u00a0<strong>gemi k\u00fct\u00fcphane<\/strong>\u00a0kazand\u0131rmak i\u00e7in de \u00e7al\u0131\u015fmalar s\u00fcr\u00fcyor.<\/p>\n<p><!--more--><\/p>\n<p>Belediye ilk olarak TCDD taraf\u0131ndan hurdaya ayr\u0131lan bir lokomotif, iki vagonu k\u00fct\u00fcphaneye d\u00f6n\u00fc\u015ft\u00fcrmek i\u00e7in kiralad\u0131 ve TCDD&#8217;nin \u00c7ank\u0131r\u0131&#8217;daki bak\u0131m at\u00f6lyesinde vagonlar k\u00fct\u00fcphaneye uygun \u015fekilde yeniden tasarland\u0131. Daha sonra Belediye, u\u00e7u\u015f \u00f6mr\u00fcn\u00fc tamamlam\u0131\u015f bir Airbus A 300 tipi u\u00e7a\u011f\u0131 sat\u0131n alarak par\u00e7alar halinde 5 t\u0131r ile \u0130stanbul&#8217;dan getirerek k\u00fct\u00fcphaneye d\u00f6n\u00fc\u015ft\u00fcrd\u00fc. Treni ve u\u00e7a\u011f\u0131 k\u00fct\u00fcphane olarak \u00e7ocuklar\u0131n hizmetine sunan \u00c7ank\u0131r\u0131 Belediyesi \u015fimdi de Recep Tayip Erdo\u011fan Park\u0131&#8217;ndaki suni g\u00f6l\u00fcn i\u00e7ine 41 metre uzunlu\u011funda ve ger\u00e7ek gemi \u00f6l\u00e7\u00fclerinde &#8220;gemi k\u00fct\u00fcphane&#8221; yap\u0131yor.<\/p>\n<p><a href=\"http:\/\/aa.com.tr\/uploads\/userFiles\/c9f1ae26-3cf3-4ab4-9d72-230dedd01a4c\/eylul_ekimyeni%2F190d6157-0315-442f-99ed-f6fb390bba12.jpg\"><img loading=\"lazy\" decoding=\"async\" class=\"alignnone\" src=\"http:\/\/aa.com.tr\/uploads\/userFiles\/c9f1ae26-3cf3-4ab4-9d72-230dedd01a4c\/eylul_ekimyeni%2F190d6157-0315-442f-99ed-f6fb390bba12.jpg\" alt=\"\" width=\"250\" height=\"180\" \/><\/a>\u00a0<a href=\"http:\/\/aa.com.tr\/uploads\/userFiles\/c9f1ae26-3cf3-4ab4-9d72-230dedd01a4c\/eylul_ekimyeni%2F91ccb890-bc2d-469f-aa60-67b8afa6ad92.jpg\"><img loading=\"lazy\" decoding=\"async\" class=\"alignnone\" src=\"http:\/\/aa.com.tr\/uploads\/userFiles\/c9f1ae26-3cf3-4ab4-9d72-230dedd01a4c\/eylul_ekimyeni%2F91ccb890-bc2d-469f-aa60-67b8afa6ad92.jpg\" alt=\"\" width=\"250\" height=\"180\" \/><\/a><\/p>\n<p class=\"selectionShareable\">Belediye Ba\u015fkan\u0131 \u0130rfan Din\u00e7, AA muhabirine yapt\u0131\u011f\u0131 a\u00e7\u0131klamada, \u00e7a\u011f\u0131n en b\u00fcy\u00fck devrimlerinden birinin dijital devrim oldu\u011funu ancak dijital devrimin en \u00f6nemli kurbanlar\u0131n\u0131n ise \u00e7ocuklar oldu\u011funu ifade etti. &#8220;Yavrular\u0131m\u0131z\u0131 biz bu sanal devrime kurban etmekten kurtarmam\u0131z laz\u0131m.&#8221; diyen Din\u00e7, &#8220;Bu manada bir s\u00fcr\u00fc proje \u00fczerinde \u00e7al\u0131\u015f\u0131yoruz. Bunlardan bir tanesi de temal\u0131 k\u00fct\u00fcphaneler ile yavrular\u0131m\u0131z\u0131 birazc\u0131k da olsa o bilgisayarlar\u0131n, tabletlerin ba\u015f\u0131ndan kurtarmay\u0131 d\u00fc\u015f\u00fcn\u00fcyoruz.&#8221; ifadesinde bulundu. Din\u00e7, gemi k\u00fct\u00fcphaneyi haziran ay\u0131nda tamamlamay\u0131 planlad\u0131klar\u0131n\u0131 s\u00f6zlerine ekledi.<\/p>\n<p><a href=\"http:\/\/aa.com.tr\/tr\/yasam\/ucak-ve-trenin-ardindan-simdi-de-gemi-kutuphane\/1071495\" target=\"_blank\" rel=\"noopener\">Kaynak<\/a><\/p>\n","protected":false},"excerpt":{"rendered":"<p>\u00c7ank\u0131r\u0131&#8217;da u\u00e7ak kokpitinde veya tren vagonunda kitap okuma f\u0131rsat\u0131 bulan \u00e7ocuklar art\u0131k gemide de kitap okuyabilecek.\u00a0\u00c7ank\u0131r\u0131 Belediyesince\u00a0\u00e7ocuklara okuma al\u0131\u015fkanl\u0131\u011f\u0131 kazand\u0131rmak amac\u0131yla u\u00e7ak ve trenin k\u00fct\u00fcphaneye d\u00f6n\u00fc\u015ft\u00fcr\u00fclmesinin ard\u0131ndan denizi olmayan kente\u00a0gemi k\u00fct\u00fcphane\u00a0kazand\u0131rmak i\u00e7in de \u00e7al\u0131\u015fmalar s\u00fcr\u00fcyor.<\/p>\n","protected":false},"author":129,"featured_media":23758,"comment_status":"open","ping_status":"open","sticky":false,"template":"","format":"standard","meta":{"footnotes":""},"categories":[],"tags":[1451,959],"class_list":["post-23755","post","type-post","status-publish","format-standard","has-post-thumbnail","hentry","tag-belediye-kutuphaneleri","tag-gemi-kutuphane"],"_links":{"self":[{"href":"https:\/\/www.bbyhaber.com\/bby\/wp-json\/wp\/v2\/posts\/23755"}],"collection":[{"href":"https:\/\/www.bbyhaber.com\/bby\/wp-json\/wp\/v2\/posts"}],"about":[{"href":"https:\/\/www.bbyhaber.com\/bby\/wp-json\/wp\/v2\/types\/post"}],"author":[{"embeddable":true,"href":"https:\/\/www.bbyhaber.com\/bby\/wp-json\/wp\/v2\/users\/129"}],"replies":[{"embeddable":true,"href":"https:\/\/www.bbyhaber.com\/bby\/wp-json\/wp\/v2\/comments?post=23755"}],"version-history":[{"count":7,"href":"https:\/\/www.bbyhaber.com\/bby\/wp-json\/wp\/v2\/posts\/23755\/revisions"}],"predecessor-version":[{"id":23782,"href":"https:\/\/www.bbyhaber.com\/bby\/wp-json\/wp\/v2\/posts\/23755\/revisions\/23782"}],"wp:featuredmedia":[{"embeddable":true,"href":"https:\/\/www.bbyhaber.com\/bby\/wp-json\/wp\/v2\/media\/23758"}],"wp:attachment":[{"href":"https:\/\/www.bbyhaber.com\/bby\/wp-json\/wp\/v2\/media?parent=23755"}],"wp:term":[{"taxonomy":"category","embeddable":true,"href":"https:\/\/www.bbyhaber.com\/bby\/wp-json\/wp\/v2\/categories?post=23755"},{"taxonomy":"post_tag","embeddable":true,"href":"https:\/\/www.bbyhaber.com\/bby\/wp-json\/wp\/v2\/tags?post=23755"}],"curies":[{"name":"wp","href":"https:\/\/api.w.org\/{rel}","templated":true}]}}