{"id":23749,"date":"2018-02-22T11:37:44","date_gmt":"2018-02-22T08:37:44","guid":{"rendered":"http:\/\/www.bbyhaber.com\/bby\/?p=23749"},"modified":"2018-02-22T11:37:58","modified_gmt":"2018-02-22T08:37:58","slug":"sultan-ii-abdulhamid-han-fotograf-albumleri-proje-calismasi-baslatildi","status":"publish","type":"post","link":"https:\/\/www.bbyhaber.com\/bby\/2018\/02\/22\/sultan-ii-abdulhamid-han-fotograf-albumleri-proje-calismasi-baslatildi","title":{"rendered":"Sultan II. Abd\u00fclhamid Han Foto\u011fraf Alb\u00fcmleri Proje \u00e7al\u0131\u015fmas\u0131 ba\u015flat\u0131ld\u0131"},"content":{"rendered":"<p><a href=\"http:\/\/www.bbyhaber.com\/bby\/wp-content\/uploads\/2018\/02\/sultan-ii-abdulhamid-han-fotograf-albumleri-projesi.jpg\"><img loading=\"lazy\" decoding=\"async\" class=\"alignleft size-full wp-image-23752\" src=\"http:\/\/www.bbyhaber.com\/bby\/wp-content\/uploads\/2018\/02\/sultan-ii-abdulhamid-han-fotograf-albumleri-projesi.jpg\" alt=\"\" width=\"390\" height=\"180\" \/><\/a>\u0130stanbul \u00dcniversitesi K\u00fct\u00fcphane ve Dok\u00fcmantasyon Daire Ba\u015fkanl\u0131\u011f\u0131 Nadir Eserler K\u00fct\u00fcphanesi\u2019nde muhafaza edilen, <strong>Sultan II. Abd\u00fclhamid Han<\/strong>\u2019\u0131n <strong>Y\u0131ld\u0131z Foto\u011fraf Koleksiyonu<\/strong>, <strong>911 alb\u00fcm i\u00e7inde 36.585 kare foto\u011fraf<\/strong>tan olu\u015fan d\u00fcnyan\u0131n en zengin g\u00f6rsel ar\u015fivlerinden biridir.<!--more--><\/p>\n<p>Sultan II. Abd\u00fclhamid Y\u0131ld\u0131z Foto\u011fraf Koleksiyonu 19. y\u00fczy\u0131la ait d\u00fcnyan\u0131n en b\u00fcy\u00fck g\u00f6rsel ar\u015fivlerinden biri olarak sadece \u00fclkemiz de\u011fil d\u00fcnya i\u00e7in de \u00f6nemli bir k\u00fclt\u00fcr miras\u0131d\u0131r. D\u00fcnyan\u0131n \u00e7e\u015fitli \u00fclkelerinde, \u00e7ekildi\u011fi d\u00f6nemin rejimlerini, sosyal ve siyasal yap\u0131lar\u0131n\u0131 belgeleyen adeta son tan\u0131klard\u0131r.<\/p>\n<p>Bu de\u011ferli koleksiyonun dijitalle\u015ftirilerek, <strong>kullan\u0131c\u0131lar\u0131n hem foto\u011fraflara ait meta verilerini hem de foto\u011fraf i\u00e7eriklerini birlikte sorgulayarak h\u0131zl\u0131 ve g\u00fcvenli bir \u015fekilde eri\u015febilmeleri amac\u0131<\/strong>yla, Cumhurba\u015fkanl\u0131\u011f\u0131 himayesi, \u0130stanbul \u00dcniversitesi ve TBMM Genel Sekreterli\u011fi (Milli Saraylar) i\u015fbirli\u011fi ile \u201cSultan II. Abd\u00fclhamid Han Foto\u011fraf Alb\u00fcmleri\u201d proje \u00e7al\u0131\u015fmas\u0131 ba\u015flat\u0131lm\u0131\u015f bulunmaktad\u0131r.<\/p>\n<p>TBMM Genel Sekreter Yard\u0131mc\u0131s\u0131 Dr. Yasin YILDIZ ve Rekt\u00f6r\u00fcm\u00fcz Prof. Dr. Mahmut AK, Proje ba\u015flang\u0131\u00e7 \u00e7al\u0131\u015fmalar\u0131n\u0131 ve \u0130\u00dc Nadir Eser K\u00fct\u00fcphanesi\u2019nde y\u00fcr\u00fct\u00fclen t\u00fcm \u00e7al\u0131\u015fmalar\u0131 yerinde incelemek amac\u0131yla K\u00fct\u00fcphanemizi ziyaret ederek, detayl\u0131 bilgiler ald\u0131lar ve kendileri i\u00e7in haz\u0131rlanan sergiyi ziyaret ettiler.<br \/>\nProjenin t\u00fcm ara\u015ft\u0131rmac\u0131lar ve bilim d\u00fcnyas\u0131 i\u00e7in hay\u0131rl\u0131 olmas\u0131n\u0131 diliyoruz.<\/p>\n<p><a href=\"http:\/\/kutuphane.istanbul.edu.tr\/\" target=\"_blank\" rel=\"noopener\">Kaynak<\/a><\/p>\n","protected":false},"excerpt":{"rendered":"<p>\u0130stanbul \u00dcniversitesi K\u00fct\u00fcphane ve Dok\u00fcmantasyon Daire Ba\u015fkanl\u0131\u011f\u0131 Nadir Eserler K\u00fct\u00fcphanesi\u2019nde muhafaza edilen, Sultan II. Abd\u00fclhamid Han\u2019\u0131n Y\u0131ld\u0131z Foto\u011fraf Koleksiyonu, 911 alb\u00fcm i\u00e7inde 36.585 kare foto\u011fraftan olu\u015fan d\u00fcnyan\u0131n en zengin g\u00f6rsel ar\u015fivlerinden biridir.<\/p>\n","protected":false},"author":1,"featured_media":23752,"comment_status":"open","ping_status":"open","sticky":false,"template":"","format":"standard","meta":{"footnotes":""},"categories":[1],"tags":[],"class_list":["post-23749","post","type-post","status-publish","format-standard","has-post-thumbnail","hentry","category-genel"],"_links":{"self":[{"href":"https:\/\/www.bbyhaber.com\/bby\/wp-json\/wp\/v2\/posts\/23749"}],"collection":[{"href":"https:\/\/www.bbyhaber.com\/bby\/wp-json\/wp\/v2\/posts"}],"about":[{"href":"https:\/\/www.bbyhaber.com\/bby\/wp-json\/wp\/v2\/types\/post"}],"author":[{"embeddable":true,"href":"https:\/\/www.bbyhaber.com\/bby\/wp-json\/wp\/v2\/users\/1"}],"replies":[{"embeddable":true,"href":"https:\/\/www.bbyhaber.com\/bby\/wp-json\/wp\/v2\/comments?post=23749"}],"version-history":[{"count":2,"href":"https:\/\/www.bbyhaber.com\/bby\/wp-json\/wp\/v2\/posts\/23749\/revisions"}],"predecessor-version":[{"id":23754,"href":"https:\/\/www.bbyhaber.com\/bby\/wp-json\/wp\/v2\/posts\/23749\/revisions\/23754"}],"wp:featuredmedia":[{"embeddable":true,"href":"https:\/\/www.bbyhaber.com\/bby\/wp-json\/wp\/v2\/media\/23752"}],"wp:attachment":[{"href":"https:\/\/www.bbyhaber.com\/bby\/wp-json\/wp\/v2\/media?parent=23749"}],"wp:term":[{"taxonomy":"category","embeddable":true,"href":"https:\/\/www.bbyhaber.com\/bby\/wp-json\/wp\/v2\/categories?post=23749"},{"taxonomy":"post_tag","embeddable":true,"href":"https:\/\/www.bbyhaber.com\/bby\/wp-json\/wp\/v2\/tags?post=23749"}],"curies":[{"name":"wp","href":"https:\/\/api.w.org\/{rel}","templated":true}]}}