{"id":23691,"date":"2018-02-13T10:02:27","date_gmt":"2018-02-13T07:02:27","guid":{"rendered":"http:\/\/www.bbyhaber.com\/bby\/?p=23691"},"modified":"2018-02-13T10:02:43","modified_gmt":"2018-02-13T07:02:43","slug":"ondokuz-mayis-universitesi-icin-okuma-vakti","status":"publish","type":"post","link":"https:\/\/www.bbyhaber.com\/bby\/2018\/02\/13\/ondokuz-mayis-universitesi-icin-okuma-vakti","title":{"rendered":"Ondokuz May\u0131s \u00dcniversitesi i\u00e7in Okuma Vakti"},"content":{"rendered":"<p><a href=\"http:\/\/www.bbyhaber.com\/bby\/wp-content\/uploads\/2018\/02\/omu-okuma-etkinligi.jpg\"><img loading=\"lazy\" decoding=\"async\" class=\"alignleft size-full wp-image-23693\" src=\"http:\/\/www.bbyhaber.com\/bby\/wp-content\/uploads\/2018\/02\/omu-okuma-etkinligi.jpg\" alt=\"\" width=\"390\" height=\"180\" \/><\/a>Samsun Valili\u011fi \u00f6nc\u00fcl\u00fc\u011f\u00fcnde ba\u015flat\u0131lan, kentte ve T\u00fcrkiye\u2019de yank\u0131 bulan \u201cSamsun i\u00e7in Okuma Vakti\u201d etkinli\u011fi Ondokuz May\u0131s \u00dcniversitesi (OM\u00dc) \u00d6\u011frenci Konseyi\u2019nin giri\u015fimiyle \u00dcniversitenin Ya\u015fam Merkezi\u2019nde devam etti.<!--more--><\/p>\n<p>OM\u00dc \u00f6\u011frencilerinin ve bu kapsamda t\u00fcm vatanda\u015flar\u0131n okuma al\u0131\u015fkanl\u0131\u011f\u0131n\u0131 ve zevkini geli\u015ftirmeyi, kitap sevgisini artt\u0131rmay\u0131, okuyucular\u0131n kitaplardan daha \u00e7ok yararlanmalar\u0131n\u0131 g\u00f6zeten okuma etkinli\u011fi; Vali Osman Kaymak, Rekt\u00f6r Prof. Dr. Sait Bilgi\u00e7, \u00dcniversite Genel Sekreteri Do\u00e7. Dr. Menderes Kabaday\u0131, \u0130lahiyat Fak\u00fcltesi Dekan\u0131 Prof. Dr. Metin Y\u0131lmaz, K\u00fct\u00fcphane ve Dok\u00fcmantasyon Daire Ba\u015fkan\u0131 Uzman Ethem Olukcuo\u011flu, \u00d6\u011frenci Konseyi Ba\u015fkan\u0131 Muhsin O\u011ful ve OM\u00dc \u00f6\u011frencilerinin kat\u0131l\u0131m\u0131yla daha da b\u00fcy\u00fcd\u00fc.<\/p>\n<p>\u00c7ok y\u00f6nl\u00fc amaca hizmet eden ve k\u00fclt\u00fcrel seviyenin geli\u015fmesine vesile olacak seferberlik kapsam\u0131nda \u00f6\u011frencilerle bulu\u015fan Vali Osman Kaymak, Rekt\u00f6r Prof. Dr. Sait Bilgi\u00e7 ve beraberindekilerin te\u015fvik edici okuma etkinli\u011fi OM\u00dc Ya\u015fam Merkezi\u2019nde yakla\u015f\u0131k 30 dakika boyunca s\u00fcrd\u00fc. Etkinli\u011fe minik kitap kurtlar\u0131n\u0131n da d\u00e2hil olmas\u0131 dikkat \u00e7ekti.<\/p>\n<p>Okuma etkinli\u011fi sonras\u0131 \u00f6\u011frenci grubuyla sohbet eden Vali Kaymak ve Rekt\u00f6r Bilgi\u00e7 b\u00f6ylesine anlaml\u0131 bir aktiviteye g\u00f6sterdikleri hassasiyet ve alakadan \u00f6t\u00fcr\u00fc onlara te\u015fekk\u00fcr ederken kitap okuma al\u0131\u015fkanl\u0131\u011f\u0131n\u0131n kal\u0131c\u0131la\u015fmas\u0131 temennisinde bulundular. Vali Osman Kaymak ayr\u0131ca etkinli\u011fe i\u015ftirak eden \u00f6\u011frencilere g\u00fcn\u00fcn an\u0131s\u0131n\u0131 canl\u0131 k\u0131lacak satran\u00e7 tak\u0131m\u0131 hediye etti. Vali Kaymak ve Rekt\u00f6r Bilgi\u00e7 bunun yan\u0131 s\u0131ra da \u00f6\u011frencilerle hat\u0131ra foto\u011fraf\u0131 \u00e7ektirmeyi ihmal etmedi.<\/p>\n<p>Kitap okuma etkinli\u011fi sonras\u0131 Ya\u015fam Merkezi\u2019nden ayr\u0131lan Vali Osman Kaymak, Rekt\u00f6r Prof. Dr. Sait Bilgi\u00e7 ve Genel Sekreter Do\u00e7. Dr. Menderes Kabaday\u0131; Dekan Prof. Dr. Metin Y\u0131lmaz\u2019\u0131n rehberli\u011finde \u0130lahiyat Fak\u00fcltesini ziyaret etti.<\/p>\n<p>Ziyarette, Fak\u00fcltedeki yenilik ve de\u011fi\u015fikliklere tan\u0131k olan heyet, Karahisar\u00ee Mushaf\u0131 olarak \u0130slam d\u00fcnyas\u0131nda tan\u0131nan Mushaf-\u0131 \u015eerif\u2019in t\u0131pk\u0131bas\u0131m\u0131n\u0131 ve de binan\u0131n tavan\u0131na Arap harfleri ile i\u015flenen T\u00fcrkiye haritas\u0131n\u0131 dikkatle incelediler. Ard\u0131ndan s\u00fcrpriz bir ziyaretle Fak\u00fcltedeki Arap\u00e7a dersine konuk olan heyet, \u00f6\u011frenciler ve okutmanla sohbet ederek OM\u00dc&#8217;n\u00fcn Arap\u00e7a dil e\u011fitiminde geldi\u011fi noktaya dair fikir edindiler.<\/p>\n<p><a href=\"http:\/\/www.omu.edu.tr\" target=\"_blank\" rel=\"noopener\">Kaynak<\/a><\/p>\n","protected":false},"excerpt":{"rendered":"<p>Samsun Valili\u011fi \u00f6nc\u00fcl\u00fc\u011f\u00fcnde ba\u015flat\u0131lan, kentte ve T\u00fcrkiye\u2019de yank\u0131 bulan \u201cSamsun i\u00e7in Okuma Vakti\u201d etkinli\u011fi Ondokuz May\u0131s \u00dcniversitesi (OM\u00dc) \u00d6\u011frenci Konseyi\u2019nin giri\u015fimiyle \u00dcniversitenin Ya\u015fam Merkezi\u2019nde devam etti.<\/p>\n","protected":false},"author":1,"featured_media":23693,"comment_status":"open","ping_status":"open","sticky":false,"template":"","format":"standard","meta":{"footnotes":""},"categories":[1496],"tags":[1437],"class_list":["post-23691","post","type-post","status-publish","format-standard","has-post-thumbnail","hentry","category-kitap-okuma-etkinligi","tag-univ-arastirma-kutuphaneleri"],"_links":{"self":[{"href":"https:\/\/www.bbyhaber.com\/bby\/wp-json\/wp\/v2\/posts\/23691"}],"collection":[{"href":"https:\/\/www.bbyhaber.com\/bby\/wp-json\/wp\/v2\/posts"}],"about":[{"href":"https:\/\/www.bbyhaber.com\/bby\/wp-json\/wp\/v2\/types\/post"}],"author":[{"embeddable":true,"href":"https:\/\/www.bbyhaber.com\/bby\/wp-json\/wp\/v2\/users\/1"}],"replies":[{"embeddable":true,"href":"https:\/\/www.bbyhaber.com\/bby\/wp-json\/wp\/v2\/comments?post=23691"}],"version-history":[{"count":2,"href":"https:\/\/www.bbyhaber.com\/bby\/wp-json\/wp\/v2\/posts\/23691\/revisions"}],"predecessor-version":[{"id":23695,"href":"https:\/\/www.bbyhaber.com\/bby\/wp-json\/wp\/v2\/posts\/23691\/revisions\/23695"}],"wp:featuredmedia":[{"embeddable":true,"href":"https:\/\/www.bbyhaber.com\/bby\/wp-json\/wp\/v2\/media\/23693"}],"wp:attachment":[{"href":"https:\/\/www.bbyhaber.com\/bby\/wp-json\/wp\/v2\/media?parent=23691"}],"wp:term":[{"taxonomy":"category","embeddable":true,"href":"https:\/\/www.bbyhaber.com\/bby\/wp-json\/wp\/v2\/categories?post=23691"},{"taxonomy":"post_tag","embeddable":true,"href":"https:\/\/www.bbyhaber.com\/bby\/wp-json\/wp\/v2\/tags?post=23691"}],"curies":[{"name":"wp","href":"https:\/\/api.w.org\/{rel}","templated":true}]}}