{"id":2369,"date":"2012-02-01T14:31:21","date_gmt":"2012-02-01T14:31:21","guid":{"rendered":"http:\/\/www.bbyhaber.com\/bby\/?p=2369"},"modified":"2012-05-21T11:44:26","modified_gmt":"2012-05-21T11:44:26","slug":"dogan-hizlan-kutuphanesi-aciliyor-antalya","status":"publish","type":"post","link":"https:\/\/www.bbyhaber.com\/bby\/2012\/02\/01\/dogan-hizlan-kutuphanesi-aciliyor-antalya","title":{"rendered":"Do\u011fan H\u0131zlan K\u00fct\u00fcphanesi A\u00e7\u0131l\u0131yor-Antalya"},"content":{"rendered":"<p style=\"text-align: justify;\">B\u00fcy\u00fck\u015fehir Belediye Ba\u015fkan\u0131 Mustafa Akayd\u0131n\u2019\u0131n kente kazand\u0131rmak istedi\u011fi en \u00f6nemli k\u00fclt\u00fcrel hizmetlerden biri olarak nitelendirdi\u011fi &#8216;Do\u011fan H\u0131zlan K\u00fct\u00fcphanesi&#8217; 17 \u015eubat Cuma g\u00fcn\u00fc saat 15.00\u2019te Atat\u00fcrk K\u00fclt\u00fcr Park\u0131 i\u00e7erisinde a\u00e7\u0131l\u0131yor. T\u00dcYAP Antalya Kitap Fuar\u0131 kapsam\u0131nda a\u00e7\u0131l\u0131\u015f\u0131 yap\u0131lacak k\u00fct\u00fcphaneye, yazar ve edebiyat ele\u015ftirmeni Do\u011fan H\u0131zlan taraf\u0131ndan yakla\u015f\u0131k 20 bin kitap ba\u011f\u0131\u015fland\u0131. A\u00e7\u0131l\u0131\u015fa H\u00fcrriyet Gazetesi Yay\u0131n Dan\u0131\u015fman\u0131 ve Yazar\u0131 Do\u011fan H\u0131zlan da kat\u0131lacak.<!--more--><\/p>\n<p style=\"text-align: justify;\">Kitap al\u0131mlar\u0131 devam eden k\u00fct\u00fcphane 60 bin kitap kapasitesiyle Antalya\u2019n\u0131n en b\u00fcy\u00fck k\u00fct\u00fcphanelerinden biri olacak. Halka a\u00e7\u0131k k\u00fct\u00fcphane kentin bu anlamda \u00f6nemli bir a\u00e7\u0131\u011f\u0131n\u0131 kapatacak. 110 ki\u015fi kapasiteli Do\u011fan H\u0131zlan K\u00fct\u00fcphanesi, sosyal ve fen bilimleri ara\u015ft\u0131rma, edebi t\u00fcr ve inceleme olmak \u00fczere 2 ana b\u00f6l\u00fcmden olu\u015fuyor. K\u00fct\u00fcphanede \u00e7al\u0131\u015fma salonlar\u0131 ile s\u00fcreli yay\u0131mlar okuma alanlar\u0131 yer al\u0131yor.<\/p>\n<p style=\"text-align: justify;\">Kaynak: http:\/\/www.antalyaburada.com\/<\/p>\n","protected":false},"excerpt":{"rendered":"<p>B\u00fcy\u00fck\u015fehir Belediye Ba\u015fkan\u0131 Mustafa Akayd\u0131n\u2019\u0131n kente kazand\u0131rmak istedi\u011fi en \u00f6nemli k\u00fclt\u00fcrel hizmetlerden biri olarak nitelendirdi\u011fi &#8216;Do\u011fan H\u0131zlan K\u00fct\u00fcphanesi&#8217; 17 \u015eubat Cuma g\u00fcn\u00fc saat 15.00\u2019te Atat\u00fcrk K\u00fclt\u00fcr Park\u0131 i\u00e7erisinde a\u00e7\u0131l\u0131yor. T\u00dcYAP Antalya Kitap Fuar\u0131 kapsam\u0131nda a\u00e7\u0131l\u0131\u015f\u0131 yap\u0131lacak k\u00fct\u00fcphaneye, yazar ve edebiyat ele\u015ftirmeni Do\u011fan H\u0131zlan taraf\u0131ndan yakla\u015f\u0131k 20 bin kitap ba\u011f\u0131\u015fland\u0131. A\u00e7\u0131l\u0131\u015fa H\u00fcrriyet Gazetesi Yay\u0131n Dan\u0131\u015fman\u0131 ve [&hellip;]<\/p>\n","protected":false},"author":1,"featured_media":0,"comment_status":"open","ping_status":"open","sticky":false,"template":"","format":"standard","meta":{"footnotes":""},"categories":[1],"tags":[265],"class_list":["post-2369","post","type-post","status-publish","format-standard","hentry","category-genel","tag-dogan-hizlan-kutuphanesi"],"_links":{"self":[{"href":"https:\/\/www.bbyhaber.com\/bby\/wp-json\/wp\/v2\/posts\/2369"}],"collection":[{"href":"https:\/\/www.bbyhaber.com\/bby\/wp-json\/wp\/v2\/posts"}],"about":[{"href":"https:\/\/www.bbyhaber.com\/bby\/wp-json\/wp\/v2\/types\/post"}],"author":[{"embeddable":true,"href":"https:\/\/www.bbyhaber.com\/bby\/wp-json\/wp\/v2\/users\/1"}],"replies":[{"embeddable":true,"href":"https:\/\/www.bbyhaber.com\/bby\/wp-json\/wp\/v2\/comments?post=2369"}],"version-history":[{"count":0,"href":"https:\/\/www.bbyhaber.com\/bby\/wp-json\/wp\/v2\/posts\/2369\/revisions"}],"wp:attachment":[{"href":"https:\/\/www.bbyhaber.com\/bby\/wp-json\/wp\/v2\/media?parent=2369"}],"wp:term":[{"taxonomy":"category","embeddable":true,"href":"https:\/\/www.bbyhaber.com\/bby\/wp-json\/wp\/v2\/categories?post=2369"},{"taxonomy":"post_tag","embeddable":true,"href":"https:\/\/www.bbyhaber.com\/bby\/wp-json\/wp\/v2\/tags?post=2369"}],"curies":[{"name":"wp","href":"https:\/\/api.w.org\/{rel}","templated":true}]}}