{"id":23685,"date":"2018-02-13T09:42:28","date_gmt":"2018-02-13T06:42:28","guid":{"rendered":"http:\/\/www.bbyhaber.com\/bby\/?p=23685"},"modified":"2018-02-13T09:42:44","modified_gmt":"2018-02-13T06:42:44","slug":"ankosun-artik-bir-ofisi-olacak","status":"publish","type":"post","link":"https:\/\/www.bbyhaber.com\/bby\/2018\/02\/13\/ankosun-artik-bir-ofisi-olacak","title":{"rendered":"ANKOS&#8217;un art\u0131k bir ofisi olacak"},"content":{"rendered":"<p><a href=\"http:\/\/www.bbyhaber.com\/bby\/wp-content\/uploads\/2018\/02\/ankos-ofis-acilisii.jpg\"><img loading=\"lazy\" decoding=\"async\" class=\"alignleft size-full wp-image-23688\" src=\"http:\/\/www.bbyhaber.com\/bby\/wp-content\/uploads\/2018\/02\/ankos-ofis-acilisii.jpg\" alt=\"\" width=\"390\" height=\"180\" \/><\/a>ANKOS Dernek Ofisi&#8217;nin\u00a0<strong>24 \u015eubat 2018 Cumartesi<\/strong>\u00a0g\u00fcn\u00fc a\u00e7\u0131laca\u011f\u0131 ve a\u00e7\u0131l\u0131\u015f etkinli\u011fi kapsam\u0131nda, \u201c<strong>S\u00f6zl\u00fc Anlat\u0131mla ANKOS\u201d<\/strong>\u00a0ba\u015fl\u0131kl\u0131 bir s\u00f6yle\u015finin d\u00fczenlenece\u011fi belirtildi. A\u00e7\u0131l\u0131\u015f program bilgileri a\u015fa\u011f\u0131da yer almaktad\u0131r.<!--more--><\/p>\n<p><span style=\"color: #ff0000;\"><strong><u>Program:<\/u><\/strong><\/span><\/p>\n<p>10:15 \u00a0 \u00a0\u00a0\u00a0\u00a0\u00a0\u00a0\u00a0\u00a0\u00a0\u00a0\u00a0 : A\u00e7\u0131l\u0131\u015f Konu\u015fmas\u0131; Tuba Akbayt\u00fcrk \u00c7ANAK<\/p>\n<p>10:30 \u00a0 \u00a0\u00a0\u00a0\u00a0\u00a0\u00a0\u00a0\u00a0\u00a0\u00a0\u00a0 : S\u00f6yle\u015fi :\u00a0<em><strong>S\u00f6zl\u00fc Anlat\u0131mla ANKOS<\/strong><\/em><\/p>\n<p>Moderat\u00f6r\u00a0\u00a0\u00a0\u00a0\u00a0\u00a0 : Ayhan Kaygusuz<\/p>\n<p>Konu\u015fmac\u0131lar\u00a0 : Prof. Dr. \u00a0B\u00fclent KARAS\u00d6ZEN ve Phyllis ERDO\u011eAN<\/p>\n<p>12.00 \u00a0\u00a0\u00a0\u00a0\u00a0\u00a0\u00a0\u00a0\u00a0\u00a0\u00a0\u00a0\u00a0 : Ofis A\u00e7\u0131l\u0131\u015f\u0131<\/p>\n<p>12.30 \u00a0\u00a0\u00a0\u00a0\u00a0\u00a0\u00a0\u00a0\u00a0\u00a0\u00a0\u00a0\u00a0 : \u0130kram<\/p>\n<p>Not: Gerekli planlaman\u0131n tam yap\u0131labilmesi i\u00e7in etkinli\u011fe kat\u0131l\u0131m\u0131n\u0131z\u0131 bu linkten\u00a0\u00a0<a href=\"https:\/\/form.jotform.com\/80361883462965\" target=\"_blank\" rel=\"noopener\">https:\/\/form.jotform.com\/80361883462965<\/a>\u00a0 bildirmeniz faydal\u0131 olacakt\u0131r.<\/p>\n<p><strong><u>Adres:<\/u><\/strong><\/p>\n<p>DAP Yap\u0131 Z Ofis<\/p>\n<p>Konferans Salonu 1 Merhez Mah. Se\u00e7kin Sok. 2\/4<\/p>\n<p><strong>\u00c7a\u011flayan-Ka\u011f\u0131thane \u0130STANBUL<\/strong><\/p>\n","protected":false},"excerpt":{"rendered":"<p>ANKOS Dernek Ofisi&#8217;nin\u00a024 \u015eubat 2018 Cumartesi\u00a0g\u00fcn\u00fc a\u00e7\u0131laca\u011f\u0131 ve a\u00e7\u0131l\u0131\u015f etkinli\u011fi kapsam\u0131nda, \u201cS\u00f6zl\u00fc Anlat\u0131mla ANKOS\u201d\u00a0ba\u015fl\u0131kl\u0131 bir s\u00f6yle\u015finin d\u00fczenlenece\u011fi belirtildi. A\u00e7\u0131l\u0131\u015f program bilgileri a\u015fa\u011f\u0131da yer almaktad\u0131r.<\/p>\n","protected":false},"author":1,"featured_media":23688,"comment_status":"open","ping_status":"open","sticky":false,"template":"","format":"standard","meta":{"footnotes":""},"categories":[1],"tags":[1015],"class_list":["post-23685","post","type-post","status-publish","format-standard","has-post-thumbnail","hentry","category-genel","tag-ankos"],"_links":{"self":[{"href":"https:\/\/www.bbyhaber.com\/bby\/wp-json\/wp\/v2\/posts\/23685"}],"collection":[{"href":"https:\/\/www.bbyhaber.com\/bby\/wp-json\/wp\/v2\/posts"}],"about":[{"href":"https:\/\/www.bbyhaber.com\/bby\/wp-json\/wp\/v2\/types\/post"}],"author":[{"embeddable":true,"href":"https:\/\/www.bbyhaber.com\/bby\/wp-json\/wp\/v2\/users\/1"}],"replies":[{"embeddable":true,"href":"https:\/\/www.bbyhaber.com\/bby\/wp-json\/wp\/v2\/comments?post=23685"}],"version-history":[{"count":2,"href":"https:\/\/www.bbyhaber.com\/bby\/wp-json\/wp\/v2\/posts\/23685\/revisions"}],"predecessor-version":[{"id":23690,"href":"https:\/\/www.bbyhaber.com\/bby\/wp-json\/wp\/v2\/posts\/23685\/revisions\/23690"}],"wp:featuredmedia":[{"embeddable":true,"href":"https:\/\/www.bbyhaber.com\/bby\/wp-json\/wp\/v2\/media\/23688"}],"wp:attachment":[{"href":"https:\/\/www.bbyhaber.com\/bby\/wp-json\/wp\/v2\/media?parent=23685"}],"wp:term":[{"taxonomy":"category","embeddable":true,"href":"https:\/\/www.bbyhaber.com\/bby\/wp-json\/wp\/v2\/categories?post=23685"},{"taxonomy":"post_tag","embeddable":true,"href":"https:\/\/www.bbyhaber.com\/bby\/wp-json\/wp\/v2\/tags?post=23685"}],"curies":[{"name":"wp","href":"https:\/\/api.w.org\/{rel}","templated":true}]}}