{"id":23671,"date":"2018-02-12T09:02:14","date_gmt":"2018-02-12T06:02:14","guid":{"rendered":"http:\/\/www.bbyhaber.com\/bby\/?p=23671"},"modified":"2018-02-12T09:06:04","modified_gmt":"2018-02-12T06:06:04","slug":"e-devlet-soyagaci-icin-320-milyon-evrak-taranacak","status":"publish","type":"post","link":"https:\/\/www.bbyhaber.com\/bby\/2018\/02\/12\/e-devlet-soyagaci-icin-320-milyon-evrak-taranacak","title":{"rendered":"E-Devlet soya\u011fac\u0131 i\u00e7in 320 milyon evrak taranacak"},"content":{"rendered":"<p><strong><a href=\"http:\/\/www.bbyhaber.com\/bby\/wp-content\/uploads\/2018\/02\/e-devlet-soy-agaci.jpg\"><img loading=\"lazy\" decoding=\"async\" class=\"alignleft size-full wp-image-23673\" src=\"http:\/\/www.bbyhaber.com\/bby\/wp-content\/uploads\/2018\/02\/e-devlet-soy-agaci.jpg\" alt=\"\" width=\"390\" height=\"180\" \/><\/a>E-Devlet<\/strong>\u2019te <strong>soya\u011fac\u0131<\/strong> sorgulama sayfas\u0131 sistemi kilitlenme y\u00fcz\u00fcnden ge\u00e7ici olarak durdurulurken N\u00fcfus ve Vatanda\u015fl\u0131k \u0130\u015fleri Genel M\u00fcd\u00fcrl\u00fc\u011f\u00fc, 1800\u2019l\u00fc y\u0131llara ve ondan \u00f6nceki tarihe kadar uzanacak \u00fcst soy bilgilerinin TC kimlik numaralar\u0131yla ili\u015fkilendirilmesi i\u00e7in \u00e7al\u0131\u015fma y\u00fcr\u00fct\u00fcyor.<!--more--><\/p>\n<p>\u0130stanbul, Hatay gibi illerde bulunan Osmanl\u0131 ar\u015fivlerindeki belgeler kamyonlarla Ankara\u2019ya getirildi. Osmanl\u0131ca 320 milyon evrak\u0131n taranmas\u0131na ba\u015fland\u0131. N\u00fcfus ve Vatanda\u015fl\u0131k \u0130\u015fleri Genel M\u00fcd\u00fcr\u00fc Sinan G\u00fcner, <strong>elektronik ar\u015fiv<\/strong> projesinin \u00e7ok \u00f6nemli oldu\u011funu belirterek, \u015funlar\u0131 s\u00f6yledi: \u201c\u015eu ana kadar T\u00fcrkiye\u2019nin farkl\u0131 illerinden <strong>320 milyon Osmanl\u0131ca ar\u015fivi<\/strong> Ankara\u2019ya getirdik. Uzmanlar\u0131m\u0131z, bu <strong>ar\u015fiv<\/strong>in taran\u0131p <strong>elektronik<\/strong> ortama aktar\u0131lmas\u0131na ba\u015flad\u0131. Ayr\u0131ca okunmayan, tahrip olan evrak onar\u0131l\u0131yor. Tarihimizi kurtar\u0131yoruz. Ar\u015fivi taray\u0131p elektronik ortama aktard\u0131ktan sonra TC kimlik numaralar\u0131yla ili\u015fkilendirece\u011fiz. Ki\u015finin do\u011fumundan \u00f6l\u00fcm\u00fcne, \u00e7ocuklar\u0131, <strong>soya\u011fac\u0131<\/strong>, atas\u0131-dedesi herkes belirlenmi\u015f olacak. Ki\u015fi soya\u011fac\u0131n\u0131 sordu\u011funda 320 milyon evrak i\u00e7inde kendisiyle ilgili bilgi varsa hemen ula\u015fabilecek, diyelim ki ki\u015fiyle ilgili 100 belge var hepsine saniyeler i\u00e7inde ula\u015facak.\u201d<\/p>\n<p><a href=\"http:\/\/www.hurriyet.com.tr\" target=\"_blank\" rel=\"noopener\">Kaynak<\/a><\/p>\n","protected":false},"excerpt":{"rendered":"<p>E-Devlet\u2019te soya\u011fac\u0131 sorgulama sayfas\u0131 sistemi kilitlenme y\u00fcz\u00fcnden ge\u00e7ici olarak durdurulurken N\u00fcfus ve Vatanda\u015fl\u0131k \u0130\u015fleri Genel M\u00fcd\u00fcrl\u00fc\u011f\u00fc, 1800\u2019l\u00fc y\u0131llara ve ondan \u00f6nceki tarihe kadar uzanacak \u00fcst soy bilgilerinin TC kimlik numaralar\u0131yla ili\u015fkilendirilmesi i\u00e7in \u00e7al\u0131\u015fma y\u00fcr\u00fct\u00fcyor.<\/p>\n","protected":false},"author":1,"featured_media":23673,"comment_status":"open","ping_status":"open","sticky":false,"template":"","format":"standard","meta":{"footnotes":""},"categories":[299,1568,1482],"tags":[1096,1412],"class_list":["post-23671","post","type-post","status-publish","format-standard","has-post-thumbnail","hentry","category-bilgi-yonetimi-2","category-e-devlet","category-ebys","tag-arsivcilik","tag-belge-yonetimi"],"_links":{"self":[{"href":"https:\/\/www.bbyhaber.com\/bby\/wp-json\/wp\/v2\/posts\/23671"}],"collection":[{"href":"https:\/\/www.bbyhaber.com\/bby\/wp-json\/wp\/v2\/posts"}],"about":[{"href":"https:\/\/www.bbyhaber.com\/bby\/wp-json\/wp\/v2\/types\/post"}],"author":[{"embeddable":true,"href":"https:\/\/www.bbyhaber.com\/bby\/wp-json\/wp\/v2\/users\/1"}],"replies":[{"embeddable":true,"href":"https:\/\/www.bbyhaber.com\/bby\/wp-json\/wp\/v2\/comments?post=23671"}],"version-history":[{"count":4,"href":"https:\/\/www.bbyhaber.com\/bby\/wp-json\/wp\/v2\/posts\/23671\/revisions"}],"predecessor-version":[{"id":23677,"href":"https:\/\/www.bbyhaber.com\/bby\/wp-json\/wp\/v2\/posts\/23671\/revisions\/23677"}],"wp:featuredmedia":[{"embeddable":true,"href":"https:\/\/www.bbyhaber.com\/bby\/wp-json\/wp\/v2\/media\/23673"}],"wp:attachment":[{"href":"https:\/\/www.bbyhaber.com\/bby\/wp-json\/wp\/v2\/media?parent=23671"}],"wp:term":[{"taxonomy":"category","embeddable":true,"href":"https:\/\/www.bbyhaber.com\/bby\/wp-json\/wp\/v2\/categories?post=23671"},{"taxonomy":"post_tag","embeddable":true,"href":"https:\/\/www.bbyhaber.com\/bby\/wp-json\/wp\/v2\/tags?post=23671"}],"curies":[{"name":"wp","href":"https:\/\/api.w.org\/{rel}","templated":true}]}}