{"id":2367,"date":"2012-02-01T14:24:28","date_gmt":"2012-02-01T14:24:28","guid":{"rendered":"http:\/\/www.bbyhaber.com\/bby\/?p=2367"},"modified":"2012-09-29T14:16:53","modified_gmt":"2012-09-29T11:16:53","slug":"ertugrul-gunaydan-milli-kutuphaneye-mujde-izmir","status":"publish","type":"post","link":"https:\/\/www.bbyhaber.com\/bby\/2012\/02\/01\/ertugrul-gunaydan-milli-kutuphaneye-mujde-izmir","title":{"rendered":"Ertu\u011frul G\u00fcnay&#8217;dan Milli K\u00fct\u00fcphane&#8217;ye M\u00fcjde-\u0130zmir"},"content":{"rendered":"<p style=\"text-align: justify;\">&#8220;K\u00dcLT\u00dcR ve Turizm Bakan\u0131 Ertu\u011frul G\u00fcnay, Kemeralt\u0131&#8217;nda bulunan tarihi han, cami, \u00e7e\u015fme ve \u015fad\u0131rvanlar\u0131 tek tek gezerek inceleme yapt\u0131. Milli K\u00fct\u00fcphane&#8217;yi ziyaret eden Bakan G\u00fcnay, Milli K\u00fct\u00fcphane Vakf\u0131 Ba\u015fkan\u0131 Ulvi Pu\u011f ve y\u00f6neticiler ile uzun s\u00fcre g\u00f6r\u00fc\u015ft\u00fc. G\u00f6r\u00fc\u015fme sonunda a\u00e7\u0131klama yapan Bakan G\u00fcnay, k\u00fct\u00fcphaneyi gezen ilk K\u00fclt\u00fcr ve Turizm Bakan\u0131 olmaktan dolay\u0131 b\u00fcy\u00fck mutluluk duydu\u011funu dile getirerek, k\u00fct\u00fcphanenin sorunlar\u0131n\u0131n \u00e7\u00f6z\u00fclece\u011fini s\u00f6yledi. <!--more--><\/p>\n<p style=\"text-align: justify;\">Bakan G\u00fcnay, &#8220;Derleme Yasas\u0131 bir iki ay i\u00e7erisinde teklif olmaktan \u00e7\u0131k\u0131p yasa olacak. Daha \u00f6nce yer darl\u0131\u011f\u0131 nedeniyle \u0130zmir Milli K\u00fct\u00fcphane&#8217;nin derleme k\u00fct\u00fcphaneleri kapsam\u0131ndan \u00e7\u0131kar\u0131lmas\u0131 \u00f6ng\u00f6r\u00fclm\u00fc\u015ft\u00fc. Biz de haz\u0131rl\u0131\u011f\u0131m\u0131z\u0131 ona g\u00f6re yapm\u0131\u015ft\u0131k. Sonra \u0130zmir&#8217;in de kapsama al\u0131nmas\u0131, buna uygun mekan bulunabilece\u011fi konusunda \u00f6neriler geldi. Biz de bu teklifi de de\u011ferlendirdik. \u015eimdi \u0130zmir Milli K\u00fct\u00fcphane&#8217;nin de, \u0130stanbul \u00dcniversite K\u00fct\u00fcphanesi&#8217;ni de derleme k\u00fct\u00fcphaneleri aras\u0131na al\u0131yoruz. San\u0131yorum \u015fubat ya da mart ay\u0131nda yasa \u00e7\u0131kt\u0131\u011f\u0131nda \u0130zmir&#8217;in k\u00fct\u00fcphanesi de derleme k\u00fct\u00fcphanelerin kapsam\u0131na girmi\u015f olacak&#8221; diye konu\u015ftu. \u0130zmir Milli K\u00fct\u00fcphane&#8217;nin kurulu\u015funun 100&#8217;\u00fcnc\u00fc y\u0131l\u0131 oldu\u011funu hat\u0131rlatan Bakan G\u00fcnay, halihaz\u0131rda kullan\u0131lan binan\u0131n k\u00fct\u00fcphane m\u00fczesi olarak de\u011ferlendirilerek, k\u00fct\u00fcphane i\u00e7in yeni bir bina in\u015fa edilmesi konusunun g\u00fcndeme geldi\u011fini dile getirdi.&#8221;<\/p>\n<p style=\"text-align: justify;\">Kaynak: http:\/\/www.f5haber.com<\/p>\n","protected":false},"excerpt":{"rendered":"<p>&#8220;K\u00dcLT\u00dcR ve Turizm Bakan\u0131 Ertu\u011frul G\u00fcnay, Kemeralt\u0131&#8217;nda bulunan tarihi han, cami, \u00e7e\u015fme ve \u015fad\u0131rvanlar\u0131 tek tek gezerek inceleme yapt\u0131. Milli K\u00fct\u00fcphane&#8217;yi ziyaret eden Bakan G\u00fcnay, Milli K\u00fct\u00fcphane Vakf\u0131 Ba\u015fkan\u0131 Ulvi Pu\u011f ve y\u00f6neticiler ile uzun s\u00fcre g\u00f6r\u00fc\u015ft\u00fc. G\u00f6r\u00fc\u015fme sonunda a\u00e7\u0131klama yapan Bakan G\u00fcnay, k\u00fct\u00fcphaneyi gezen ilk K\u00fclt\u00fcr ve Turizm Bakan\u0131 olmaktan dolay\u0131 b\u00fcy\u00fck mutluluk duydu\u011funu [&hellip;]<\/p>\n","protected":false},"author":1,"featured_media":0,"comment_status":"open","ping_status":"open","sticky":false,"template":"","format":"standard","meta":{"footnotes":""},"categories":[1,1581],"tags":[250,164],"class_list":["post-2367","post","type-post","status-publish","format-standard","hentry","category-genel","category-izmir-milli-kutuphane","tag-basma-yazi-ve-eserleri-derleme-kanunu","tag-derleme-kanunu"],"_links":{"self":[{"href":"https:\/\/www.bbyhaber.com\/bby\/wp-json\/wp\/v2\/posts\/2367"}],"collection":[{"href":"https:\/\/www.bbyhaber.com\/bby\/wp-json\/wp\/v2\/posts"}],"about":[{"href":"https:\/\/www.bbyhaber.com\/bby\/wp-json\/wp\/v2\/types\/post"}],"author":[{"embeddable":true,"href":"https:\/\/www.bbyhaber.com\/bby\/wp-json\/wp\/v2\/users\/1"}],"replies":[{"embeddable":true,"href":"https:\/\/www.bbyhaber.com\/bby\/wp-json\/wp\/v2\/comments?post=2367"}],"version-history":[{"count":0,"href":"https:\/\/www.bbyhaber.com\/bby\/wp-json\/wp\/v2\/posts\/2367\/revisions"}],"wp:attachment":[{"href":"https:\/\/www.bbyhaber.com\/bby\/wp-json\/wp\/v2\/media?parent=2367"}],"wp:term":[{"taxonomy":"category","embeddable":true,"href":"https:\/\/www.bbyhaber.com\/bby\/wp-json\/wp\/v2\/categories?post=2367"},{"taxonomy":"post_tag","embeddable":true,"href":"https:\/\/www.bbyhaber.com\/bby\/wp-json\/wp\/v2\/tags?post=2367"}],"curies":[{"name":"wp","href":"https:\/\/api.w.org\/{rel}","templated":true}]}}